{"id":509288,"date":"2026-06-22T09:03:40","date_gmt":"2026-06-22T09:03:40","guid":{"rendered":"https:\/\/www.europesays.com\/pl\/509288\/"},"modified":"2026-06-22T09:03:40","modified_gmt":"2026-06-22T09:03:40","slug":"zelenski-uderza-w-nawrockiego-porownal-go-do-orbana","status":"publish","type":"post","link":"https:\/\/www.europesays.com\/pl\/509288\/","title":{"rendered":"Ze\u0142enski uderza w Nawrockiego. Por\u00f3wna\u0142 go do Orbana"},"content":{"rendered":"<p class=\"ods-o-quote__paragraph\">\u2014 Widz\u0119 w tym wy\u0142\u0105cznie proces wyborczy. Prezydent Karol Nawrocki walczy o pozycj\u0119 swojej partii wobec premiera (Donalda) Tuska. Nie mamy z tym nic wsp\u00f3lnego, to ich wewn\u0119trzna sprawa \u2014 powiedzia\u0142 Ze\u0142enski w niedzielnym wywiadzie dla stacji telewizyjnej TSN, om\u00f3wionym przez portal Ukrainska Prawda.<\/p>\n<p>Wo\u0142odymyr Ze\u0142enski oceni\u0142, \u017ce prezydent Polski prowadzi wewn\u0119trzn\u0105 walk\u0119 polityczn\u0105, podsycaj\u0105c nastroje niech\u0119ci do Ukrai\u0144c\u00f3w.<\/p>\n<p class=\"ods-o-quote__paragraph\">\u2014 To jest to samo, co robi\u0142 Orban. To z\u0142a droga. Uwa\u017cam, \u017ce \u017ale si\u0119 to sko\u0144czy \u2014 o\u015bwiadczy\u0142 Ze\u0142enski.<\/p>\n<p>Podkre\u015bli\u0142, \u017ce &#8222;na nienawi\u015bci nie mo\u017cna osi\u0105ga\u0107 politycznych korzy\u015bci, poniewa\u017c w d\u0142u\u017cszej perspektywie prowadzi to do pogorszenia relacji mi\u0119dzy narodami&#8221;.<\/p>\n<p>Ujawni\u0142 r\u00f3wnie\u017c, \u017ce podczas pierwszego spotkania z Nawrockim w Polsce otrzyma\u0142 od niego ksi\u0105\u017ck\u0119 po\u015bwi\u0119con\u0105 tragedii wo\u0142y\u0144skiej.<\/p>\n<p class=\"ods-o-quote__paragraph\">\u2014 Przyjecha\u0142em do niego, a jego prezentem dla mnie przy powitaniu by\u0142a ksi\u0105\u017cka o tragedii wo\u0142y\u0144skiej. Nigdy o tym nie m\u00f3wi\u0142em. Nie m\u00f3wi\u0142em o tym ludziom. Spokojnie z tym \u017cy\u0142em. Teraz m\u00f3wi\u0119 o tym otwarcie, poniewa\u017c podejmuje dzia\u0142ania, kt\u00f3re uwa\u017cam za niew\u0142a\u015bciwe \u2014 powiedzia\u0142 prezydent Ukrainy.<\/p>\n<p>Doda\u0142, \u017ce w Polsce &#8222;nie ma monarchii, lecz demokracja&#8221;, dlatego powinna budowa\u0107 relacje z Ukrain\u0105, kt\u00f3ra obecnie broni Europy, w tym tak\u017ce Polski.<\/p>\n<p>W sobot\u0119 prezydent Ze\u0142enski o\u015bwiadczy\u0142, \u017ce odes\u0142a\u0142 Order Or\u0142a Bia\u0142ego prezydentowi Nawrockiemu. Dzie\u0144 wcze\u015bniej Nawrocki og\u0142osi\u0142, \u017ce odbiera Ze\u0142enskiemu to najwy\u017csze polskie odznaczenie w zwi\u0105zku z nadaniem jednej z jednostek Si\u0142 Zbrojnych Ukrainy imienia &#8222;Bohater\u00f3w UPA&#8221;.<\/p>\n<p>W reakcji na odebranie Ze\u0142enskiemu Orderu Or\u0142a Bia\u0142ego polskich odznacze\u0144 pa\u0144stwowych zrzekli si\u0119: minister spraw zagranicznych Ukrainy Andrij Sybiha, szef Biura Prezydenta Ukrainy Kyry\u0142o Budanow, jego zast\u0119pca Ihor \u017bowkwa oraz ambasador Ukrainy w Polsce Wasyl Bodnar.<\/p>\n<p>By\u0142y prezydent Ukrainy Leonid Kuczma zrzek\u0142 si\u0119 przyznanego mu w 1997 r. Orderu Or\u0142a Bia\u0142ego. Jego nast\u0119pca Wiktor Juszczenko, a tak\u017ce poprzednik prezydenta Ze\u0142enskiego Petro Poroszenko r\u00f3wnie\u017c podj\u0119li decyzj\u0119 o zrzeczeniu si\u0119 najwy\u017cszego polskiego odznaczenia.<\/p>\n<p>Nawrocki swoj\u0105 decyzj\u0119 o odebranie Ze\u0142enskiemu Orderu Or\u0142a Bia\u0142ego og\u0142osi\u0142 w pi\u0105tek. W opublikowanym nagraniu podkre\u015bli\u0142, \u017ce ta decyzja &#8222;nie jest przeciwko narodowi ukrai\u0144skiemu&#8221; i &#8222;nie oznacza zmiany strategicznego kierunku polskiej polityki bezpiecze\u0144stwa&#8221;. Doda\u0142, \u017ce &#8222;nic si\u0119 nie zmieni\u0142o&#8221; w kwestii wsparcia Ukrainy w walce z Rosj\u0105.<\/p>\n<p>Premier Tusk, po og\u0142oszeniu decyzji przez Nawrockiego, napisa\u0142 na platformie X, \u017ce &#8222;konflikt mi\u0119dzy Polsk\u0105 i Ukrain\u0105 cieszy Putina i szokuje naszych sojusznik\u00f3w&#8221;.<\/p>\n<p class=\"ods-o-quote__paragraph\">\u2014 Zadaniem prezydent\u00f3w Ze\u0142enskiego i Nawrockiego jest tonowanie emocji, a nie podsycanie napi\u0119cia. Linia frontu przebiega gdzie indziej \u2014 o\u015bwiadczy\u0142 szef polskiego rz\u0105du.<\/p>\n<p>Ze\u0142enski zosta\u0142 odznaczony Orderem Or\u0142a Bia\u0142ego w kwietniu 2023 r. przez \u00f3wczesnego prezydenta Andrzeja Dud\u0119 &#8222;w uznaniu znamienitych zas\u0142ug w pog\u0142\u0119bianiu przyjaznych i wszechstronnych stosunk\u00f3w mi\u0119dzy Polsk\u0105 a Ukrain\u0105, za rozwijanie wsp\u00f3\u0142pracy na rzecz demokracji, pokoju i bezpiecze\u0144stwa w Europie oraz niez\u0142omno\u015b\u0107 w obronie niezbywalnych praw cz\u0142owieka&#8221;.<\/p>\n<p>Pod koniec maja prezydent Ukrainy nada\u0142 imi\u0119 &#8222;Bohater\u00f3w UPA&#8221; jednej z jednostek wojskowych w swym kraju. Decyzja ta wywo\u0142a\u0142a w Polsce fal\u0119 krytyki \u2014 negatywnie ocenili j\u0105 m.in. premier Tusk, szef MON W\u0142adys\u0142aw Kosiniak-Kamysz czy resort dyplomacji. W ubieg\u0142ym tygodniu Kapitu\u0142a Orderu Or\u0142a Bia\u0142ego na pro\u015bb\u0119 prezydenta debatowa\u0142a nad odebraniem odznaczenia Ze\u0142enskiemu i przedstawi\u0142a Nawrockiemu opini\u0119 w tej sprawie.<\/p>\n","protected":false},"excerpt":{"rendered":"\u2014 Widz\u0119 w tym wy\u0142\u0105cznie proces wyborczy. Prezydent Karol Nawrocki walczy o pozycj\u0119 swojej partii wobec premiera (Donalda)&hellip;\n","protected":false},"author":2,"featured_media":509289,"comment_status":"","ping_status":"","sticky":false,"template":"","format":"standard","meta":{"footnotes":"","_share_on_mastodon":"0"},"categories":[62712],"tags":[27365,61195,399,690,48,46,55,47],"class_list":["post-509288","post","type-post","status-publish","format-standard","has-post-thumbnail","category-karol-nawrocki","tag-belsatpl","tag-bottomfeed_styl","tag-informacje","tag-karol-nawrocki","tag-nat_styl","tag-omp","tag-phx","tag-screening_general"],"share_on_mastodon":{"url":"https:\/\/pubeurope.com\/@pl\/116792957914124822","error":""},"_links":{"self":[{"href":"https:\/\/www.europesays.com\/pl\/wp-json\/wp\/v2\/posts\/509288","targetHints":{"allow":["GET"]}}],"collection":[{"href":"https:\/\/www.europesays.com\/pl\/wp-json\/wp\/v2\/posts"}],"about":[{"href":"https:\/\/www.europesays.com\/pl\/wp-json\/wp\/v2\/types\/post"}],"author":[{"embeddable":true,"href":"https:\/\/www.europesays.com\/pl\/wp-json\/wp\/v2\/users\/2"}],"replies":[{"embeddable":true,"href":"https:\/\/www.europesays.com\/pl\/wp-json\/wp\/v2\/comments?post=509288"}],"version-history":[{"count":0,"href":"https:\/\/www.europesays.com\/pl\/wp-json\/wp\/v2\/posts\/509288\/revisions"}],"wp:featuredmedia":[{"embeddable":true,"href":"https:\/\/www.europesays.com\/pl\/wp-json\/wp\/v2\/media\/509289"}],"wp:attachment":[{"href":"https:\/\/www.europesays.com\/pl\/wp-json\/wp\/v2\/media?parent=509288"}],"wp:term":[{"taxonomy":"category","embeddable":true,"href":"https:\/\/www.europesays.com\/pl\/wp-json\/wp\/v2\/categories?post=509288"},{"taxonomy":"post_tag","embeddable":true,"href":"https:\/\/www.europesays.com\/pl\/wp-json\/wp\/v2\/tags?post=509288"}],"curies":[{"name":"wp","href":"https:\/\/api.w.org\/{rel}","templated":true}]}}