{"id":509619,"date":"2026-06-22T12:16:13","date_gmt":"2026-06-22T12:16:13","guid":{"rendered":"https:\/\/www.europesays.com\/pl\/509619\/"},"modified":"2026-06-22T12:16:13","modified_gmt":"2026-06-22T12:16:13","slug":"ukraina-zaatakowala-moskwe-dronami-po-raz-czwarty-w-ciagu-tygodnia","status":"publish","type":"post","link":"https:\/\/www.europesays.com\/pl\/509619\/","title":{"rendered":"Ukraina zaatakowa\u0142a Moskw\u0119 dronami. Po raz czwarty w ci\u0105gu tygodnia"},"content":{"rendered":"<p>Co najmniej 80 dron\u00f3w<\/p>\n<p>W poniedzia\u0142ek mi\u0119dzy godzin\u0105 3.00 a 10.00 czasu lokalnego oko\u0142o 80 dron\u00f3w zosta\u0142o zestrzelonych podczas zbli\u017cania si\u0119 do miasta \u2014 napisa\u0142 burmistrz Moskwy Siergiej Sobianin w Telegramie.<\/p>\n<p>Nie poda\u0142 on informacji o ofiarach ani szkodach, zaznaczaj\u0105c jedynie, \u017ce na miejscu upadku szcz\u0105tk\u00f3w pracuj\u0105 s\u0142u\u017cby ratunkowe. Na lotnisku Szeremietiewo wprowadzono ograniczenia lot\u00f3w, a lotniska Wnukowo i Domodiedowo przyjmuj\u0105 i wysy\u0142aj\u0105 loty po wcze\u015bniejszym uzgodnieniu \u2014 poinformowa\u0142a Federalna Agencja Transportu Lotniczego (Rosawiacja). Aerof\u0142ot og\u0142osi\u0142 zmiany w rozk\u0142adach lot\u00f3w i odwo\u0142anie kilku z nich.<\/p>\n<p>Wideo: moment zestrzelenia jednego z dron\u00f3w lec\u0105cego w stron\u0119 Moskwy<\/p>\n<p>Ukrai\u0144skie kana\u0142y monitoringu Exilenova+ i Supernova+ opublikowa\u0142y nagrania dron\u00f3w lataj\u0105cych nad r\u00f3\u017cnymi miastami obwodu moskiewskiego. Naoczni \u015bwiadkowie poinformowali r\u00f3wnie\u017c o rozmieszczeniu mobilnego systemu obrony przeciwlotniczej na mo\u015bcie w pobli\u017cu centrum handlowego Sadowod, kt\u00f3rego jedna pi\u0105ta sp\u0142on\u0119\u0142a po ukrai\u0144skim ataku 18 czerwca. Centrum jest obecnie zamkni\u0119te i ma pozosta\u0107 zamkni\u0119te co najmniej do \u015brody \u2014 poda\u0142y moskiewskie media.<\/p>\n<p>Sztab Generalny ukrai\u0144skiego wojska poinformowa\u0142 tymczasem, \u017ce ukrai\u0144skie pociski trafi\u0142y w centrum \u0142\u0105czno\u015bci w obwodzie moskiewskim.<\/p>\n<p>Mer Moskwy zhakowany<\/p>\n<p>W przeddzie\u0144 kolejnego ukrai\u0144skiego ataku mer Moskwy napotka\u0142 problemy z komunikacj\u0105 z mieszka\u0144cami swojego miasta. W niedzielny wiecz\u00f3r kana\u0142 Siergieja Sobianina zosta\u0142 zhakowany \u2014 poda\u0142a Mediazona. Urz\u0119dnik wykorzystuje go aktywnie m.in. do informowania Moskwian o ukrai\u0144skich atakach i sukcesach rosyjskiej obrony przeciwlotniczej.<\/p>\n<p>Nieznane osoby zamie\u015bci\u0142y tam wiadomo\u015bci &#8222;Moskwa b\u0119dzie p\u0142on\u0105\u0107&#8221; i &#8222;Chwa\u0142a Ukrainie!&#8221;, emotikony z ukrai\u0144skimi flagami, linki do zbi\u00f3rki funduszy na drony dla ukrai\u0144skich \u017co\u0142nierzy i inne wiadomo\u015bci.<\/p>\n<p>     <img class=\"ods-a-photo ods-a-photo--background\" src=\"https:\/\/www.europesays.com\/pl\/wp-content\/uploads\/2026\/06\/iZfk9lGaHR0cHM6Ly9vY2RuLmV1L3B1bHNjbXMvTURBXy84MmU0NzNkNS1lNjZlLTQwYWQtOWI3OC0wMjNjMzczM2M1YmUuanBlZ.jpeg\" height=\"530\" width=\"940\" alt=\"Na telegramowym profilu mera Moskwy pojawi\u0142o si\u0119 dziesi\u0105tki wpis\u00f3w &quot;Moskwa b\u0119dzie p\u0142on\u0105\u0107&quot;. Zrzut ekrany Mediazona\" loading=\"lazy\" fetchpriority=\"auto\" decoding=\"auto\"\/>    <\/p>\n<p>Partner Centrum Europy<\/p>\n<p>  Na telegramowym profilu mera Moskwy pojawi\u0142o si\u0119 dziesi\u0105tki wpis\u00f3w &#8222;Moskwa b\u0119dzie p\u0142on\u0105\u0107&#8221;. Zrzut ekrany Mediazona  <\/p>\n<p>Wiadomo\u015bci te zosta\u0142y usuni\u0119te w ci\u0105gu kilku minut. Kana\u0142 na chwil\u0119 sta\u0142 si\u0119 niedost\u0119pny, ale p\u00f3\u017aniej pojawi\u0142 si\u0119 ponownie \u2014 ju\u017c bez tych wpis\u00f3w. Wpisy te, w tym ten o zbi\u00f3rce na drony, zachowa\u0142y si\u0119 jednak w TG Stat.<\/p>\n<p>Kolejny taki atak<\/p>\n<p>W czwartek 18 czerwca dosz\u0142o do rekordowego nalotu na stolic\u0119 Rosji od pocz\u0105tku wojny w Ukrainie. W\u00f3wczas rzekomo zestrzelono 194 drony. G\u0142\u00f3wnym jego celem by\u0142a Moskiewska Rafineria Naftowa w Kapotni, gdzie wybuch\u0142 ogromny po\u017car. Uszkodzony zosta\u0142 r\u00f3wnie\u017c 25-pi\u0119trowy budynek mieszkalny i centrum handlowe Bie\u0142aja Dacza w podmoskiewskich Kotielnikach. Nad stolic\u0105 Rosji unosi\u0142y si\u0119 s\u0142upy czarnego dymu, a w obwodzie moskiewskim spad\u0142 &#8222;czarny deszcz&#8221;.<\/p>\n<p>Mieszka\u0144cy Lubierc\u00f3w i \u017beleznodoro\u017cnego skar\u017cyli si\u0119 na zapach spalenizny i t\u0142uste plamy na samochodach i parapetach. Na moskiewskich lotniskach op\u00f3\u017aniono lub odwo\u0142ano 527 lot\u00f3w.<\/p>\n<p>Rosyjska stolica by\u0142a atakowana te\u017c w pi\u0105tek, sobot\u0119 oraz niedziel\u0119. Podczas pi\u0105tkowego ataku Sobianin poinformowa\u0142 o rzekomym zniszczeniu 76 dron\u00f3w i braku ofiar \u015bmiertelnych lub szk\u00f3d.<\/p>\n<p>Ukrai\u0144skie drony uderzy\u0142y w miasto r\u00f3wnie\u017c we wtorek 16 czerwca, kiedy trafiona zosta\u0142a rafineria ropy naftowej w Kapotni.<\/p>\n","protected":false},"excerpt":{"rendered":"Co najmniej 80 dron\u00f3w W poniedzia\u0142ek mi\u0119dzy godzin\u0105 3.00 a 10.00 czasu lokalnego oko\u0142o 80 dron\u00f3w zosta\u0142o zestrzelonych&hellip;\n","protected":false},"author":2,"featured_media":509620,"comment_status":"","ping_status":"","sticky":false,"template":"","format":"standard","meta":{"footnotes":"","_share_on_mastodon":"0"},"categories":[14],"tags":[27365,61195,32,33,27,399,34,35,28,31,48,25,46,55,40,41,47,80,29,30,26,82,83,84],"class_list":["post-509619","post","type-post","status-publish","format-standard","has-post-thumbnail","category-swiat","tag-belsatpl","tag-bottomfeed_styl","tag-breaking-news","tag-breakingnews","tag-headlines","tag-informacje","tag-latest-news","tag-latestnews","tag-naglowki","tag-najwazniejsze-artykuly","tag-nat_styl","tag-news","tag-omp","tag-phx","tag-polish","tag-polski","tag-screening_general","tag-swiat","tag-top-stories","tag-topstories","tag-wiadomosci","tag-world","tag-world-news","tag-worldnews"],"share_on_mastodon":{"url":"https:\/\/pubeurope.com\/@pl\/116793716684400173","error":""},"_links":{"self":[{"href":"https:\/\/www.europesays.com\/pl\/wp-json\/wp\/v2\/posts\/509619","targetHints":{"allow":["GET"]}}],"collection":[{"href":"https:\/\/www.europesays.com\/pl\/wp-json\/wp\/v2\/posts"}],"about":[{"href":"https:\/\/www.europesays.com\/pl\/wp-json\/wp\/v2\/types\/post"}],"author":[{"embeddable":true,"href":"https:\/\/www.europesays.com\/pl\/wp-json\/wp\/v2\/users\/2"}],"replies":[{"embeddable":true,"href":"https:\/\/www.europesays.com\/pl\/wp-json\/wp\/v2\/comments?post=509619"}],"version-history":[{"count":0,"href":"https:\/\/www.europesays.com\/pl\/wp-json\/wp\/v2\/posts\/509619\/revisions"}],"wp:featuredmedia":[{"embeddable":true,"href":"https:\/\/www.europesays.com\/pl\/wp-json\/wp\/v2\/media\/509620"}],"wp:attachment":[{"href":"https:\/\/www.europesays.com\/pl\/wp-json\/wp\/v2\/media?parent=509619"}],"wp:term":[{"taxonomy":"category","embeddable":true,"href":"https:\/\/www.europesays.com\/pl\/wp-json\/wp\/v2\/categories?post=509619"},{"taxonomy":"post_tag","embeddable":true,"href":"https:\/\/www.europesays.com\/pl\/wp-json\/wp\/v2\/tags?post=509619"}],"curies":[{"name":"wp","href":"https:\/\/api.w.org\/{rel}","templated":true}]}}