{"id":509760,"date":"2026-06-22T13:40:11","date_gmt":"2026-06-22T13:40:11","guid":{"rendered":"https:\/\/www.europesays.com\/pl\/509760\/"},"modified":"2026-06-22T13:40:11","modified_gmt":"2026-06-22T13:40:11","slug":"keir-starmer-rezygnuje-szanse-andyego-burnhama-rosna-poparl-go-glowny-rywal","status":"publish","type":"post","link":"https:\/\/www.europesays.com\/pl\/509760\/","title":{"rendered":"Keir Starmer rezygnuje. Szanse Andy&#8217;ego Burnhama rosn\u0105. Popar\u0142 go g\u0142\u00f3wny rywal"},"content":{"rendered":"<p>Wes Streeting, by\u0142y minister zdrowia, by\u0142 praktycznie jedynym realnym kandydatem, kt\u00f3ry m\u00f3g\u0142by stan\u0105\u0107 do walki z Andym Burnhamem. Wielokrotnie <a href=\"https:\/\/www.onet.pl\/informacje\/onetwiadomosci\/wes-streeting-nie-chce-wojny-domowej-ale-wlasnie-przygotowuje-sie-do-bitwy\/hnpf9x7,79cfc278\" id=\"e387d388-82d5-4e66-8111-86f9dbcc7920\" rel=\"nofollow noopener\" target=\"_blank\">zapewnia\u0142, \u017ce wystartuje<\/a>, mimo i\u017c rywale w\u0105tpili, czy uda mu si\u0119 zdoby\u0107 poparcie 80 pos\u0142\u00f3w, kt\u00f3rych potrzebowa\u0142.<\/p>\n<p>Jednak teraz Streeting si\u0119 wycofa\u0142, pisz\u0105c na platformie X, \u017ce w ostatnich dniach d\u0142ugo rozmawia\u0142 z Burnhamem. By\u0142y minister wierzy, \u017ce jego pomys\u0142y zostan\u0105 wzi\u0119te pod uwag\u0119 pod przyw\u00f3dztwem Burnhama. Zesp\u00f3\u0142 Streetinga podkre\u015bla jednak, \u017ce nie zawarto \u017cadnego &#8222;uk\u0142adu&#8221;.<\/p>\n<p> Oznacza to, \u017ce je\u015bli \u017caden z sojusznik\u00f3w Starmera nie zdob\u0119dzie poparcia 80 pos\u0142\u00f3w, albo nie pojawi si\u0119 niespodziewany kandydat, jak <a href=\"https:\/\/www.onet.pl\/informacje\/onetwiadomosci\/kto-zastapi-brytyjskiego-premiera-jednym-z-typow-jest-byly-komandos\/drqfbm0,79cfc278\" id=\"74158399-1775-4b48-a4f0-cc5c5b645066\" rel=\"nofollow noopener\" target=\"_blank\">by\u0142y minister si\u0142 zbrojnych Al Carns<\/a>, w wyborach wystartuje tylko jeden kandydat \u2014 Andy Burnham.Przyspieszony harmonogram<\/p>\n<p>To ma ogromne znaczenie, nie tylko dla przebiegu samej rywalizacji, ale te\u017c dla terminu powstania nowego rz\u0105du. Wielu zwolennik\u00f3w Burnhama chcia\u0142o, by wkroczy\u0142 do parlamentu jako premier we wrze\u015bniu, co da\u0142oby mu czas na dopracowanie programu politycznego. Teraz jednak wygl\u0105da na to, \u017ce ta szansa zostanie mu odebrana.<\/p>\n<p>Wed\u0142ug otoczenia Starmera, je\u015bli odb\u0119d\u0105 si\u0119 pe\u0142ne wybory na lidera partii, nowy premier obj\u0105\u0142by urz\u0105d do 1 wrze\u015bnia. Ale je\u015bli nie dojdzie do rywalizacji, nowy premier zacznie prac\u0119 ju\u017c 17 lub 18 lipca.<\/p>\n<p>To ogromne wyzwanie, jakie Starmer postawia swojemu nast\u0119pcy. Nie jest jasne, czy Burnham zd\u0105\u017cy si\u0119 przygotowa\u0107 i poprowadzi\u0107 Wielk\u0105 Brytani\u0119 na pe\u0142en politycznych wyzwa\u0144 szczyt UK-UE ju\u017c 22 lipca, zaledwie kilka dni po obj\u0119ciu urz\u0119du.<\/p>\n","protected":false},"excerpt":{"rendered":"Wes Streeting, by\u0142y minister zdrowia, by\u0142 praktycznie jedynym realnym kandydatem, kt\u00f3ry m\u00f3g\u0142by stan\u0105\u0107 do walki z Andym Burnhamem.&hellip;\n","protected":false},"author":2,"featured_media":509761,"comment_status":"","ping_status":"","sticky":false,"template":"","format":"standard","meta":{"footnotes":"","_share_on_mastodon":"0"},"categories":[14],"tags":[98676,61195,32,33,27,12071,34,35,28,31,48,25,46,55,40,1314,41,47,80,29,30,26,79,82,83,84],"class_list":["post-509760","post","type-post","status-publish","format-standard","has-post-thumbnail","category-swiat","tag-andy_burnham","tag-bottomfeed_styl","tag-breaking-news","tag-breakingnews","tag-headlines","tag-keir_starmer","tag-latest-news","tag-latestnews","tag-naglowki","tag-najwazniejsze-artykuly","tag-nat_styl","tag-news","tag-omp","tag-phx","tag-polish","tag-politico","tag-polski","tag-screening_general","tag-swiat","tag-top-stories","tag-topstories","tag-wiadomosci","tag-wielka_brytania","tag-world","tag-world-news","tag-worldnews"],"share_on_mastodon":{"url":"https:\/\/pubeurope.com\/@pl\/116794046801402254","error":""},"_links":{"self":[{"href":"https:\/\/www.europesays.com\/pl\/wp-json\/wp\/v2\/posts\/509760","targetHints":{"allow":["GET"]}}],"collection":[{"href":"https:\/\/www.europesays.com\/pl\/wp-json\/wp\/v2\/posts"}],"about":[{"href":"https:\/\/www.europesays.com\/pl\/wp-json\/wp\/v2\/types\/post"}],"author":[{"embeddable":true,"href":"https:\/\/www.europesays.com\/pl\/wp-json\/wp\/v2\/users\/2"}],"replies":[{"embeddable":true,"href":"https:\/\/www.europesays.com\/pl\/wp-json\/wp\/v2\/comments?post=509760"}],"version-history":[{"count":0,"href":"https:\/\/www.europesays.com\/pl\/wp-json\/wp\/v2\/posts\/509760\/revisions"}],"wp:featuredmedia":[{"embeddable":true,"href":"https:\/\/www.europesays.com\/pl\/wp-json\/wp\/v2\/media\/509761"}],"wp:attachment":[{"href":"https:\/\/www.europesays.com\/pl\/wp-json\/wp\/v2\/media?parent=509760"}],"wp:term":[{"taxonomy":"category","embeddable":true,"href":"https:\/\/www.europesays.com\/pl\/wp-json\/wp\/v2\/categories?post=509760"},{"taxonomy":"post_tag","embeddable":true,"href":"https:\/\/www.europesays.com\/pl\/wp-json\/wp\/v2\/tags?post=509760"}],"curies":[{"name":"wp","href":"https:\/\/api.w.org\/{rel}","templated":true}]}}