{"id":509762,"date":"2026-06-22T13:41:07","date_gmt":"2026-06-22T13:41:07","guid":{"rendered":"https:\/\/www.europesays.com\/pl\/509762\/"},"modified":"2026-06-22T13:41:07","modified_gmt":"2026-06-22T13:41:07","slug":"dawid-bratko-zatrzymany-w-tanzanii-onet-odnalazl-krola-dopalaczy-na-zanzibarze","status":"publish","type":"post","link":"https:\/\/www.europesays.com\/pl\/509762\/","title":{"rendered":"Dawid Bratko zatrzymany w Tanzanii. Onet odnalaz\u0142 &#8222;Kr\u00f3la dopalaczy&#8221; na Zanzibarze"},"content":{"rendered":"<p>\u2014 Dawid B. zosta\u0142 zatrzymany w zwi\u0105zku ze skierowanymi wnioskami o jego wydanie z terytorium Tanzanii \u2014 poinformowa\u0142a Onet w poniedzia\u0142ek prok. Anna Adamiak, rzecznik Waldemara \u017burka, prokuratora generalnego, po naszych pytaniach do Prokuratury Krajowej.<\/p>\n<p>Zgodnie z listem go\u0144czym w policyjnej bazie &#8222;B.&#8221; to Dawid Bratko, znany jako &#8222;Kr\u00f3l dopalaczy&#8221;. \u015aciga go Prokuratura Okr\u0119gowa w Gliwicach, jednak ta od miesi\u0119cy nie udziela informacji o zbiegu, zas\u0142aniaj\u0105c si\u0119 &#8222;dobrem tocz\u0105cego si\u0119 post\u0119powania i konieczno\u015bci\u0105 zachowania w tajemnicy jego ustale\u0144&#8221;.<\/p>\n<p>Ale w poniedzia\u0142ek prok. Adamiak ujawni\u0142a, \u017ce do zatrzymania dosz\u0142o ju\u017c 16 kwietnia, czyli nied\u0142ugo <a href=\"https:\/\/www.onet.pl\/informacje\/onetlodz\/gdzie-zniknal-dawid-bratko-prawnik-wskazuje-kraj-w-afryce\/xt3bsqq,79cfc278\" id=\"01ba1676-8da7-4973-9952-fa4916b62cf7\" rel=\"nofollow noopener\" target=\"_blank\">po cyklu naszych publikacji o Tanzanii jako kraju, w kt\u00f3rym ukrywa si\u0119 &#8222;Kr\u00f3l dopalaczy&#8221;<\/a>.     <\/p>\n<p>\u2014 Obecnie oczekujemy na aktualne informacje o stanie post\u0119powania ekstradycyjnego \u2014 precyzuje rzeczniczka.<\/p>\n<p>Z wiadomo\u015bci od prok. Adamiak wynika, \u017ce polski wymiar sprawiedliwo\u015bci pierwszy raz wyst\u0105pi\u0142 do w\u0142adz Tanzanii o powr\u00f3t zbiega do ojczyzny pod koniec 2024 r., a potem te wyst\u0105pienia ponawia\u0142.<\/p>\n<p>Rzeczniczka nie ma wiedzy, czy po zatrzymaniu z kwietnia 2026 r. Polak przebywa w areszcie, czy te\u017c np. zosta\u0142y wobec niego orzeczone inne \u015brodki prawne ograniczaj\u0105ce wolno\u015b\u0107.<\/p>\n<p>      Dalszy ci\u0105g artyku\u0142u pod materia\u0142em wideo Dawid Bratko uznawa\u0142 swoich klient\u00f3w za &#8222;debili&#8221;<\/p>\n<p>Przypomnijmy, \u017ce &#8222;Kr\u00f3l dopalaczy&#8221; znikn\u0105\u0142 przed 2023 r., w kt\u00f3rym \u2014 bez jego obecno\u015bci w s\u0105dzie \u2014 zapad\u0142 prawomocny wyrok skazuj\u0105cy Bratk\u0119 na cztery lata i dziesi\u0119\u0107 miesi\u0119cy wi\u0119zienia. To kara m.in. za produkcj\u0119 dopalaczy w poprzedniej dekadzie.<\/p>\n<p>Obecnie 39-letni \u0141odzianin zacz\u0105\u0142 by\u0107 nazywany &#8222;Kr\u00f3lem dopalaczy&#8221; ok. 2010 r., gdy rozkr\u0119ca\u0142 najwi\u0119ksz\u0105 sie\u0107 sklep\u00f3w \u2014 a\u017c 127 w r\u00f3\u017cnych regionach Polski \u2014 z tymi substancjami. Na pocz\u0105tku dzia\u0142alno\u015bci <a href=\"https:\/\/www.newsweek.pl\/polska\/moi-klienci-to-debile\/406m3sd\" id=\"bbecafed-b5ef-4d35-85b6-4bc47d56cadd\" rel=\"nofollow noopener\" target=\"_blank\">Bratko, uznaj\u0105cy swoich klient\u00f3w za &#8222;debili&#8221;<\/a>, korzysta\u0142 z \u00f3wczesnej luki w prawie: dopiero potem dopalacze zosta\u0142y zr\u00f3wnane w przepisach z narkotykami.     <\/p>\n<p>Ponadto w styczniu 2026 r. przed S\u0105dem Okr\u0119gowym w \u0141odzi ruszy\u0142a sprawa 13 os\u00f3b oskar\u017conych o handel nielegalnymi substancjami w internecie. Jednak brakuje w\u015br\u00f3d nich Bratki, uwa\u017canego za &#8222;m\u00f3zg&#8221; tego procederu.<\/p>\n<p>Nowe \u017cycie &#8222;Kr\u00f3la dopalaczy&#8221; na Zanzibarze<\/p>\n<p>Na pocz\u0105tku kwietnia Onet opisa\u0142 nowe \u017cycie Dawida Bratki na Zanzibarze, czyli na wyspie nale\u017c\u0105cej do Tanzanii. &#8222;Kr\u00f3l dopalaczy&#8221; rozpocz\u0105\u0142 je jako mened\u017cer hoteliku Shoki Shoki, uchodz\u0105c za cz\u0142owieka, dzi\u0119ki kt\u00f3remu turysta mo\u017ce si\u0119 poczu\u0107 w Afryce jak w domu.<\/p>\n<p>Jednym z dowod\u00f3w na obecno\u015b\u0107 Bratki w Tanzanii okaza\u0142o si\u0119 zdj\u0119cie z wyprawy na Kilimand\u017caro, opublikowane na witrynie miejscowej firmy turystycznej, z kt\u00f3r\u0105 wsp\u00f3\u0142pracowa\u0142 zbieg.<\/p>\n<p>Dlaczego Tanzania?\u2014 Zak\u0142adam, \u017ce zdecydowa\u0142y wzgl\u0119dy praktyczne. Nie ma unormowanej przepisami \u015bcie\u017cki wsp\u00f3\u0142pracy mi\u0119dzy Polsk\u0105 a Tanzani\u0105 w sprawach karnych, a tym bardziej w sprawach ekstradycyjnych \u2014 <a href=\"https:\/\/wiadomosci.onet.pl\/kraj\/czemu-krol-dopalaczy-uciekl-na-zanzibar-ekspert-tlumaczy-wybor-dawida-bratki\/41de04w\" id=\"ff207a93-c5fa-43cb-abab-980e79ddc1b2\" rel=\"nofollow noopener\" target=\"_blank\">komentowa\u0142 w Onecie radca prawny dr Pawe\u0142 Go\u0142\u0119biewski<\/a>, szef Praktyki Przest\u0119pczo\u015bci Mi\u0119dzynarodowej i Obs\u0142ugi Klienta Zagranicznego w Kancelarii Kope\u0107 &amp; Zaborowski.<\/p>\n","protected":false},"excerpt":{"rendered":"\u2014 Dawid B. zosta\u0142 zatrzymany w zwi\u0105zku ze skierowanymi wnioskami o jego wydanie z terytorium Tanzanii \u2014 poinformowa\u0142a&hellip;\n","protected":false},"author":2,"featured_media":509763,"comment_status":"","ping_status":"","sticky":false,"template":"","format":"standard","meta":{"footnotes":"","_share_on_mastodon":"0"},"categories":[12],"tags":[61195,32,33,99197,59200,36,37,27,49,34,35,28,31,4410,48,25,46,42,38,40,39,41,47,19482,29,30,26,59199],"class_list":["post-509762","post","type-post","status-publish","format-standard","has-post-thumbnail","category-polska","tag-bottomfeed_styl","tag-breaking-news","tag-breakingnews","tag-dawid_bratko","tag-dopalacze","tag-featured-news","tag-featurednews","tag-headlines","tag-kraj","tag-latest-news","tag-latestnews","tag-naglowki","tag-najwazniejsze-artykuly","tag-narkotyki","tag-nat_styl","tag-news","tag-omp","tag-pl","tag-poland","tag-polish","tag-polska","tag-polski","tag-screening_general","tag-tanzania","tag-top-stories","tag-topstories","tag-wiadomosci","tag-zanzibar"],"share_on_mastodon":{"url":"https:\/\/pubeurope.com\/@pl\/116794050969987864","error":""},"_links":{"self":[{"href":"https:\/\/www.europesays.com\/pl\/wp-json\/wp\/v2\/posts\/509762","targetHints":{"allow":["GET"]}}],"collection":[{"href":"https:\/\/www.europesays.com\/pl\/wp-json\/wp\/v2\/posts"}],"about":[{"href":"https:\/\/www.europesays.com\/pl\/wp-json\/wp\/v2\/types\/post"}],"author":[{"embeddable":true,"href":"https:\/\/www.europesays.com\/pl\/wp-json\/wp\/v2\/users\/2"}],"replies":[{"embeddable":true,"href":"https:\/\/www.europesays.com\/pl\/wp-json\/wp\/v2\/comments?post=509762"}],"version-history":[{"count":0,"href":"https:\/\/www.europesays.com\/pl\/wp-json\/wp\/v2\/posts\/509762\/revisions"}],"wp:featuredmedia":[{"embeddable":true,"href":"https:\/\/www.europesays.com\/pl\/wp-json\/wp\/v2\/media\/509763"}],"wp:attachment":[{"href":"https:\/\/www.europesays.com\/pl\/wp-json\/wp\/v2\/media?parent=509762"}],"wp:term":[{"taxonomy":"category","embeddable":true,"href":"https:\/\/www.europesays.com\/pl\/wp-json\/wp\/v2\/categories?post=509762"},{"taxonomy":"post_tag","embeddable":true,"href":"https:\/\/www.europesays.com\/pl\/wp-json\/wp\/v2\/tags?post=509762"}],"curies":[{"name":"wp","href":"https:\/\/api.w.org\/{rel}","templated":true}]}}