{"id":510011,"date":"2026-06-22T16:08:11","date_gmt":"2026-06-22T16:08:11","guid":{"rendered":"https:\/\/www.europesays.com\/pl\/510011\/"},"modified":"2026-06-22T16:08:11","modified_gmt":"2026-06-22T16:08:11","slug":"eksplozja-w-katarskim-gazoporcie-wiemy-jak-wplynie-to-na-polakow","status":"publish","type":"post","link":"https:\/\/www.europesays.com\/pl\/510011\/","title":{"rendered":"Eksplozja w katarskim gazoporcie. Wiemy, jak wp\u0142ynie to na Polak\u00f3w"},"content":{"rendered":"<p>W czasach, kiedy blokowana jest cie\u015bnina Ormuz, a co za tym idzie znaczna cz\u0119\u015b\u0107 dostaw ropy naftowej, odci\u0119cie najwi\u0119kszego \u017ar\u00f3d\u0142a gazu ziemnego dla \u015bwiata mo\u017ce by\u0107 powa\u017cnym ciosem dla energetyki i przemys\u0142u. Z automatu wi\u0119c nasuwaj\u0105 si\u0119 pytania: dlaczego to si\u0119 sta\u0142o i dlaczego w\u0142a\u015bnie teraz? W tej kwestii jednak mamy dobr\u0105 wiadomo\u015b\u0107. Wedle ustale\u0144 w\u0142adz nie by\u0142 atak, a rezultat awarii. Co wa\u017cne, eksplozja nie wywo\u0142a\u0142a wycieku gazu, a sam po\u017car uda\u0142o si\u0119 ugasi\u0107. Nie ma wi\u0119c zagro\u017cenia dla okolicznej ludno\u015bci.\u00a0<\/p>\n<p>    Dalsza cz\u0119\u015b\u0107 tekstu pod wideo<\/p>\n<p>\n                                Co z polsk\u0105 energetyk\u0105?\n            <\/p>\n<p>Jak to jednak wp\u0142ynie na Polsk\u0119? W ko\u0144cu Katar jest jednym z dostawc\u00f3w gazu w naszym kraju. Wys\u0142ali\u015bmy w tej sprawie zapytanie do Grupy Orlen. Odpowied\u017a, kt\u00f3r\u0105 otrzymali\u015bmy, jest do\u015b\u0107 uspokajaj\u0105ca:<\/p>\n<p>        <img loading=\"lazy\" decoding=\"async\" src=\"https:\/\/www.europesays.com\/pl\/wp-content\/uploads\/2026\/06\/1782143831_607_B32963402.414688363;dc_trk_aid=607216972;dc_trk_cid=228291445;ord=[timestamp];dc_lat=;dc_rdid=;tag_f.gif\" attributionsrc=\"\" border=\"0\" height=\"1\" width=\"1\" alt=\"Advertisement\"\/><\/p>\n<p>                                &#13;<\/p>\n<p>zdarzenie w Ras Laffan nie stanowi zagro\u017cenia dla bezpiecze\u0144stwa dostaw gazu do Polski ani dla obs\u0142ugi klient\u00f3w ORLEN. Grupa ORLEN dysponuje zdywersyfikowanym portfelem dostaw, opartym m.in. na w\u0142asnym wydobyciu w Polsce i Norwegii, Baltic Pipe oraz LNG pozyskiwanym z r\u00f3\u017cnych kierunk\u00f3w \u015bwiata. Import LNG z Kataru odpowiada\u0142 w 2025 r. za ok. 10 proc. zapotrzebowania ORLEN i jego odbiorc\u00f3w, dlatego ewentualne ograniczenia z tego kierunku nie maj\u0105 kluczowego znaczenia dla bilansu dostaw. ORLEN mo\u017ce elastycznie uzupe\u0142nia\u0107 wolumeny w ramach obowi\u0105zuj\u0105cych kontrakt\u00f3w oraz na rynku spot, korzystaj\u0105c z globalnego rynku LNG. Dodatkowym zabezpieczeniem jest rozwini\u0119ta infrastruktura importowa i flota o\u015bmiu w\u0142asnych gazowc\u00f3w LNG, kt\u00f3ra zwi\u0119ksza niezale\u017cno\u015b\u0107 operacyjn\u0105 i odporno\u015b\u0107 na zmiany rynkowe.<\/p>\n<p>&#13;<\/p>\n<p>Oczywi\u015bcie nale\u017cy liczy\u0107 si\u0119 z tym, \u017ce reszta \u015bwiata r\u00f3wnie\u017c zwr\u00f3ci si\u0119 do pozosta\u0142ych naszych dostawc\u00f3w, co mog\u0142oby negatywnie wp\u0142yn\u0105\u0107 na ceny surowca. Jednak i w tej kwestii Orlen uspokaja:<\/p>\n<p>                                &#13;<\/p>\n<p>Jednocze\u015bnie Grupa ORLEN dzia\u0142a na rzecz stabilizacji cen gazu dla swoich klient\u00f3w, wykorzystuj\u0105c zdywersyfikowany portfel dostaw, w\u0142asne wydobycie oraz elastyczn\u0105 kontraktacj\u0119. W przypadku klient\u00f3w obj\u0119tych taryf\u0105 myORLEN stabilno\u015b\u0107 cen potwierdza decyzja Prezesa URE z 8 czerwca 2026 r. o przed\u0142u\u017ceniu obowi\u0105zuj\u0105cej taryfy do 31 grudnia 2026 r., co oznacza utrzymanie cen paliwa gazowego od 1 lipca do ko\u0144ca roku. Dzi\u0119ki dywersyfikacji dostaw, w\u0142asnemu wydobyciu i optymalizacji zakup\u00f3w ORLEN pozostaje przygotowany na ewentualne zak\u0142\u00f3cenia w jednym z kierunk\u00f3w dostaw, a jednocze\u015bnie ogranicza wp\u0142yw napi\u0119\u0107 geopolitycznych na klient\u00f3w w Polsce.<\/p>\n<p>&#13;<\/p>\n<p>Pozostaje mie\u0107 nadziej\u0119, \u017ce Katar szybko si\u0119 otrz\u0105\u015bnie po tragedii i b\u0119dzie w stanie wznowi\u0107 dostawy gazu.\u00a0<\/p>\n","protected":false},"excerpt":{"rendered":"W czasach, kiedy blokowana jest cie\u015bnina Ormuz, a co za tym idzie znaczna cz\u0119\u015b\u0107 dostaw ropy naftowej, odci\u0119cie&hellip;\n","protected":false},"author":2,"featured_media":510012,"comment_status":"","ping_status":"","sticky":false,"template":"","format":"standard","meta":{"footnotes":"","_share_on_mastodon":"0"},"categories":[52097],"tags":[2624,7176,27852,3057,99211,774,42,38,40,39,41],"class_list":["post-510011","post","type-post","status-publish","format-standard","has-post-thumbnail","category-orlen","tag-energetyka","tag-gaz-ziemny","tag-grupa-orlen","tag-katar","tag-katar-eksplozja","tag-orlen","tag-pl","tag-poland","tag-polish","tag-polska","tag-polski"],"share_on_mastodon":{"url":"https:\/\/pubeurope.com\/@pl\/116794629590215148","error":""},"_links":{"self":[{"href":"https:\/\/www.europesays.com\/pl\/wp-json\/wp\/v2\/posts\/510011","targetHints":{"allow":["GET"]}}],"collection":[{"href":"https:\/\/www.europesays.com\/pl\/wp-json\/wp\/v2\/posts"}],"about":[{"href":"https:\/\/www.europesays.com\/pl\/wp-json\/wp\/v2\/types\/post"}],"author":[{"embeddable":true,"href":"https:\/\/www.europesays.com\/pl\/wp-json\/wp\/v2\/users\/2"}],"replies":[{"embeddable":true,"href":"https:\/\/www.europesays.com\/pl\/wp-json\/wp\/v2\/comments?post=510011"}],"version-history":[{"count":0,"href":"https:\/\/www.europesays.com\/pl\/wp-json\/wp\/v2\/posts\/510011\/revisions"}],"wp:featuredmedia":[{"embeddable":true,"href":"https:\/\/www.europesays.com\/pl\/wp-json\/wp\/v2\/media\/510012"}],"wp:attachment":[{"href":"https:\/\/www.europesays.com\/pl\/wp-json\/wp\/v2\/media?parent=510011"}],"wp:term":[{"taxonomy":"category","embeddable":true,"href":"https:\/\/www.europesays.com\/pl\/wp-json\/wp\/v2\/categories?post=510011"},{"taxonomy":"post_tag","embeddable":true,"href":"https:\/\/www.europesays.com\/pl\/wp-json\/wp\/v2\/tags?post=510011"}],"curies":[{"name":"wp","href":"https:\/\/api.w.org\/{rel}","templated":true}]}}