{"id":510153,"date":"2026-06-22T17:43:13","date_gmt":"2026-06-22T17:43:13","guid":{"rendered":"https:\/\/www.europesays.com\/pl\/510153\/"},"modified":"2026-06-22T17:43:13","modified_gmt":"2026-06-22T17:43:13","slug":"letnie-mistrzostwa-polski-masters-lublin-2026-mastersi-z-raciborza-na-podium","status":"publish","type":"post","link":"https:\/\/www.europesays.com\/pl\/510153\/","title":{"rendered":"Letnie Mistrzostwa Polski Masters \u2013 Lublin 2026. Mastersi z Raciborza na podium"},"content":{"rendered":"<p>Zawody w Lublinie stanowi\u0142y g\u0142\u00f3wny cel przygotowa\u0144 prowadzonych przez ca\u0142y sezon. Starty potwierdzi\u0142y wysoki poziom sportowy zawodnik\u00f3w oraz skuteczno\u015b\u0107 d\u0142ugofalowej pracy treningowej.<\/p>\n<p>\u0141\u0105czny dorobek reprezentacji Victoria Racib\u00f3rz Masters wyni\u00f3s\u0142 3 z\u0142ote, 5 srebrnych i 7 br\u0105zowych medali.<\/p>\n<p>Najbardziej utytu\u0142owan\u0105 zawodniczk\u0105 by\u0142a Oliwia Mosek (kat. 20\u201324), kt\u00f3ra zdoby\u0142a dwa z\u0142ote medale na dystansach 100 m i 200 m stylem klasycznym oraz dwa br\u0105zowe medale na 200 m stylem zmiennym i 50 m stylem klasycznym.<\/p>\n<p>Robert Wojtaszewski (kat. 40\u201344) wywalczy\u0142 trzy srebrne medale na 200 m stylem zmiennym, 200 m stylem motylkowym oraz 400 m stylem zmiennym, a tak\u017ce dwa br\u0105zowe na 800 m stylem dowolnym i 100 m stylem motylkowym.<\/p>\n<p>Jaros\u0142aw Ple\u015bniarski (kat. 35\u201339) zdoby\u0142 z\u0142oty medal na 400 m stylem zmiennym oraz br\u0105zowy na 200 m stylem klasycznym. Maciej Lenk (kat. 35\u201339) si\u0119gn\u0105\u0142 po srebro na 800 m stylem dowolnym, natomiast Martyna Ma\u0142yska (kat. 30\u201334) zdoby\u0142a dwa br\u0105zowe medale na 50 m i 100 m stylem grzbietowym.<\/p>\n<p>Do dorobku dru\u017cyny do\u0142o\u017cy\u0142a si\u0119 r\u00f3wnie\u017c sztafeta 4\u00d750 m stylem zmiennym w sk\u0142adzie: Micha\u0142 K\u0105dzio\u0142a, Maciej Lenk, Jaros\u0142aw Ple\u015bniarski i Robert Wojtaszewski, kt\u00f3ra wywalczy\u0142a srebrny medal.<\/p>\n<p>Na wyr\u00f3\u017cnienie zas\u0142u\u017cy\u0142 Micha\u0142 K\u0105dzio\u0142a, kt\u00f3ry w startach indywidualnych otar\u0142 si\u0119 o podium, zajmuj\u0105c 4. miejsce na 100 m stylem grzbietowym. Jego wyst\u0119p mia\u0142 istotny wk\u0142ad w wynik sztafety, kt\u00f3ra si\u0119gn\u0119\u0142a po srebrny medal.<\/p>\n<p>Zawody w Lublinie sta\u0142y na wysokim poziomie sportowym i organizacyjnym. Silna konkurencja, liczne kluby oraz atmosfera rywalizacji masters stworzy\u0142y warunki sprzyjaj\u0105ce osi\u0105ganiu warto\u015bciowych rezultat\u00f3w i sportowej rywalizacji.<\/p>\n<p>Reprezentacja Victoria Racib\u00f3rz Masters podkre\u015bli\u0142a znaczenie wsp\u00f3lnego wysi\u0142ku, konsekwencji treningowej oraz stabilnej formy sportowej, co prze\u0142o\u017cy\u0142o si\u0119 na jeden z najlepszych wynik\u00f3w medalowych w sezonie.<\/p>\n<p>Zadanie finansowane jest z bud\u017cetu miasta Raciborza.<\/p>\n","protected":false},"excerpt":{"rendered":"Zawody w Lublinie stanowi\u0142y g\u0142\u00f3wny cel przygotowa\u0144 prowadzonych przez ca\u0142y sezon. Starty potwierdzi\u0142y wysoki poziom sportowy zawodnik\u00f3w oraz&hellip;\n","protected":false},"author":2,"featured_media":510154,"comment_status":"","ping_status":"","sticky":false,"template":"","format":"standard","meta":{"footnotes":"","_share_on_mastodon":"0"},"categories":[51612],"tags":[210,18138,397,7749,291,18135,18131,18132,18136,1081,1066,18140,18133,25,18142,18137,42,38,40,39,41,18141,11597,18139,123,18134,127,224,17258,26],"class_list":["post-510153","post","type-post","status-publish","format-standard","has-post-thumbnail","category-lublin","tag-aktualnosci","tag-fakty","tag-filmy","tag-gazeta","tag-historia","tag-kornowac","tag-krzanowice","tag-krzyzanowice","tag-kuzniaraciborska","tag-lublin","tag-miasto","tag-naszraciborz-pl","tag-nedza","tag-news","tag-noworodki","tag-pietrowicewielkie","tag-pl","tag-poland","tag-polish","tag-polska","tag-polski","tag-powiat","tag-raciborz","tag-ratibor","tag-rozrywka","tag-rudnik","tag-sport","tag-telewizja","tag-tygodnik","tag-wiadomosci"],"share_on_mastodon":{"url":"","error":""},"_links":{"self":[{"href":"https:\/\/www.europesays.com\/pl\/wp-json\/wp\/v2\/posts\/510153","targetHints":{"allow":["GET"]}}],"collection":[{"href":"https:\/\/www.europesays.com\/pl\/wp-json\/wp\/v2\/posts"}],"about":[{"href":"https:\/\/www.europesays.com\/pl\/wp-json\/wp\/v2\/types\/post"}],"author":[{"embeddable":true,"href":"https:\/\/www.europesays.com\/pl\/wp-json\/wp\/v2\/users\/2"}],"replies":[{"embeddable":true,"href":"https:\/\/www.europesays.com\/pl\/wp-json\/wp\/v2\/comments?post=510153"}],"version-history":[{"count":0,"href":"https:\/\/www.europesays.com\/pl\/wp-json\/wp\/v2\/posts\/510153\/revisions"}],"wp:featuredmedia":[{"embeddable":true,"href":"https:\/\/www.europesays.com\/pl\/wp-json\/wp\/v2\/media\/510154"}],"wp:attachment":[{"href":"https:\/\/www.europesays.com\/pl\/wp-json\/wp\/v2\/media?parent=510153"}],"wp:term":[{"taxonomy":"category","embeddable":true,"href":"https:\/\/www.europesays.com\/pl\/wp-json\/wp\/v2\/categories?post=510153"},{"taxonomy":"post_tag","embeddable":true,"href":"https:\/\/www.europesays.com\/pl\/wp-json\/wp\/v2\/tags?post=510153"}],"curies":[{"name":"wp","href":"https:\/\/api.w.org\/{rel}","templated":true}]}}