{"id":51023,"date":"2025-10-15T20:49:10","date_gmt":"2025-10-15T20:49:10","guid":{"rendered":"https:\/\/www.europesays.com\/pl\/51023\/"},"modified":"2025-10-15T20:49:10","modified_gmt":"2025-10-15T20:49:10","slug":"mocne-zakonczenie-kropki-nad-i-monika-olejnik-czekala-z-tym-do-samego-konca","status":"publish","type":"post","link":"https:\/\/www.europesays.com\/pl\/51023\/","title":{"rendered":"Mocne zako\u0144czenie &#8222;Kropki nad i&#8221;. Monika Olejnik czeka\u0142a z tym do samego ko\u0144ca"},"content":{"rendered":"<p class=\"ods-c-paragraph \">W programie &#8222;Kropka nad i&#8221; <a href=\"https:\/\/plejada.pl\/monika-olejnik-dziennikarka\" id=\"a7227a7c-e526-41ee-8be3-90defbfc4208\" rel=\"nofollow noopener\" target=\"_blank\">Moniki Olejnik<\/a> go\u015bcili w \u015brod\u0119 europose\u0142 Koalicji Obywatelskiej <a href=\"https:\/\/plejada.pl\/newsy\/tvp-musi-przeprosic-senatora-ko-zona-krzysztofa-brejzy-oglasza-zwyciestwo\/qzmjq73\" id=\"4789f649-360b-4579-86cb-f3ec818431c7\" rel=\"nofollow noopener\" target=\"_blank\">Krzysztof Brejza<\/a> oraz pose\u0142 Prawa i Sprawiedliwo\u015bci <a href=\"https:\/\/wiadomosci.onet.pl\/radoslaw-fogiel\" id=\"68017ca7-57f5-4339-8f33-36327fb1830f\" rel=\"nofollow noopener\" target=\"_blank\">Rados\u0142aw Fogiel<\/a>. Dyskusja mi\u0119dzy politykami od pocz\u0105tku by\u0142a napi\u0119ta, a w pewnym momencie zesz\u0142a na temat reparacji za straty wojenne od Niemiec.<\/p>\n<p class=\"ods-c-paragraph \">Rados\u0142aw Fogiel zarzuci\u0142 obecnemu rz\u0105dowi bierno\u015b\u0107 w tej sprawie. \u2013 Trzeba sprawdzi\u0107, co konkretnie opr\u00f3cz jednej noty PiS zrobi\u0142 w sprawie reparacji \u2013 ripostowa\u0142 mu Krzysztof Brejza. Pose\u0142 PiS przypomnia\u0142, \u017ce temat reparacji by\u0142 ju\u017c poruszany w programie Moniki Olejnik, jednak \u2013 jak stwierdzi\u0142 \u2013 &#8222;\u017ale to zosta\u0142o odebrane przez widz\u00f3w&#8221;.<\/p>\n<blockquote class=\"ods-o-quota\">\n<p class=\"ods-o-quota__paragraph\">Przez jakich widz\u00f3w? Mo\u017ce przez prawicowych<\/p>\n<\/blockquote>\n<p class=\"ods-c-paragraph \">\u2013 zapyta\u0142a dziennikarka.<\/p>\n<blockquote class=\"ods-o-quota\">\n<p class=\"ods-o-quota__paragraph\">Czy prawicowi widzowie s\u0105 jacy\u015b gorsi?<\/p>\n<\/blockquote>\n<p class=\"ods-c-paragraph \">\u2013 oburzy\u0142 si\u0119 Fogiel.<\/p>\n<blockquote class=\"ods-o-quota\"><\/blockquote>\n<p class=\"ods-c-paragraph \">\u2013 odpowiedzia\u0142a niespodziewanie Monika Olejnik.<\/p>\n<blockquote class=\"ods-o-quota\">\n<p class=\"ods-o-quota__paragraph\">S\u0142yszeli\u015bcie, pa\u0144stwo. Je\u017celi kto\u015b z prawicy nas ogl\u0105da, wed\u0142ug pani redaktor jeste\u015bcie pa\u0144stwo dziwni <\/p>\n<\/blockquote>\n<p class=\"ods-c-paragraph \">\u2013 zwr\u00f3ci\u0142 si\u0119 do widz\u00f3w pose\u0142 PiS.<\/p>\n<p>Dalszy ci\u0105g artyku\u0142u pod materia\u0142em wideo<\/p>\n<p> Co by\u0142o tematem dyskusji w programie? <\/p>\n<p> Jak Monika Olejnik zareagowa\u0142a na oskar\u017cenia? <\/p>\n<p> Kto by\u0142 go\u015bciem w programie 'Kropka nad i&#8217;? <\/p>\n<p> Jakie emocje towarzyszy\u0142y zako\u0144czeniu programu? <\/p>\n<p>  Awantura w &#8222;Kropce nad i&#8221;. Monika Olejnik nagle zwr\u00f3ci\u0142a si\u0119 z mocnym apelem<\/p>\n<p class=\"ods-c-paragraph \">Atmosfera w studiu by\u0142a coraz bardziej napi\u0119ta, a temat reparacji powr\u00f3ci\u0142 r\u00f3wnie\u017c na sam koniec programu. Wtedy Monika Olejnik niespodziewanie przerwa\u0142a rozmow\u0119 i zwr\u00f3ci\u0142a si\u0119 bezpo\u015brednio do kamery.<\/p>\n<blockquote class=\"ods-o-quota\">\n<p class=\"ods-o-quota__paragraph\">Na koniec chcia\u0142am powiedzie\u0107, bo ci\u0105gle mnie pa\u0144stwo obra\u017caj\u0105 w sprawie reparacji, \u017ce m\u00f3j ojciec, kiedy by\u0142 ma\u0142ym dzieckiem, by\u0142 na przymusowych robotach w Niemczech. Tak samo moi dziadkowie. I tyle w tej sprawie. Chcia\u0142abym, \u017ceby pa\u0144stwo mnie wi\u0119cej nie obra\u017cali<\/p>\n<\/blockquote>\n<p class=\"ods-c-paragraph \">\u2013 powiedzia\u0142a wyra\u017anie podenerwowana dziennikarka.<\/p>\n<p class=\"ods-c-paragraph \">Jej s\u0142owa spowodowa\u0142y to, \u017ce Rados\u0142aw Fogiel nadal komentowa\u0142 ca\u0142\u0105 sytuacj\u0119, jednak prowadz\u0105ca zako\u0144czy\u0142a program.<\/p>\n<p><img decoding=\"async\" src=\"https:\/\/www.europesays.com\/pl\/wp-content\/uploads\/2025\/10\/WXJk9lBaHR0cHM6Ly9vY2RuLmV1L3B1bHNjbXMvTURBXy9kNzFjOWRjYWMyMTk4Njk2MjYyOGUzYmFmZTBlYWViYS5wbmeRlQLNB.jpeg\" height=\"538\" width=\"939\" alt=\"Monika Olejnik\" loading=\"lazy\" class=\"ods-c-image__img ods-c-image__img--viewport-width\"\/><\/p>\n<p>Monika OlejnikKadr:TVN24GO<\/p>\n<p class=\"ods-c-paragraph \">Cho\u0107 widzowie nie us\u0142yszeli ju\u017c dalszej wymiany zda\u0144, wida\u0107 by\u0142o, \u017ce emocje nie opad\u0142y. Jak pokazano w trakcie napis\u00f3w ko\u0144cowych, Monika Olejnik wci\u0105\u017c gestykulowa\u0142a i kierowa\u0142a wzrok w stron\u0119 Rados\u0142awa Fogla, wyra\u017anie wzburzona przebiegiem rozmowy.<\/p>\n<p><img decoding=\"async\" src=\"https:\/\/www.europesays.com\/pl\/wp-content\/uploads\/2025\/10\/ZTlk9lBaHR0cHM6Ly9vY2RuLmV1L3B1bHNjbXMvTURBXy9hMWRlYTI3ZGI5YjE3MDFhOThjZTA5OTM1MDY5ZTQ0Yi5wbmeRlQLNB.jpeg\" height=\"825\" width=\"940\" alt=\"Monika Olejnik, Rados\u0142aw Fogiel, Krzysztof Brejza\" loading=\"lazy\" class=\"ods-c-image__img ods-c-image__img--viewport-width\"\/><\/p>\n<p>Monika Olejnik, Rados\u0142aw Fogiel, Krzysztof BrejzaKadr:TVN24GO<\/p>\n<p class=\"ods-c-paragraph \">Dzi\u0119kujemy, \u017ce przeczyta\u0142a\u015b\/e\u015b nasz artyku\u0142 do ko\u0144ca.\u202fW serwisie Plejada.pl ka\u017cdego dnia piszemy o najwa\u017cniejszych wydarzeniach show-biznesowych.\u202fB\u0105d\u017a na bie\u017c\u0105co!\u202f<a rel=\"nofollow noopener\" href=\"https:\/\/news.google.com\/publications\/CAAiEF0PeAlb7W1llpV_mwV2rL4qFAgKIhBdD3gJW-1tZZaVf5sFdqy-?hl=pl&amp;gl=PL&amp;ceid=PL%3Apl\" id=\"3b605875-1b57-4aec-a738-8b89cf9d81f6\" target=\"_blank\">Obserwuj<\/a>\u202fPlejad\u0119 w Wiadomo\u015bciach Google. Odwied\u017a nas tak\u017ce na\u202f<a rel=\"nofollow noopener\" href=\"https:\/\/www.facebook.com\/plejadapl\" id=\"bdd0a0b3-a920-4018-9e77-839f3837a4ae\" target=\"_blank\">Facebooku<\/a>,\u202f<a rel=\"nofollow noopener\" href=\"https:\/\/www.instagram.com\/plejadapl\/\" id=\"8911817f-f76d-40c9-9416-0945e0a5a43e\" target=\"_blank\">Instagramie<\/a>,\u202f<a rel=\"nofollow noopener\" href=\"https:\/\/www.youtube.com\/c\/plejada\" id=\"aa24f101-a819-43d4-8d2f-d4611b4ca0d9\" target=\"_blank\">YouTubie<\/a>\u202foraz\u202f<a rel=\"nofollow noopener\" href=\"https:\/\/www.tiktok.com\/@plejada_pl\" id=\"fc6ed05e-2978-4b50-a47d-6f7eb6f2b835\" target=\"_blank\">TikToku<\/a>.<\/p>\n<p class=\"ods-c-paragraph \">Chcesz podzieli\u0107 si\u0119 ciekawym newsem lub zaproponowa\u0107 temat? Skontaktuj si\u0119 z nami, pisz\u0105c maila na adres:\u202f<a rel=\"nofollow noopener\" href=\"https:\/\/plejada.pl\/newsy\/mocne-zakonczenie-kropki-nad-i-monika-olejnik-czekala-z-tym-do-samego-konca\/mailto:plejada@redakcjaonet.pl\" id=\"f386e534-a961-4009-8516-816fc714adde\" target=\"_blank\">plejada@redakcjaonet.pl<\/a>.<\/p>\n<p><script async src=\"\/\/www.instagram.com\/embed.js\"><\/script><script async src=\"\/\/www.tiktok.com\/embed.js\"><\/script><\/p>\n","protected":false},"excerpt":{"rendered":"W programie &#8222;Kropka nad i&#8221; Moniki Olejnik go\u015bcili w \u015brod\u0119 europose\u0142 Koalicji Obywatelskiej Krzysztof Brejza oraz pose\u0142 Prawa&hellip;\n","protected":false},"author":2,"featured_media":51024,"comment_status":"","ping_status":"","sticky":false,"template":"","format":"standard","meta":{"footnotes":""},"categories":[5],"tags":[32,33,36,37,27,7210,13799,2552,34,35,13707,28,31,48,25,125,46,42,38,40,39,41,1377,772,47,29,30,318,26],"class_list":{"0":"post-51023","1":"post","2":"type-post","3":"status-publish","4":"format-standard","5":"has-post-thumbnail","7":"category-naglowki","8":"tag-breaking-news","9":"tag-breakingnews","10":"tag-featured-news","11":"tag-featurednews","12":"tag-headlines","13":"tag-koalicja_obywatelska","14":"tag-kropka_nad_i","15":"tag-krzysztof_brejza","16":"tag-latest-news","17":"tag-latestnews","18":"tag-monika_olejnik","19":"tag-naglowki","20":"tag-najwazniejsze-artykuly","21":"tag-nat_styl","22":"tag-news","23":"tag-newsy","24":"tag-omp","25":"tag-pl","26":"tag-poland","27":"tag-polish","28":"tag-polska","29":"tag-polski","30":"tag-radoslaw_fogiel","31":"tag-reparacje_wojenne","32":"tag-screening_general","33":"tag-top-stories","34":"tag-topstories","35":"tag-tvn","36":"tag-wiadomosci"},"share_on_mastodon":{"url":"","error":""},"_links":{"self":[{"href":"https:\/\/www.europesays.com\/pl\/wp-json\/wp\/v2\/posts\/51023","targetHints":{"allow":["GET"]}}],"collection":[{"href":"https:\/\/www.europesays.com\/pl\/wp-json\/wp\/v2\/posts"}],"about":[{"href":"https:\/\/www.europesays.com\/pl\/wp-json\/wp\/v2\/types\/post"}],"author":[{"embeddable":true,"href":"https:\/\/www.europesays.com\/pl\/wp-json\/wp\/v2\/users\/2"}],"replies":[{"embeddable":true,"href":"https:\/\/www.europesays.com\/pl\/wp-json\/wp\/v2\/comments?post=51023"}],"version-history":[{"count":0,"href":"https:\/\/www.europesays.com\/pl\/wp-json\/wp\/v2\/posts\/51023\/revisions"}],"wp:featuredmedia":[{"embeddable":true,"href":"https:\/\/www.europesays.com\/pl\/wp-json\/wp\/v2\/media\/51024"}],"wp:attachment":[{"href":"https:\/\/www.europesays.com\/pl\/wp-json\/wp\/v2\/media?parent=51023"}],"wp:term":[{"taxonomy":"category","embeddable":true,"href":"https:\/\/www.europesays.com\/pl\/wp-json\/wp\/v2\/categories?post=51023"},{"taxonomy":"post_tag","embeddable":true,"href":"https:\/\/www.europesays.com\/pl\/wp-json\/wp\/v2\/tags?post=51023"}],"curies":[{"name":"wp","href":"https:\/\/api.w.org\/{rel}","templated":true}]}}