{"id":51027,"date":"2025-10-15T20:51:10","date_gmt":"2025-10-15T20:51:10","guid":{"rendered":"https:\/\/www.europesays.com\/pl\/51027\/"},"modified":"2025-10-15T20:51:10","modified_gmt":"2025-10-15T20:51:10","slug":"corka-roberta-stockingera-bryluje-na-sciance-z-gwiazdami-8-latka-skradla-caly-show","status":"publish","type":"post","link":"https:\/\/www.europesays.com\/pl\/51027\/","title":{"rendered":"C\u00f3rka Roberta Stockingera bryluje na \u015bciance z gwiazdami. 8-latka skrad\u0142a ca\u0142y show"},"content":{"rendered":"<p class=\"ods-c-paragraph \">15 pa\u017adziernika w warszawskiej Kinotece odby\u0142a si\u0119 premiera nowej produkcji TVP, 7-odcinkowego serialu &#8222;Czarna \u015bmier\u0107&#8221;. To wyj\u0105tkowy pokaz specjalny w ramach Warszawskiego Festiwalu Filmowego. Re\u017cyserem serialu jest Kuba Czekaj, a scenariusz napisali Piotr Derewenda i Wojciech Lepianka. Akcja przenosi widz\u00f3w do Wroc\u0142awia 1963 r., ogarni\u0119tego dramatyczn\u0105 epidemi\u0105 ospy, kt\u00f3ra na wiele tygodni sparali\u017cowa\u0142a miasto.<\/p>\n<p>Dalszy ci\u0105g artyku\u0142u pod materia\u0142em wideo<\/p>\n<p> Gdzie odby\u0142a si\u0119 premiera serialu 'Czarna \u015bmier\u0107&#8217;? <\/p>\n<p> Kto jest re\u017cyserem serialu 'Czarna \u015bmier\u0107&#8217;? <\/p>\n<p> Jakie znane nazwiska wyst\u0119puj\u0105 w serialu 'Czarna \u015bmier\u0107&#8217;? <\/p>\n<p> Czy Oliwia Stockinger mia\u0142a wcze\u015bniej inne role w filmach? <\/p>\n<p>  C\u00f3rka Roberta Stockingera bryluje na \u015bciance. 8-latka skrad\u0142a ca\u0142y show<\/p>\n<p class=\"ods-c-paragraph \">W\u015br\u00f3d tw\u00f3rc\u00f3w i aktor\u00f3w, kt\u00f3rzy pojawili si\u0119 na uroczystej premierze, znalaz\u0142a si\u0119 tak\u017ce najm\u0142odsza uczestniczka obsady, 8-letnia Oliwia Stockinger, c\u00f3rka <a href=\"https:\/\/plejada.pl\/robert-stockinger\" id=\"8ef99bc7-6497-46dc-8477-00994c5ddc98\" rel=\"nofollow noopener\" target=\"_blank\">Roberta Stockingera<\/a> i wnuczka znanego aktora <a href=\"https:\/\/plejada.pl\/tomasz-stockinger\" id=\"d7590fa4-8a00-4cda-8cae-e4ea80b36d65\" rel=\"nofollow noopener\" target=\"_blank\">Tomasza Stockingera<\/a>, gwiazdy &#8222;Klanu&#8221; i &#8222;Znachora&#8221;. Mimo m\u0142odego wieku Oliwia z wdzi\u0119kiem zapozowa\u0142a na \u015bciance obok <a href=\"https:\/\/plejada.pl\/tomasz-zietek-aktor\" id=\"ff7493b9-ff69-45cb-b2b2-5d0180608bf4\" rel=\"nofollow noopener\" target=\"_blank\">Tomasza Zi\u0119tka<\/a> i J\u0119drzeja Hycnara, przyci\u0105gaj\u0105c uwag\u0119 fotoreporter\u00f3w i go\u015bci.<\/p>\n<p class=\"ods-c-paragraph \">Dumny tata, Robert Stockinger, nie kry\u0142 wzruszenia, dziel\u0105c si\u0119 w mediach spo\u0142eczno\u015bciowych zdj\u0119ciem c\u00f3reczki z obsad\u0105 serialu i dodaj\u0105c szereg emoji z \u0142ezkami w oczach.<\/p>\n<p><img decoding=\"async\" src=\"https:\/\/www.europesays.com\/pl\/wp-content\/uploads\/2025\/10\/axLk9lBaHR0cHM6Ly9vY2RuLmV1L3B1bHNjbXMvTURBXy9mZWJkMjE2MzFkZmFhMTcwODU5M2ViNzUyYTMzNjE5NC5wbmeRlQLNA.jpeg\" height=\"529\" width=\"940\" alt=\"C\u00f3rka Roberta Stockingera na premierze serialu &quot;Czarna \u015bmier\u0107&quot;\" loading=\"lazy\" class=\"ods-c-image__img ods-c-image__img--vertical\"\/><\/p>\n<p>C\u00f3rka Roberta Stockingera na premierze serialu &#8222;Czarna \u015bmier\u0107&#8221;https:\/\/www.instagram.com\/rob_stocky\/<\/p>\n<blockquote class=\"ods-o-quota\">\n<p class=\"ods-o-quota__paragraph\">Cieszymy si\u0119, \u017ce Oliwka tak dobrze czuje si\u0119 w \u015brodowisku filmowym i robi to, co lubi. Bawi si\u0119 kolejn\u0105 ciekaw\u0105 przygod\u0105<\/p>\n<\/blockquote>\n<p class=\"ods-c-paragraph \">\u2013 pisa\u0142 nie tak dawno dziennikarz i prezenter &#8222;Pytania na \u015bniadanie&#8221;.<\/p>\n<p class=\"ods-c-paragraph \">Opr\u00f3cz Oliwii Stockinger na ekranie zobaczymy plejad\u0119 znanych nazwisk, w tym m.in. <a href=\"https:\/\/plejada.pl\/cezary-pazura\" id=\"48fc33e7-09a3-49e1-a866-029c049830cc\" rel=\"nofollow noopener\" target=\"_blank\">Cezarego Pazur\u0119<\/a>, Ann\u0119 Karczmarczyk, Tomasza Sapryka czy Ilon\u0119 Ostrowsk\u0105.<\/p>\n<p><img decoding=\"async\" src=\"https:\/\/www.europesays.com\/pl\/wp-content\/uploads\/2025\/10\/A7Rk9lBaHR0cHM6Ly9vY2RuLmV1L3B1bHNjbXMvTURBXy83NTNhNzM0OGZlZDA4ZWEyYTJhYjk2MDcyOTRkNDFmMi5wbmeRlQLNA.jpeg\" height=\"529\" width=\"940\" alt=\"C\u00f3rka Roberta Stockingera na premierze serialu &quot;Czarna \u015bmier\u0107&quot;\" loading=\"lazy\" class=\"ods-c-image__img ods-c-image__img--vertical\"\/><\/p>\n<p>C\u00f3rka Roberta Stockingera na premierze serialu &#8222;Czarna \u015bmier\u0107&#8221;https:\/\/www.instagram.com\/rob_stocky\/<\/p>\n<p class=\"ods-c-paragraph \">Dla Oliwii rola w &#8222;Czarnej \u015bmierci&#8221; nie jest debiutem \u2013 m\u0142oda aktorka wcze\u015bniej pojawi\u0142a si\u0119 ju\u017c w filmie &#8222;Sami w domu&#8221; w re\u017cyserii Marii Sadowskiej. Wszystko wskazuje na to, \u017ce kariera najm\u0142odszej przedstawicielki rodziny Stockinger\u00f3w nabiera tempa. A dumni tata i dziadek mog\u0105 z satysfakcj\u0105 patrze\u0107, jak ich &#8222;ma\u0142a gwiazda&#8221; podbija \u015bwiat filmu.<\/p>\n<p class=\"ods-c-paragraph \">Dzi\u0119kujemy, \u017ce przeczyta\u0142a\u015b\/e\u015b nasz artyku\u0142 do ko\u0144ca.\u202fW serwisie Plejada.pl ka\u017cdego dnia piszemy o najwa\u017cniejszych wydarzeniach show-biznesowych.\u202fB\u0105d\u017a na bie\u017c\u0105co!\u202f<a rel=\"nofollow noopener\" href=\"https:\/\/news.google.com\/publications\/CAAiEF0PeAlb7W1llpV_mwV2rL4qFAgKIhBdD3gJW-1tZZaVf5sFdqy-?hl=pl&amp;gl=PL&amp;ceid=PL%3Apl\" id=\"0a91be67-2c98-4795-a350-e5649b69ce31\" target=\"_blank\">Obserwuj<\/a>\u202fPlejad\u0119 w Wiadomo\u015bciach Google. Odwied\u017a nas tak\u017ce na\u202f<a rel=\"nofollow noopener\" href=\"https:\/\/www.facebook.com\/plejadapl\" id=\"c6d14115-9a94-4890-ad67-6e49923b4842\" target=\"_blank\">Facebooku<\/a>,\u202f<a rel=\"nofollow noopener\" href=\"https:\/\/www.instagram.com\/plejadapl\/\" id=\"df723c49-7a7d-4af9-9bc1-099134e34068\" target=\"_blank\">Instagramie<\/a>,\u202f<a rel=\"nofollow noopener\" href=\"https:\/\/www.youtube.com\/c\/plejada\" id=\"eee85d44-c1b0-4404-9128-4ebc6a79d452\" target=\"_blank\">YouTubie<\/a>\u202foraz\u202f<a rel=\"nofollow noopener\" href=\"https:\/\/www.tiktok.com\/@plejada_pl\" id=\"86e48d45-b9d7-4347-bc1a-fa17b7d69211\" target=\"_blank\">TikToku<\/a>.<\/p>\n<p class=\"ods-c-paragraph \">Chcesz podzieli\u0107 si\u0119 ciekawym newsem lub zaproponowa\u0107 temat? Skontaktuj si\u0119 z nami, pisz\u0105c maila na adres:\u202f<a rel=\"nofollow noopener\" href=\"https:\/\/plejada.pl\/newsy\/corka-roberta-stockingera-bryluje-na-sciance-z-gwiazdami-8-latka-skradla-caly-show\/mailto:plejada@redakcjaonet.pl\" id=\"114ec698-c4bf-4c9a-9f0f-6ae0f8a9dd1f\" target=\"_blank\">plejada@redakcjaonet.pl<\/a>.<\/p>\n<p><script async src=\"\/\/www.instagram.com\/embed.js\"><\/script><script async src=\"\/\/www.tiktok.com\/embed.js\"><\/script><\/p>\n","protected":false},"excerpt":{"rendered":"15 pa\u017adziernika w warszawskiej Kinotece odby\u0142a si\u0119 premiera nowej produkcji TVP, 7-odcinkowego serialu &#8222;Czarna \u015bmier\u0107&#8221;. To wyj\u0105tkowy pokaz&hellip;\n","protected":false},"author":2,"featured_media":51028,"comment_status":"","ping_status":"","sticky":false,"template":"","format":"standard","meta":{"footnotes":""},"categories":[22],"tags":[5206,122,48,125,46,42,38,40,39,41,13800,123,47,13801],"class_list":{"0":"post-51027","1":"post","2":"type-post","3":"status-publish","4":"format-standard","5":"has-post-thumbnail","7":"category-rozrywka","8":"tag-cezary_pazura","9":"tag-entertainment","10":"tag-nat_styl","11":"tag-newsy","12":"tag-omp","13":"tag-pl","14":"tag-poland","15":"tag-polish","16":"tag-polska","17":"tag-polski","18":"tag-robert_stockinger","19":"tag-rozrywka","20":"tag-screening_general","21":"tag-tomasz_stockinger"},"share_on_mastodon":{"url":"","error":""},"_links":{"self":[{"href":"https:\/\/www.europesays.com\/pl\/wp-json\/wp\/v2\/posts\/51027","targetHints":{"allow":["GET"]}}],"collection":[{"href":"https:\/\/www.europesays.com\/pl\/wp-json\/wp\/v2\/posts"}],"about":[{"href":"https:\/\/www.europesays.com\/pl\/wp-json\/wp\/v2\/types\/post"}],"author":[{"embeddable":true,"href":"https:\/\/www.europesays.com\/pl\/wp-json\/wp\/v2\/users\/2"}],"replies":[{"embeddable":true,"href":"https:\/\/www.europesays.com\/pl\/wp-json\/wp\/v2\/comments?post=51027"}],"version-history":[{"count":0,"href":"https:\/\/www.europesays.com\/pl\/wp-json\/wp\/v2\/posts\/51027\/revisions"}],"wp:featuredmedia":[{"embeddable":true,"href":"https:\/\/www.europesays.com\/pl\/wp-json\/wp\/v2\/media\/51028"}],"wp:attachment":[{"href":"https:\/\/www.europesays.com\/pl\/wp-json\/wp\/v2\/media?parent=51027"}],"wp:term":[{"taxonomy":"category","embeddable":true,"href":"https:\/\/www.europesays.com\/pl\/wp-json\/wp\/v2\/categories?post=51027"},{"taxonomy":"post_tag","embeddable":true,"href":"https:\/\/www.europesays.com\/pl\/wp-json\/wp\/v2\/tags?post=51027"}],"curies":[{"name":"wp","href":"https:\/\/api.w.org\/{rel}","templated":true}]}}