{"id":51033,"date":"2025-10-15T20:56:09","date_gmt":"2025-10-15T20:56:09","guid":{"rendered":"https:\/\/www.europesays.com\/pl\/51033\/"},"modified":"2025-10-15T20:56:09","modified_gmt":"2025-10-15T20:56:09","slug":"czas-by-zakonczyc-te-wojne-szef-pentagonu-zaostrza-ton-wobec-rosji-podejmiemy-niezbedne-kroki","status":"publish","type":"post","link":"https:\/\/www.europesays.com\/pl\/51033\/","title":{"rendered":"Czas, by zako\u0144czy\u0107 t\u0119 wojn\u0119&#8221;. Szef Pentagonu zaostrza ton wobec Rosji. &#8222;Podejmiemy niezb\u0119dne kroki"},"content":{"rendered":"<p>Wypowied\u017a Hegsetha, kt\u00f3ra pad\u0142a podczas spotkania po\u015bwi\u0119conego Ukrainie w siedzibie NATO, odzwierciedla pog\u0142\u0119biaj\u0105c\u0105 si\u0119 frustracj\u0119 Bia\u0142ego Domu wobec prezydenta Rosji W\u0142adimira Putina przed pi\u0105tkowym spotkaniem Donalda Trumpa z Wo\u0142odymyrem Ze\u0142enskim.<\/p>\n<p>\u2014 Je\u015bli w kr\u00f3tkiej perspektywie nie b\u0119dzie szans na pok\u00f3j, Stany Zjednoczone wraz z sojusznikami podejm\u0105 niezb\u0119dne kroki, aby obci\u0105\u017cy\u0107 Rosj\u0119 kosztami za jej nieustann\u0105 agresj\u0119 \u2014 powiedzia\u0142 Hegseth, nie podaj\u0105c jednak szczeg\u00f3\u0142\u00f3w.<\/p>\n<p>Wypowied\u017a ta stanowi ca\u0142kowite odwr\u00f3cenie stanowiska w stosunku do jego pierwszego wyst\u0105pienia w siedzibie NATO w lutym, kiedy to powiedzia\u0142 sojusznikom, \u017ce Stany Zjednoczone maj\u0105 inne, pilniejsze interesy na \u015bwiecie i prawdopodobnie odwr\u00f3c\u0105 si\u0119 od Europy.<\/p>\n<p class=\"ods-c-paragraph \">Posuni\u0119cie to zaniepokoi\u0142o w\u00f3wczas niekt\u00f3re kraje europejskie, kt\u00f3re obawia\u0142y si\u0119, \u017ce nowa administracja wycofa wojska z kontynentu i ograniczy swoje zaanga\u017cowanie na rzecz sojuszu.<\/p>\n<p class=\"ods-c-paragraph \">Hegseth odm\u00f3wi\u0142 udzia\u0142u w kilku ostatnich spotkaniach Grupy Kontaktowej ds. Obrony Ukrainy, zgromadzeniu, do kt\u00f3rego zwr\u00f3ci\u0142 si\u0119 w \u015brod\u0119. W pewnym momencie latem na kr\u00f3tko wstrzyma\u0142 te\u017c ameryka\u0144sk\u0105 pomoc wojskow\u0105 dla Kijowa.<\/p>\n<p>   Och\u0142odzenie stosunk\u00f3w z Moskw\u0105<\/p>\n<p class=\"ods-c-paragraph \">Jego ton oznacza wyra\u017an\u0105 zmian\u0119 w podej\u015bciu ameryka\u0144skiej administracji, kt\u00f3ra na pocz\u0105tku tego roku publicznie skrytykowa\u0142a Ze\u0142enskiego. W lutym Trump i wiceprezydent J.D. Vance zaatakowali ukrai\u0144skiego przyw\u00f3dc\u0119 w <a href=\"https:\/\/www.onet.pl\/informacje\/onetwiadomosci\/donald-trump-mowi-wprost-o-klotni-z-wolodymyrem-zelenskim-musielismy\/67dk4fh,79cfc278\" id=\"3666263f-d24e-4446-82e2-52a28843554c\" rel=\"nofollow noopener\" target=\"_blank\">ostrej wymianie zda\u0144<\/a> w Gabinecie Owalnym.<\/p>\n<p class=\"ods-c-paragraph \">Do czasu \u015brodowego spotkania NATO wi\u0119kszo\u015b\u0107 tej burzliwej przesz\u0142o\u015bci wydawa\u0142a si\u0119 ju\u017c dawno zapomniana, przynajmniej w publicznych wypowiedziach. \u2014 Stany Zjednoczone pozostaj\u0105 \u015bwiadome faktu, \u017ce najskuteczniejszymi \u015brodkami odstraszaj\u0105cymi rosyjsk\u0105 agresj\u0119 s\u0105: po pierwsze, pot\u0119\u017cne, zdolne do dzia\u0142ania i kierowane przez Europ\u0119 NATO, a po drugie, wiarygodne bojowo ukrai\u0144skie si\u0142y zbrojne \u2014 m\u00f3wi\u0142 Hegseth.<\/p>\n<p>Dalszy ci\u0105g artyku\u0142u pod materia\u0142em wideo<\/p>\n<p class=\"ods-c-paragraph \">Ostatnie och\u0142odzenie stosunk\u00f3w z Moskw\u0105 nast\u0105pi\u0142o po miesi\u0105cach zabieg\u00f3w Trumpa i jego doradc\u00f3w w stosunku do rosyjskiego przyw\u00f3dcy. W sierpniu Trump odby\u0142 osobiste <a href=\"https:\/\/www.onet.pl\/informacje\/onetwiadomosci\/putin-wykiwal-trumpa-osiagnal-dokladnie-to-na-czym-mu-zalezalo-opinia\/0le4vdy,79cfc278\" id=\"8aeebab3-8927-49e4-a79f-dac57a106fb4\" rel=\"nofollow noopener\" target=\"_blank\">spotkanie z Putinem na Alasce<\/a>, co zaskoczy\u0142o Kij\u00f3w i wielu Europejczyk\u00f3w, kt\u00f3rzy obawiali si\u0119, \u017ce prezydent USA wys\u0142ucha wersji wojny przedstawionej przez rosyjskiego przyw\u00f3dc\u0119.<\/p>\n<p class=\"ods-c-paragraph \">Podczas gdy Trump przedstawia\u0142 spotkanie jako potencjalny prze\u0142om, Putin odpowiedzia\u0142 najbrutalniejszymi od czterech lat atakami dron\u00f3w i rakiet na Kij\u00f3w. Zgin\u0119\u0142y dziesi\u0105tki cywil\u00f3w.<\/p>\n<p class=\"ods-c-paragraph \">Trump, sfrustrowany rosn\u0105c\u0105 brutalno\u015bci\u0105 Putina i jego odmow\u0105 rozwa\u017cenia jakiegokolwiek zawieszenia broni, przeprowadzi\u0142 w ostatnich miesi\u0105cach kilka rozm\u00f3w telefonicznych i spotka\u0144 twarz\u0105 w twarz z Ze\u0142enskim. Zobowi\u0105za\u0142 si\u0119 do zwi\u0119kszenia wsparcia ze strony USA, a w niedziel\u0119 zasugerowa\u0142 nawet, \u017ce mo\u017ce wys\u0142a\u0107 do Ukrainy<a href=\"https:\/\/www.onet.pl\/informacje\/onetwiadomosci\/tomahawki-dla-ukrainy-ultimatum-trumpa-putin-moze-pozalowac-ze-kazal-mu-czekac\/p7lh9gx,79cfc278\" id=\"df8da591-4788-4806-ac28-f28123996f60\" rel=\"nofollow noopener\" target=\"_blank\"> pociski Tomahawk<\/a>, aby mog\u0142a ona przeprowadza\u0107 g\u0142\u0119bokie uderzenia na Rosj\u0119.<\/p>\n<p class=\"ods-c-paragraph \">Podczas pi\u0105tkowego spotkania obaj przyw\u00f3dcy b\u0119d\u0105 rozmawia\u0107 o pomocy wojskowej i proponowanej umowie, w ramach kt\u00f3rej Ukraina mia\u0142aby dzieli\u0107 si\u0119 z USA technologi\u0105 dron\u00f3w.<\/p>\n<p>Jasny sygna\u0142 dla Rosji<\/p>\n<p class=\"ods-c-paragraph \">Niekt\u00f3rzy ministrowie wyrazili ulg\u0119 po wypowiedzi Hegsetha. \u2014 Potwierdzi\u0142 on po raz kolejny, \u017ce Stany Zjednoczone s\u0105 prawdziwym sojusznikiem i s\u0105 zaanga\u017cowane w NATO, i to jest dok\u0142adnie to, co powiedzia\u0142 r\u00f3wnie\u017c prezydent Trump \u2014 stwierdzi\u0142 minister obrony Estonii Hanno Pevkur.<\/p>\n<p class=\"ods-c-paragraph \">Jednak niekt\u00f3rzy europejscy przyw\u00f3dcy pozostaj\u0105 ostro\u017cni, bior\u0105c pod uwag\u0119 zmienno\u015b\u0107 polityki administracji Trumpa wobec Ukrainy. \u2014 Odczyta\u0142bym to jako pewn\u0105 zmian\u0119 perspektywy i podej\u015bcia, ale na razie nic wi\u0119cej \u2014 powiedzia\u0142 dziennikarzom niemiecki minister obrony Boris Pistorius, zapytany o wypowied\u017a Hegsetha. \u2014 Naprawd\u0119 nie potrafi\u0119 zinterpretowa\u0107, co mia\u0142 na my\u015bli.<\/p>\n<p><img decoding=\"async\" src=\"https:\/\/www.europesays.com\/pl\/wp-content\/uploads\/2025\/10\/61yk9lBaHR0cHM6Ly9vY2RuLmV1L3B1bHNjbXMvTURBXy9mYmU4NzRkMTEwN2ExMzUwNzk3Yzg4ZmViNjQ2YjQzMC5qcGeRlQLNB.jpeg\" height=\"627\" width=\"940\" alt=\"Pete Hegseth przed spotkaniem Grupy Kontaktowej ds. Obrony Ukrainy w siedzibie NATO w Brukseli, 15 pa\u017adziernika 2025 r.\" loading=\"lazy\" class=\"ods-c-image__img ods-c-image__img--viewport-width\"\/><\/p>\n<p>Pete Hegseth przed spotkaniem Grupy Kontaktowej ds. Obrony Ukrainy w siedzibie NATO w Brukseli, 15 pa\u017adziernika 2025 r.NICOLAS TUCAT \/ AFP \/ AFP<\/p>\n<p class=\"ods-c-paragraph \">Hegseth pochwali\u0142 r\u00f3wnie\u017c europejskie wysi\u0142ki na rzecz zakupu ameryka\u0144skiej broni dla Ukrainy, kt\u00f3re, jak powiedzia\u0142, maj\u0105 kluczowe znaczenie dla obrony Kijowa. \u2014 Europejscy przyw\u00f3dcy wysy\u0142aj\u0105 Rosji jasny sygna\u0142 \u2014 powiedzia\u0142. \u2014 Nadszed\u0142 czas, aby zako\u0144czy\u0107 t\u0119 tragiczn\u0105 wojn\u0119, powstrzyma\u0107 niepotrzebne rozlewy krwi i zasi\u0105\u015b\u0107 do sto\u0142u pokojowego.<\/p>\n<p class=\"ods-c-paragraph \">Przedstawiciel NATO, kt\u00f3ry pod warunkiem zachowania anonimowo\u015bci wypowiedzia\u0142 si\u0119 na temat operacji wojskowych, podkre\u015bli\u0142 nieustanne zaanga\u017cowanie Ameryki na rzecz Ukrainy.<\/p>\n<p class=\"ods-c-paragraph \">Jego zdaniem sojusz &#8222;nie dostrzeg\u0142 \u017cadnych oznak ograniczenia wymiany informacji wywiadowczych ze strony ameryka\u0144skiej&#8221;. Doda\u0142, \u017ce USA zobowi\u0105za\u0142y si\u0119 &#8222;do zapewnienia znacz\u0105cego wsparcia wywiadowczego dla wszelkich potencjalnych gwarancji bezpiecze\u0144stwa&#8221; wdra\u017canych przez kraje europejskie w Ukrainie.<\/p>\n","protected":false},"excerpt":{"rendered":"Wypowied\u017a Hegsetha, kt\u00f3ra pad\u0142a podczas spotkania po\u015bwi\u0119conego Ukrainie w siedzibie NATO, odzwierciedla pog\u0142\u0119biaj\u0105c\u0105 si\u0119 frustracj\u0119 Bia\u0142ego Domu wobec&hellip;\n","protected":false},"author":2,"featured_media":51034,"comment_status":"","ping_status":"","sticky":false,"template":"","format":"standard","meta":{"footnotes":""},"categories":[5],"tags":[56,32,33,44,36,37,27,76,34,35,28,31,48,25,46,5613,42,38,40,1314,39,41,87,47,29,30,71,26,408],"class_list":{"0":"post-51033","1":"post","2":"type-post","3":"status-publish","4":"format-standard","5":"has-post-thumbnail","7":"category-naglowki","8":"tag-article_premium","9":"tag-breaking-news","10":"tag-breakingnews","11":"tag-donald_trump","12":"tag-featured-news","13":"tag-featurednews","14":"tag-headlines","15":"tag-inwazja_rosji_na_ukraine","16":"tag-latest-news","17":"tag-latestnews","18":"tag-naglowki","19":"tag-najwazniejsze-artykuly","20":"tag-nat_styl","21":"tag-news","22":"tag-omp","23":"tag-pete_hegseth","24":"tag-pl","25":"tag-poland","26":"tag-polish","27":"tag-politico","28":"tag-polska","29":"tag-polski","30":"tag-rosja","31":"tag-screening_general","32":"tag-top-stories","33":"tag-topstories","34":"tag-usa","35":"tag-wiadomosci","36":"tag-wladimir_putin"},"share_on_mastodon":{"url":"","error":""},"_links":{"self":[{"href":"https:\/\/www.europesays.com\/pl\/wp-json\/wp\/v2\/posts\/51033","targetHints":{"allow":["GET"]}}],"collection":[{"href":"https:\/\/www.europesays.com\/pl\/wp-json\/wp\/v2\/posts"}],"about":[{"href":"https:\/\/www.europesays.com\/pl\/wp-json\/wp\/v2\/types\/post"}],"author":[{"embeddable":true,"href":"https:\/\/www.europesays.com\/pl\/wp-json\/wp\/v2\/users\/2"}],"replies":[{"embeddable":true,"href":"https:\/\/www.europesays.com\/pl\/wp-json\/wp\/v2\/comments?post=51033"}],"version-history":[{"count":0,"href":"https:\/\/www.europesays.com\/pl\/wp-json\/wp\/v2\/posts\/51033\/revisions"}],"wp:featuredmedia":[{"embeddable":true,"href":"https:\/\/www.europesays.com\/pl\/wp-json\/wp\/v2\/media\/51034"}],"wp:attachment":[{"href":"https:\/\/www.europesays.com\/pl\/wp-json\/wp\/v2\/media?parent=51033"}],"wp:term":[{"taxonomy":"category","embeddable":true,"href":"https:\/\/www.europesays.com\/pl\/wp-json\/wp\/v2\/categories?post=51033"},{"taxonomy":"post_tag","embeddable":true,"href":"https:\/\/www.europesays.com\/pl\/wp-json\/wp\/v2\/tags?post=51033"}],"curies":[{"name":"wp","href":"https:\/\/api.w.org\/{rel}","templated":true}]}}