{"id":51039,"date":"2025-10-15T20:59:07","date_gmt":"2025-10-15T20:59:07","guid":{"rendered":"https:\/\/www.europesays.com\/pl\/51039\/"},"modified":"2025-10-15T20:59:07","modified_gmt":"2025-10-15T20:59:07","slug":"czip-apple-m5-zadebiutowal-lepsza-obsluga-ai-i-ray-tracingu-oraz-usprawniona-pamiec-ram-omowienie-i-porownanie-z-m3-i-m4","status":"publish","type":"post","link":"https:\/\/www.europesays.com\/pl\/51039\/","title":{"rendered":"Czip Apple M5 zadebiutowa\u0142. Lepsza obs\u0142uga AI i Ray Tracingu oraz usprawniona pami\u0119\u0107 RAM. Om\u00f3wienie i por\u00f3wnanie z M3 i M4"},"content":{"rendered":"<p><img decoding=\"async\" class=\"teaserfoto\" src=\"https:\/\/www.europesays.com\/pl\/wp-content\/uploads\/2025\/10\/48584.png\" alt=\"Czip Apple M5 zadebiutowa\u0142. Lepsza obs\u0142uga AI i Ray Tracingu oraz usprawniona pami\u0119\u0107 RAM. Om\u00f3wienie i por\u00f3wnanie z M3 i M4\"\/>Nadszed\u0142 wyczekiwany przez wiele os\u00f3b dzie\u0144, w kt\u00f3rym firma Apple prezentuje nowe produkty. W ich sk\u0142ad wchodz\u0105 zar\u00f3wno urz\u0105dzenia elektroniczne, jak i nowy mobilny chip, kt\u00f3rego om\u00f3wieniem zajmiemy si\u0119 w tym materiale. Apple M5 skupia si\u0119 w du\u017cej mierze na lepszej obs\u0142udze sztucznej inteligencji, na co wp\u0142ywa nowa architektura GPU, kt\u00f3ra wykorzystuje specjalne akceleratory. Mamy te\u017c udoskonalony NPU, lepsz\u0105 obs\u0142ug\u0119 Ray Tracingu i wy\u017csz\u0105 og\u00f3ln\u0105 wydajno\u015b\u0107 graficzn\u0105.<\/p>\n<p>Firma Apple oficjalnie przedstawi\u0142a sw\u00f3j nowy chip M5. Swoje miejsce znalaz\u0142 on w takich produktach, jak MacBook Pro, iPad Pro i Apple Vision Pro. Skupia si\u0119 on na wydajnej obs\u0142udze AI, a przy tym poprawia og\u00f3ln\u0105 wydajno\u015b\u0107 GPU.<\/p>\n<p><a class=\"colorbox\" href=\"https:\/\/www.purepc.pl\/image\/news\/2025\/10\/15_czip_apple_m5_zadebiutowal_lepsza_obsluga_ai_i_ray_tracingu_oraz_usprawniona_pamiec_ram_omowienie_i_porownanie_z_m3_i_m4_1_b.jpg\" rel=\"nofollow noopener\" target=\"_blank\"><img decoding=\"async\" src=\"https:\/\/www.europesays.com\/pl\/wp-content\/uploads\/2025\/10\/15_czip_apple_m5_zadebiutowal_lepsza_obsluga_ai_i_ray_tracingu_oraz_usprawniona_pamiec_ram_omowienie.jpeg\" alt=\"Czip Apple M5 zadebiutowa\u0142. Lepsza obs\u0142uga AI i Ray Tracingu oraz usprawniona pami\u0119\u0107 RAM. Om\u00f3wienie i por\u00f3wnanie z M3 i M4 [1]\"\/><\/a><\/p>\n<p><a title=\"Apple M4 oficjalnie zaprezentowany - nowy procesor skorzysta nie tylko z od\u015bwie\u017conej litografii, ale i technologii Mesh Shaders\" href=\"https:\/\/www.purepc.pl\/apple-m4-oficjalnie-zaprezentowany-nowy-procesor-skorzysta-nie-tylko-z-odswiezonej-litografii-ale-i-technologii-mesh-shaders\" rel=\"nofollow noopener\" target=\"_blank\">Apple M4 oficjalnie zaprezentowany &#8211; nowy procesor skorzysta nie tylko z od\u015bwie\u017conej litografii, ale i technologii Mesh Shaders<\/a><\/p>\n<p>&#8222;Firma Apple przedstawi\u0142a dzi\u015b czip M5, kt\u00f3ry jest rewolucyjny pod ka\u017cdym wzgl\u0119dem i stanowi gigantyczny post\u0119p w rozwoju AI&#8221; &#8211; tak rozpoczyna si\u0119 oficjalne om\u00f3wienie nowego uk\u0142adu, kt\u00f3re od razu wskazuje, co w du\u017cej mierze by\u0142o motorem nap\u0119dowym przy jego tworzeniu. Mowa rzecz jasna o sztucznej inteligencji. Uk\u0142ad graficzny czipu <a href=\"https:\/\/www.purepc.pl\/tagi\/apple\" rel=\"nofollow noopener\" target=\"_blank\">Apple<\/a> M5 opiera si\u0119 na nowej architekturze &#8211; ka\u017cdy z 10-rdzeni ma bowiem do dyspozycji sw\u00f3j akcelerator (Neural Accelerator). To rozwi\u0105zanie ma si\u0119 przyczyni\u0107 do lepszej obs\u0142ugi zada\u0144 zwi\u0105zanych z <a href=\"https:\/\/www.purepc.pl\/tagi\/ai\" rel=\"nofollow noopener\" target=\"_blank\">AI<\/a> przez GPU, a w tzw. peaku&#8221;wydajno\u015b\u0107 obliczeniowa jest ponad 4x wy\u017csza ni\u017c w M4&#8243;. Warto wspomnie\u0107, \u017ce udoskonalony uk\u0142ad graficzny wprowadza r\u00f3wnie\u017c lepsz\u0105 obs\u0142ug\u0119 <a href=\"https:\/\/www.purepc.pl\/tagi\/ray-tracing\" rel=\"nofollow noopener\" target=\"_blank\">Ray Tracingu<\/a>, a GPU ma by\u0107 wydajniejszy od tego z Apple M4 o 30 lub 45% (w przypadku aplikacji i gier korzystaj\u0105cych z RT). Mamy tak\u017ce ulepszony, cho\u0107 nadal 16-rdzeniowy NPU, acz nie podano dok\u0142adnej wydajno\u015bci. Przepustowo\u015b\u0107 pami\u0119ci zunifikowanej wynosi teraz do 153 GB\/s, wi\u0119c mamy popraw\u0119 o troch\u0119 ponad 20%.<\/p>\n<tr>\n<td style=\"width: 23.3648%;\">\u00a0<\/td>\n<td style=\"width: 23.3648%;\">Apple M3<\/td>\n<td style=\"width: 23.3648%;\">Apple M4<\/td>\n<td style=\"width: 23.3648%;\">Apple M5<\/td>\n<\/tr>\n<tr>\n<td style=\"width: 23.3648%;\">Litografia<\/td>\n<td style=\"width: 23.3648%;\">3 nm (1. generacja)<\/td>\n<td style=\"width: 23.3648%;\">3 nm (2. generacja)<\/td>\n<td style=\"width: 23.3648%;\">3 nm (3. generacja)<\/td>\n<\/tr>\n<tr>\n<td style=\"width: 23.3648%;\">Tranzystory<\/td>\n<td style=\"width: 23.3648%;\">25 mld<\/td>\n<td style=\"width: 23.3648%;\">28 mld<\/td>\n<td style=\"width: 23.3648%;\">?<\/td>\n<\/tr>\n<tr>\n<td style=\"width: 23.3648%;\">Procesor<\/td>\n<td style=\"width: 23.3648%;\">8 rdzeni<br \/>4P\/4E<\/td>\n<td style=\"width: 46.7296%;\" colspan=\"2\">max. 10-rdzeniowy<br \/>do 4P i 6E<\/td>\n<\/tr>\n<tr>\n<td style=\"width: 23.3648%;\">Uk\u0142ad graficzny<\/td>\n<td style=\"width: 70.0944%;\" colspan=\"3\">10-rdzeniowy<\/td>\n<\/tr>\n<tr>\n<td style=\"width: 23.3648%;\">NPU<\/td>\n<td>16-rdzeniowy (16 TOPS)<\/td>\n<td>16-rdzeniowy (38 TOPS)<\/td>\n<td style=\"width: 23.3648%;\">16-rdzeniowy<\/td>\n<\/tr>\n<tr>\n<td style=\"width: 23.3648%;\">Pami\u0119\u0107 RAM<\/td>\n<td style=\"width: 23.3648%;\">do 24 GB (do 100 GB\/s)<\/td>\n<td style=\"width: 23.3648%;\">do 32 GB (do 120 GB\/s)<\/td>\n<td style=\"width: 23.3648%;\">do 32 GB (do 153 GB\/s)<\/td>\n<\/tr>\n<tr>\n<td style=\"width: 23.3648%;\">Dynamic Caching<\/td>\n<td colspan=\"2\">1. generacja<\/td>\n<td style=\"width: 23.3648%;\">2. generacja<\/td>\n<\/tr>\n<tr>\n<td style=\"width: 23.3648%;\">Ray Tracing<\/td>\n<td colspan=\"3\">Wsparcie do strony sprz\u0119towej<\/td>\n<\/tr>\n<p><a title=\"Apple M4 Pro i Apple M4 Max zaprezentowane. Procesory oferuj\u0105 wsparcie dla Thunderbolt 5 i lepsz\u0105 obs\u0142ug\u0119 Apple Intelligence\" href=\"https:\/\/www.purepc.pl\/apple-m4-pro-i-apple-m4-max-zaprezentowane-nowosci-oferuja-wsparcie-dla-thunderbolt-5-i-lepsza-obsluge-apple-intelligence\" rel=\"nofollow noopener\" target=\"_blank\">Apple M4 Pro i Apple M4 Max zaprezentowane. Procesory oferuj\u0105 wsparcie dla Thunderbolt 5 i lepsz\u0105 obs\u0142ug\u0119 Apple Intelligence<\/a><\/p>\n<p>Usprawnienia zwi\u0105zane z AI maj\u0105 pom\u00f3c w lepszej obs\u0142udze modeli dyfuzyjnych (generowanie obraz\u00f3w), czy te\u017c du\u017cych modeli j\u0119zykowych (tzw. LLM). Do tego mamy &#8222;przeprojektowan\u0105 technologi\u0119&#8221; Dynamic Caching, dzi\u0119ki kt\u00f3rej gry (i nie tylko) maj\u0105 dzia\u0142a\u0107 lepiej, a grafika w aplikacjach 3D powinna wygl\u0105da\u0107 przyjemniej dla oka. Wzrost wydajno\u015bci b\u0119dzie mo\u017cna zauwa\u017cy\u0107 tak\u017ce w Core ML, Metal Performance Shaders i Metal 4, a nowe akceleratory (Neural Accelerator) mo\u017cna programowa\u0107 przez interfejsy Tensor API (Metal 4). Apple M5 wp\u0142ywa pozytywnie r\u00f3wnie\u017c na dzia\u0142anie nowego Apple Vision Pro, ale o tym dowiemy si\u0119 wi\u0119cej w innym materiale. Wszystkie informacje pochodz\u0105 z materia\u0142u od Apple, kt\u00f3ry mo\u017cemy znale\u017a\u0107 <a href=\"https:\/\/www.apple.com\/pl\/newsroom\/2025\/10\/apple-unleashes-m5-the-next-big-leap-in-ai-performance-for-apple-silicon\/\" rel=\"nofollow noopener\" target=\"_blank\">POD TYM ADRESEM<\/a>.<\/p>\n<p><a class=\"colorbox\" href=\"https:\/\/www.purepc.pl\/image\/news\/2025\/10\/15_czip_apple_m5_zadebiutowal_lepsza_obsluga_ai_i_ray_tracingu_oraz_usprawniona_pamiec_ram_omowienie_i_porownanie_z_m3_i_m4_0_b.jpg\" rel=\"nofollow noopener\" target=\"_blank\"><img decoding=\"async\" src=\"https:\/\/www.europesays.com\/pl\/wp-content\/uploads\/2025\/10\/1760561947_132_15_czip_apple_m5_zadebiutowal_lepsza_obsluga_ai_i_ray_tracingu_oraz_usprawniona_pamiec_ram_omowienie.jpeg\" alt=\"Czip Apple M5 zadebiutowa\u0142. Lepsza obs\u0142uga AI i Ray Tracingu oraz usprawniona pami\u0119\u0107 RAM. Om\u00f3wienie i por\u00f3wnanie z M3 i M4 [2]\"\/><\/a><\/p>\n<p>\u0179r\u00f3d\u0142o: TechPowerUp, Apple, Wikipedia, Grafika mobilna: Laurenz Heymann\/Unsplash<\/p>\n","protected":false},"excerpt":{"rendered":"Nadszed\u0142 wyczekiwany przez wiele os\u00f3b dzie\u0144, w kt\u00f3rym firma Apple prezentuje nowe produkty. W ich sk\u0142ad wchodz\u0105 zar\u00f3wno&hellip;\n","protected":false},"author":2,"featured_media":51040,"comment_status":"","ping_status":"","sticky":false,"template":"","format":"standard","meta":{"footnotes":""},"categories":[20],"tags":[13804,776,489,9541,120,118,119,13805,13806,42,38,40,39,41,5948,116,114,115,777,121,117],"class_list":{"0":"post-51039","1":"post","2":"type-post","3":"status-publish","4":"format-standard","5":"has-post-thumbnail","7":"category-nauka-i-technika","8":"tag-3-nm","9":"tag-ai","10":"tag-apple","11":"tag-apple-m5","12":"tag-nauka","13":"tag-nauka-i-technika","14":"tag-naukatechnika","15":"tag-neural-accelerator","16":"tag-npu","17":"tag-pl","18":"tag-poland","19":"tag-polish","20":"tag-polska","21":"tag-polski","22":"tag-ray-tracing","23":"tag-science","24":"tag-science-and-technology","25":"tag-sciencetechnology","26":"tag-sztuczna-inteligencja","27":"tag-technika","28":"tag-technology"},"share_on_mastodon":{"url":"","error":""},"_links":{"self":[{"href":"https:\/\/www.europesays.com\/pl\/wp-json\/wp\/v2\/posts\/51039","targetHints":{"allow":["GET"]}}],"collection":[{"href":"https:\/\/www.europesays.com\/pl\/wp-json\/wp\/v2\/posts"}],"about":[{"href":"https:\/\/www.europesays.com\/pl\/wp-json\/wp\/v2\/types\/post"}],"author":[{"embeddable":true,"href":"https:\/\/www.europesays.com\/pl\/wp-json\/wp\/v2\/users\/2"}],"replies":[{"embeddable":true,"href":"https:\/\/www.europesays.com\/pl\/wp-json\/wp\/v2\/comments?post=51039"}],"version-history":[{"count":0,"href":"https:\/\/www.europesays.com\/pl\/wp-json\/wp\/v2\/posts\/51039\/revisions"}],"wp:featuredmedia":[{"embeddable":true,"href":"https:\/\/www.europesays.com\/pl\/wp-json\/wp\/v2\/media\/51040"}],"wp:attachment":[{"href":"https:\/\/www.europesays.com\/pl\/wp-json\/wp\/v2\/media?parent=51039"}],"wp:term":[{"taxonomy":"category","embeddable":true,"href":"https:\/\/www.europesays.com\/pl\/wp-json\/wp\/v2\/categories?post=51039"},{"taxonomy":"post_tag","embeddable":true,"href":"https:\/\/www.europesays.com\/pl\/wp-json\/wp\/v2\/tags?post=51039"}],"curies":[{"name":"wp","href":"https:\/\/api.w.org\/{rel}","templated":true}]}}