{"id":51041,"date":"2025-10-15T21:00:11","date_gmt":"2025-10-15T21:00:11","guid":{"rendered":"https:\/\/www.europesays.com\/pl\/51041\/"},"modified":"2025-10-15T21:00:11","modified_gmt":"2025-10-15T21:00:11","slug":"polacy-moga-dostac-kilka-tys-zl-dodatkow-oto-komu-przysluguja-i-jak-je-zdobyc","status":"publish","type":"post","link":"https:\/\/www.europesays.com\/pl\/51041\/","title":{"rendered":"Polacy mog\u0105 dosta\u0107 kilka tys. z\u0142 dodatk\u00f3w. Oto komu przys\u0142uguj\u0105 i jak je zdoby\u0107"},"content":{"rendered":"<p class=\"Paragraph_desktopParagraph__U31Gm\">Najpopularniejszym dodatkiem do <a href=\"https:\/\/kobieta.onet.pl\/emerytura\" id=\"173e1b94-930c-432d-b6fd-47c0517242ea\" rel=\"nofollow noopener\" target=\"_blank\">emerytur<\/a> i rent jest dodatek piel\u0119gnacyjny, od marca 2025 r. wynosz\u0105cy 348,22 z\u0142. Jak czytamy na stronie ZUS, dodatek piel\u0119gnacyjny przyznawany jest automatycznie i nie podlega opodatkowaniu ani potr\u0105ceniom.<\/p>\n<p class=\"Paragraph_desktopParagraph__U31Gm\">Dodatek piel\u0119gnacyjny jest przyznawany osobom, kt\u00f3re uko\u0144czy\u0142y 75 lat i pobieraj\u0105 emerytur\u0119 lub rent\u0119 z tytu\u0142u niezdolno\u015bci do pracy, a tak\u017ce inne d\u0142ugoterminowe \u015bwiadczenia wyp\u0142acane przez ZUS \u2014 z wyj\u0105tkiem renty socjalnej oraz rodzicielskiego \u015bwiadczenia uzupe\u0142niaj\u0105cego &#8222;Mama 4 plus&#8221;.<\/p>\n<p class=\"VideoPlayerText_videoPlayerText__iDwyz\">Dalszy ci\u0105g materia\u0142u pod wideo<\/p>\n<p class=\"Paragraph_desktopParagraph__U31Gm\">Osoby poni\u017cej 75. roku \u017cycia mog\u0105 otrzyma\u0107 dodatek piel\u0119gnacyjny na wniosek, je\u015bli lekarz orzecznik Zak\u0142adu Ubezpiecze\u0144 Spo\u0142ecznych lub komisja lekarska uzna je za ca\u0142kowicie niezdolne do pracy i samodzielnej egzystencji.<\/p>\n<ul class=\"OchatFollowUps_wrapper__1ry7X\">\n<li class=\"OchatFollowUps_item__Dhyly OchatFollowUps_itemDesktop__R6aBv\">Jakie \u015bwiadczenia mo\u017cna otrzyma\u0107 od ZUS?<\/li>\n<li class=\"OchatFollowUps_item__Dhyly OchatFollowUps_itemDesktop__R6aBv\">Ile wynosi dodatek piel\u0119gnacyjny dla emeryt\u00f3w?<\/li>\n<li class=\"OchatFollowUps_item__Dhyly OchatFollowUps_itemDesktop__R6aBv\">Kto mo\u017ce ubiega\u0107 si\u0119 o dodatek piel\u0119gnacyjny?<\/li>\n<li class=\"OchatFollowUps_item__Dhyly OchatFollowUps_itemDesktop__R6aBv\">Jakie s\u0105 inne dodatki dla senior\u00f3w opr\u00f3cz dodatku piel\u0119gnacyjnego?<\/li>\n<\/ul>\n<p class=\"Paragraph_desktopParagraph__U31Gm\">Wed\u0142ug ZUS osoby ca\u0142kowicie niezdolne do pracy i samodzielnej egzystencji, kt\u00f3re pobieraj\u0105 rent\u0119 lub \u015bwiadczenie &#8222;Mama 4 plus&#8221;, albo nie otrzymuj\u0105 \u017cadnego innego \u015bwiadczenia, mog\u0105 ubiega\u0107 si\u0119 o zasi\u0142ek piel\u0119gnacyjny. Wniosek nale\u017cy z\u0142o\u017cy\u0107 w urz\u0119dzie gminy lub o\u015brodku pomocy spo\u0142ecznej.<\/p>\n<p class=\"Paragraph_desktopParagraph__U31Gm\">Opr\u00f3cz dodatku piel\u0119gnacyjnego ZUS wyp\u0142aca tak\u017ce inne \u015bwiadczenia emerytom i rencistom. S\u0105 to:<\/p>\n<ul class=\"UnorderedList_container__nmfSl\">\n<li class=\"UnorderedList_listElement__Py7xi UnorderedList_listElementDefault__oEOOV\">dodatek za tajne nauczanie w okresie II wojny \u015bwiatowej \u2014 348,22 z\u0142,<\/li>\n<li class=\"UnorderedList_listElement__Py7xi UnorderedList_listElementDefault__oEOOV\">dodatek kombatancki \u2014 348,22 z\u0142,<\/li>\n<li class=\"UnorderedList_listElement__Py7xi UnorderedList_listElementDefault__oEOOV\">dodatek piel\u0119gnacyjny dla inwalidy wojennego uznanego za ca\u0142kowicie niezdolnego do pracy i do samodzielnej egzystencji \u2014 522,34 z\u0142,<\/li>\n<li class=\"UnorderedList_listElement__Py7xi UnorderedList_listElementDefault__oEOOV\">dodatek dla sieroty zupe\u0142nej (mo\u017ce by\u0107 pobierany te\u017c w przypadku, gdy matka nie \u017cyje, a ojciec jest nieznany) \u2014 654,48 z\u0142,<\/li>\n<li class=\"UnorderedList_listElement__Py7xi UnorderedList_listElementDefault__oEOOV\">dodatek kompensacyjny dla grup bior\u0105cych udzia\u0142 w dzia\u0142aniach wojennych lub pracy w okre\u015blonych warunkach \u2014 52,23 z\u0142,<\/li>\n<li class=\"UnorderedList_listElement__Py7xi UnorderedList_listElementDefault__oEOOV\">dodatek do renty inwalidy wojennego \u2014 1333,24 z\u0142,<\/li>\n<li class=\"UnorderedList_listElement__Py7xi UnorderedList_listElementDefault__oEOOV\">\u015bwiadczenie pieni\u0119\u017cne dla by\u0142ych \u017co\u0142nierzy g\u00f3rnik\u00f3w oraz \u015bwiadczenie przys\u0142uguj\u0105ce osobom deportowanym ustalone w maksymalnej wysoko\u015bci \u2014 348,22 z\u0142,<\/li>\n<li class=\"UnorderedList_listElement__Py7xi UnorderedList_listElementDefault__oEOOV\">\u015bwiadczenie przys\u0142uguj\u0105ce osobom deportowanym w latach 1939-1945 \u2014 od 17,46 z\u0142 do 330,86 z\u0142,<\/li>\n<li class=\"UnorderedList_listElement__Py7xi UnorderedList_listElementDefault__oEOOV\">rycza\u0142t energetyczny \u2014 312,71 z\u0142,<\/li>\n<li class=\"UnorderedList_listElement__Py7xi UnorderedList_listElementDefault__oEOOV\">ekwiwalent z tytu\u0142u prawa do bezp\u0142atnego w\u0119gla jako cz\u0119\u015bci wynagrodzenia \u2014 kwota ustalana jest od ilo\u015bci przyznanego w\u0119gla i ceny w skupie.<\/li>\n<\/ul>\n<p class=\"Paragraph_desktopParagraph__U31Gm\">Od 2025 r. wprowadzono te\u017c dodatek dope\u0142niaj\u0105cy do renty socjalnej dla os\u00f3b ca\u0142kowicie niezdolnych do pracy i samodzielnej egzystencji. Kwota przesz\u0142a waloryzacj\u0119 w marcu br. i wynosi teraz 2 610,72 z\u0142. Dodatek jest wyp\u0142acany razem z rent\u0105.<\/p>\n<p class=\"Paragraph_desktopParagraph__U31Gm\">Seniorom z orzeczeniem o niepe\u0142nosprawno\u015bci przys\u0142uguje te\u017c \u015bwiadczenie wspieraj\u0105ce. Kwota zale\u017cy od poziomu potrzeby wsparcia i wynosi od 40 proc. do 220 proc. renty socjalnej.<\/p>\n<p class=\"Paragraph_desktopParagraph__U31Gm\">Osoby starsze niezdolne do samodzielnej egzystencji mog\u0105 otrzyma\u0107 te\u017c 500+ dla seniora. To \u015bwiadczenie przys\u0142uguje pod warunkiem, \u017ce \u0142\u0105czny doch\u00f3d z emerytur, rent i innych \u015bwiadcze\u0144 publicznych nie przekracza okre\u015blonego progu \u2014 w tym wypadku 2 552,39 z\u0142.<\/p>\n","protected":false},"excerpt":{"rendered":"Najpopularniejszym dodatkiem do emerytur i rent jest dodatek piel\u0119gnacyjny, od marca 2025 r. wynosz\u0105cy 348,22 z\u0142. Jak czytamy&hellip;\n","protected":false},"author":2,"featured_media":51042,"comment_status":"","ping_status":"","sticky":false,"template":"","format":"standard","meta":{"footnotes":""},"categories":[16],"tags":[113,112,470,105,4287,8211,67,53,52,68,51,55,42,38,40,39,41,9274,47,5121,50,7447],"class_list":{"0":"post-51041","1":"post","2":"type-post","3":"status-publish","4":"format-standard","5":"has-post-thumbnail","7":"category-biznes","8":"tag-biznes","9":"tag-business","10":"tag-educate_me","11":"tag-ekonomia","12":"tag-emerytury","13":"tag-emerytury_emerytura_13_emerytura_14_emerytura_system_emerytalny_renta_renty","14":"tag-intextvideo_splayer","15":"tag-new_header","16":"tag-onet3","17":"tag-onet3d","18":"tag-onet3d_2i","19":"tag-phx","20":"tag-pl","21":"tag-poland","22":"tag-polish","23":"tag-polska","24":"tag-polski","25":"tag-renta","26":"tag-screening_general","27":"tag-seniorzy","28":"tag-v2021","29":"tag-zaklad_ubezpieczen_spolecznych_zus"},"share_on_mastodon":{"url":"","error":""},"_links":{"self":[{"href":"https:\/\/www.europesays.com\/pl\/wp-json\/wp\/v2\/posts\/51041","targetHints":{"allow":["GET"]}}],"collection":[{"href":"https:\/\/www.europesays.com\/pl\/wp-json\/wp\/v2\/posts"}],"about":[{"href":"https:\/\/www.europesays.com\/pl\/wp-json\/wp\/v2\/types\/post"}],"author":[{"embeddable":true,"href":"https:\/\/www.europesays.com\/pl\/wp-json\/wp\/v2\/users\/2"}],"replies":[{"embeddable":true,"href":"https:\/\/www.europesays.com\/pl\/wp-json\/wp\/v2\/comments?post=51041"}],"version-history":[{"count":0,"href":"https:\/\/www.europesays.com\/pl\/wp-json\/wp\/v2\/posts\/51041\/revisions"}],"wp:featuredmedia":[{"embeddable":true,"href":"https:\/\/www.europesays.com\/pl\/wp-json\/wp\/v2\/media\/51042"}],"wp:attachment":[{"href":"https:\/\/www.europesays.com\/pl\/wp-json\/wp\/v2\/media?parent=51041"}],"wp:term":[{"taxonomy":"category","embeddable":true,"href":"https:\/\/www.europesays.com\/pl\/wp-json\/wp\/v2\/categories?post=51041"},{"taxonomy":"post_tag","embeddable":true,"href":"https:\/\/www.europesays.com\/pl\/wp-json\/wp\/v2\/tags?post=51041"}],"curies":[{"name":"wp","href":"https:\/\/api.w.org\/{rel}","templated":true}]}}