{"id":510427,"date":"2026-06-22T20:36:23","date_gmt":"2026-06-22T20:36:23","guid":{"rendered":"https:\/\/www.europesays.com\/pl\/510427\/"},"modified":"2026-06-22T20:36:23","modified_gmt":"2026-06-22T20:36:23","slug":"siostra-zaginionego-odkryla-jego-planowana-trase","status":"publish","type":"post","link":"https:\/\/www.europesays.com\/pl\/510427\/","title":{"rendered":"Siostra zaginionego odkry\u0142a jego planowan\u0105 tras\u0119"},"content":{"rendered":"<p>            <a href=\"https:\/\/s-trojmiasto.pl\/zdj\/c\/n\/9\/4353\/1440x0\/4353410-Jedna-z-ostatnich-fotografii-zamieszczonych-w-mediach-spolecznosciowych-przez-44-latka-z-Sopotu.webp\" target=\"_blank\" data-slide-name=\"846208\" data-lightbox-target=\"photo full\" data-sub-html=\"&lt;h4&gt;Jedna z ostatnich fotografii zamieszczonych w mediach spo\u0142eczno\u015bciowych przez 44-latka z Sopotu.&lt;\/h4&gt;&lt;p&gt;fot. Morskie Psy\/facebook.com&lt;\/p&gt;&#010;\" class=\"photoMarker__link\" data-filter-brightness=\"brightness--100\" rel=\"nofollow noopener\"><\/p>\n<p>    <img decoding=\"async\" style=\"height:777px; aspect-ratio: 0.9645\/1; filter:brightness(1);\" alt=\"Jedna z ostatnich fotografii zamieszczonych w mediach spo\u0142eczno\u015bciowych przez 44-latka z Sopotu.\" src=\"https:\/\/www.europesays.com\/pl\/wp-content\/uploads\/2026\/06\/4353410-Jedna-z-ostatnich-fotografii-zamieszczonych-w-mediach-spolecznosciowych-przez.webp\" class=\"photoMarker__img \" data-slider=\"img\" fetchpriority=\"high\"\/><\/p>\n<p>            <\/a><\/p>\n<p class=\"lead\">Po ponad p\u00f3\u0142 roku powraca sprawa <a data-tklik=\"401224\" target=\"_blank\" href=\"https:\/\/www.trojmiasto.pl\/wiadomosci\/Sopocki-trener-psow-zaginal-we-Wloszech-n211451.html\" rel=\"nofollow noopener\">zaginionego we W\u0142oszech 44-letniego Karola Bro\u017cka<\/a>, znanego sopockiego trenera ps\u00f3w. M\u0119\u017cczyzna podr\u00f3\u017cowa\u0142 kamperem w\u00a0towarzystwie dw\u00f3ch ps\u00f3w, z\u00a0kt\u00f3rymi wyruszy\u0142  we w\u0142oskie g\u00f3ry. Pojazd, kt\u00f3rym si\u0119 przemieszcza\u0142, zosta\u0142 odnaleziony porzucony. Siostra zaginionego odnalaz\u0142a w\u00a0jego komputerze zaplanowan\u0105 tras\u0119 w\u0119dr\u00f3wki &#8211; i\u00a0teraz sama wyruszy\u0142a t\u0105 sam\u0105 drog\u0105, by szuka\u0107 \u015blad\u00f3w brata.<\/p>\n<p>Sopocianin zagin\u0105\u0142 w\u00a0listopadzie w\u00a0Apeninach<br \/>\nPoszukiwania 44-letniego Karola Bro\u017cka trwaj\u0105 od ko\u0144ca listopada ub. r. Podr\u00f3\u017cowa\u0142 on wraz z\u00a0dwoma psami &#8211; Piratem i\u00a0Krakenem &#8211; po Apeninach. Tury\u015bci odnale\u017ali jego kamper w\u00a0okolicach masywu Gran Sasso. Auto by\u0142o cz\u0119\u015bciowo zakopane w\u00a0\u015bniegu, wi\u0119c zaalarmowali oni s\u0142u\u017cby.<\/p>\n<p>W listopadzie i\u00a0grudniu we w\u0142oskich g\u00f3rach panowa\u0142y do\u015b\u0107 ci\u0119\u017ckie warunki pogodowe &#8211; poza intensywnymi opadami \u015bniegu ekipy poszukiwawcze musia\u0142y si\u0119 te\u017c mierzy\u0107 z\u00a0silnym wiatrem. W\u00a0zwi\u0105zku z\u00a0tym poszukiwania kilka razy przerywano i\u00a0podejmowano je na nowo. Niestety, zaginionego nie uda\u0142o si\u0119 odnale\u017a\u0107.<\/p>\n<p>Dopiero 12 grudnia poszukiwacze znale\u017ali za to jednego z\u00a0ps\u00f3w &#8211; Pirata. Zwierz\u0119 by\u0142o wycie\u0144czone i\u00a0wyg\u0142odzone, ale prze\u017cy\u0142o.<\/p>\n<p>Siostra zaginionego odtworzy\u0142a jego tras\u0119<br \/>\nSam\u0105 akcj\u0119 poszukiwawcz\u0105 od pocz\u0105tku relacjonowa\u0142a w\u00a0mediach spo\u0142eczno\u015bciowych siostra zaginionego &#8211; Diana Bro\u017cek, kt\u00f3ra kilka dni temu og\u0142osi\u0142a, \u017ce uda\u0142o jej si\u0119 &#8211; na podstawie informacji w\u00a0laptopie znalezionym w\u00a0kamperze &#8211; odtworzy\u0107 tras\u0119, w\u00a0kt\u00f3r\u0105 w\u00a0listopadzie ub. r. wybiera\u0142 si\u0119 jej brat.<\/p>\n<p>                                    <a data-tklik=\"294848\" href=\"https:\/\/katalog.trojmiasto.pl\/hobby_i_czas_wolny\/szkolenia_psow\/\" rel=\"nofollow noopener\" target=\"_blank\"><br \/>\n                                                    Katalog.trojmiasto.pl \u2013<br \/>\n                                                                    Szkolania ps\u00f3w w Tr\u00f3jmie\u015bcie<br \/>\n                                                                    <\/a><\/p>\n<p>                <a data-tklik=\"294848\" href=\"https:\/\/katalog.trojmiasto.pl\/hobby_i_czas_wolny\/szkolenia_psow\/\" rel=\"nofollow noopener\" target=\"_blank\"><br \/>\n                    wi\u0119cej<\/p>\n<p>                <\/a><\/p>\n<p>Teraz sama spr\u00f3buje j\u0105 przej\u015b\u0107, licz\u0105c, \u017ce uda si\u0119 odnale\u017a\u0107 \u015blady Karola.<\/p>\n<p>&#8211; Przed samym opuszczeniem kampera o\u00a0godz. 7:50 konsultowa\u0142 si\u0119 z\u00a0czatem GPT (na temat warunk\u00f3w pogodowych i\u00a0bezpiecze\u0144stwa szlaku dla ps\u00f3w) oraz zaplanowa\u0142 tras\u0119 na aplikacji Komoot. W\u0142a\u015bnie wyruszam t\u0105 sam\u0105 tras\u0105 &#8211; siostra zaginionego napisa\u0142a w\u00a0mediach spo\u0142eczno\u015bciowych.<br \/>Nie jest wykluczone, \u017ce kobiecie uda si\u0119 znale\u017a\u0107 odpowiedzi na przynajmniej cz\u0119\u015b\u0107 pyta\u0144 dotycz\u0105cych zagini\u0119cia jej brata.<\/p>\n<p>Co mog\u0142o si\u0119 sta\u0107 w\u00a0g\u00f3rach?<\/p>\n<p>Ju\u017c wcze\u015bniej brano pod uwag\u0119 kilka scenariuszy w\u00a0tej sprawie. Bliscy zaginionego i\u00a0pracownicy s\u0142u\u017cb domniemali, \u017ce Karol Bro\u017cek m\u00f3g\u0142 z\u00a0powodu g\u0119stej mg\u0142y i\u00a0silnych opad\u00f3w \u015bniegu zboczy\u0107 z\u00a0zaplanowanej trasy i\u00a0straci\u0107 orientacj\u0119 w\u00a0terenie. Nie mo\u017cna te\u017c wykluczy\u0107 wypadku, na przyk\u0142ad po\u015blizgni\u0119cia si\u0119 i\u00a0upadku z\u00a0wysoko\u015bci. Istnieje r\u00f3wnie\u017c mo\u017cliwo\u015b\u0107, \u017ce m\u0119\u017cczyzna m\u00f3g\u0142 pr\u00f3bowa\u0107 znale\u017a\u0107 schronienie przed mrozem w\u00a0kt\u00f3rej\u015b ze szczelin skalnych, ale nie unikn\u0105\u0142 hipotermii.\n                <\/p>\n","protected":false},"excerpt":{"rendered":"Po ponad p\u00f3\u0142 roku powraca sprawa zaginionego we W\u0142oszech 44-letniego Karola Bro\u017cka, znanego sopockiego trenera ps\u00f3w. M\u0119\u017cczyzna podr\u00f3\u017cowa\u0142&hellip;\n","protected":false},"author":2,"featured_media":510428,"comment_status":"","ping_status":"","sticky":false,"template":"","format":"standard","meta":{"footnotes":"","_share_on_mastodon":"0"},"categories":[51610],"tags":[39027,1048,1064,53946,3760,9717,99289,6758,6183,42,26736,38,40,39,41,21800,14794,1063,1813,10862,54603,898,40400],"class_list":["post-510427","post","type-post","status-publish","format-standard","has-post-thumbnail","category-gdansk","tag-brat","tag-gdansk","tag-gdynia","tag-gora","tag-gory","tag-kamper","tag-karol-brozek","tag-komputer","tag-pies","tag-pl","tag-pojazd","tag-poland","tag-polish","tag-polska","tag-polski","tag-siostra","tag-slad","tag-sopot","tag-trasa","tag-trener","tag-wedrowka","tag-wlochy","tag-zaginiony"],"share_on_mastodon":{"url":"https:\/\/pubeurope.com\/@pl\/116795683429982728","error":""},"_links":{"self":[{"href":"https:\/\/www.europesays.com\/pl\/wp-json\/wp\/v2\/posts\/510427","targetHints":{"allow":["GET"]}}],"collection":[{"href":"https:\/\/www.europesays.com\/pl\/wp-json\/wp\/v2\/posts"}],"about":[{"href":"https:\/\/www.europesays.com\/pl\/wp-json\/wp\/v2\/types\/post"}],"author":[{"embeddable":true,"href":"https:\/\/www.europesays.com\/pl\/wp-json\/wp\/v2\/users\/2"}],"replies":[{"embeddable":true,"href":"https:\/\/www.europesays.com\/pl\/wp-json\/wp\/v2\/comments?post=510427"}],"version-history":[{"count":0,"href":"https:\/\/www.europesays.com\/pl\/wp-json\/wp\/v2\/posts\/510427\/revisions"}],"wp:featuredmedia":[{"embeddable":true,"href":"https:\/\/www.europesays.com\/pl\/wp-json\/wp\/v2\/media\/510428"}],"wp:attachment":[{"href":"https:\/\/www.europesays.com\/pl\/wp-json\/wp\/v2\/media?parent=510427"}],"wp:term":[{"taxonomy":"category","embeddable":true,"href":"https:\/\/www.europesays.com\/pl\/wp-json\/wp\/v2\/categories?post=510427"},{"taxonomy":"post_tag","embeddable":true,"href":"https:\/\/www.europesays.com\/pl\/wp-json\/wp\/v2\/tags?post=510427"}],"curies":[{"name":"wp","href":"https:\/\/api.w.org\/{rel}","templated":true}]}}