{"id":510564,"date":"2026-06-22T22:07:12","date_gmt":"2026-06-22T22:07:12","guid":{"rendered":"https:\/\/www.europesays.com\/pl\/510564\/"},"modified":"2026-06-22T22:07:12","modified_gmt":"2026-06-22T22:07:12","slug":"michal-jaros-dla-radia-wroclaw-o-tym-kto-moze-liczyc-na-prace-w-parku-technologicznym-w-miekini","status":"publish","type":"post","link":"https:\/\/www.europesays.com\/pl\/510564\/","title":{"rendered":"Micha\u0142 Jaros dla Radia Wroc\u0142aw o tym, kto mo\u017ce liczy\u0107 na prac\u0119 w parku technologicznym w Mi\u0119kini"},"content":{"rendered":"<p>Na Dolnym \u015al\u0105sku powstanie fabryka podzespo\u0142\u00f3w i serwer\u00f3w dla sektora AI. Inwestycje firmy Foxconn w Mi\u0119kini zapowiada\u0142 wcze\u015bniej premier Donald Tusk. W poniedzia\u0142ek, 22 czerwca, zosta\u0142o to oficjalnie og\u0142oszone podczas Taiwan Expo 2026. W rozmowie z Radiem Wroc\u0142aw, Micha\u0142 Jaros, wiceminister technologii i rozwoju, kt\u00f3ry aktywnie zabiega\u0142 o t\u0119 inwestycj\u0119, opowiedzia\u0142 o perspektywach, jakie czekaj\u0105 nas w zwi\u0105zku z powstaniem gigantycznego parku technologicznego w s\u0105siedztwie Wroc\u0142awia.<\/p>\n<p style=\"text-align: justify;\">O tej dolno\u015bl\u0105skiej miejscowo\u015bci us\u0142ysza\u0142a dzisiaj ca\u0142a Polska.\u00a0<a href=\"https:\/\/www.radiowroclaw.pl\/articles\/view\/161677\/Czy-Miekinia-zostanie-polskim-zaglebiem-swiatowego-giganta-Decyzja-juz-dzis\" rel=\"nofollow noopener\" target=\"_blank\">W Mi\u0119kini powstanie park technologiczny, a inwestorem b\u0119dzie Foxconn, tajwa\u0144ski gigant.<\/a> Micha\u0142 Jaros, wiceminister rozwoju i technologii, kt\u00f3ry aktywnie uczestniczy\u0142 w\u00a0negocjacjach z inwestorem, opowiedzia\u0142 w rozmowie z Ewelin\u0105 Lis w &#8222;Parze dla Dolnego \u015al\u0105ska&#8221; m.in. o tym, kogo b\u0119dzie zatrudnia\u0107 tajwa\u0144ska firma i dlaczego Mi\u0119kinia by\u0142a najlepszym wyborem.<\/p>\n<p style=\"text-align: justify;\">Ca\u0142a rozmowa z Micha\u0142em Jarosem poni\u017cej:<\/p>\n<p style=\"text-align: justify;\">Ewelina Lis: Panie Ministrze, um\u00f3wmy si\u0119, \u017ce to b\u0119dzie rozmowa konkret\u00f3w. Kiedy ruszy produkcja?<\/p>\n<p style=\"text-align: justify;\">Micha\u0142 Jaros: Produkcja ruszy wtedy, kiedy realnie TEEMA og\u0142osi, co b\u0119dzie w niej, w tym ca\u0142ym kompleksie produkowa\u0142a, bo Pa\u0144stwo m\u00f3wi\u0105 tylko o jednej firmie, bo te\u017c musimy jasno i wyra\u017anie wyt\u0142umaczy\u0107 wszystkim, \u017ce to nie jest tylko inwestycja jednej firmy. Na Dolnym \u015al\u0105sku mamy LG, mamy Mercedesa, mamy wiele firm, kt\u00f3re zainwestowa\u0142y. To s\u0105 pojedyncze fabryki. Tu mamy do czynienia z parkiem technologicznym, parkiem naukowo-technologicznym. To nie b\u0119d\u0105 tylko i wy\u0142\u0105cznie inwestycje jednej firmy. Foxconn jest jedn\u0105 z tych firm wiod\u0105cych w tym parku technologicznym, ale to b\u0119d\u0105 te\u017c inne firmy, kt\u00f3re zainwestuj\u0105 i b\u0119d\u0105 tworzy\u0142y ten park technologiczny, park naukowo-technologiczny. Bo co wa\u017cne, nie chodzi tylko i wy\u0142\u0105cznie, \u017ceby to by\u0142 park, gdzie b\u0119dzie produkcja przemys\u0142owa rozwijana, ale przede wszystkim te\u017c badania i rozw\u00f3j. To jest dla nas istotne z punktu widzenia takich naszych talent\u00f3w, in\u017cynier\u00f3w, tych, kt\u00f3rzy opuszczali Dolny \u015al\u0105sk, kt\u00f3rzy opuszczali Wroc\u0142aw i wyje\u017cd\u017cali za granic\u0119 do fabryk przysz\u0142o\u015bci.<\/p>\n<p style=\"text-align: justify;\">Powiedzmy w takim razie o pierwszych firmach, kt\u00f3re si\u0119 tam pojawi\u0105. Czy mo\u017cemy ju\u017c o jakiej\u015b konkretnej dacie powiedzie\u0107?<\/p>\n<p style=\"text-align: justify;\">Po pierwsze, w po\u0142owie listopada b\u0119dzie du\u017ce spotkanie, kt\u00f3re organizuje tajwa\u0144skie stowarzyszenie,\u00a0buduj\u0105ce park technologiczny. Podczas tego spotkania b\u0119d\u0105 prezentowane firmy, a tak\u017ce te\u017c ca\u0142y \u0142a\u0144cuch firm oraz to, czym si\u0119 te firmy zajmuj\u0105. Je\u017celi dzisiaj mamy powiedzie\u0107, o czym m\u00f3wi\u0105 Tajwa\u0144czycy, to\u00a0s\u0105 to przede wszystkim serwery AI, m\u00f3wi\u0105 o technologiach nie tylko software&#8217;owych, ale te\u017c hardware&#8217;owych do Smart Cities, do Smart Factory, czyli to s\u0105 te fabryki przysz\u0142o\u015bci, czyli roboty i te\u017c internet rzeczy, plus oczywi\u015bcie po\u0142\u0105czone z tym wielkim projektem, jakim jest wsp\u00f3\u0142praca przy budowie polskiego samochodu, czyli komponenty do samochodu.\u00a0 Mog\u0105 to by\u0107 r\u00f3wnie\u017c p\u00f3\u0142przewodniki, p\u0142ytki PCB, kt\u00f3re s\u0105 nieodzownym elementem ka\u017cdego uk\u0142adu scalonego. W zwi\u0105zku z tym to rzeczywi\u015bcie jest taki moment, w kt\u00f3rym mo\u017cemy powiedzie\u0107 tak, dzisiaj zosta\u0142a og\u0142oszona lokalizacja tego parku przemys\u0142owego.<\/p>\n<p style=\"text-align: justify;\">A wie Pan, co mieszka\u0144c\u00f3w najbardziej interesuje? Chodzi o te miejsca pracy, 40 tysi\u0119cy. O jakich miejscach pracy m\u00f3wimy? Czy to s\u0105 wysokop\u0142atne miejsca dla in\u017cynier\u00f3w? Czy g\u0142\u00f3wnie praca na monta\u017cu? Czy to b\u0119d\u0105 zatrudniani ludzie z Dolnego \u015al\u0105ska? A mo\u017ce b\u0119d\u0105 sprowadzani z innych region\u00f3w i z innych kraj\u00f3w? A je\u015bli z Dolnego \u015al\u0105ska, to sk\u0105d ich wzi\u0105\u0107? I na jakie zarobki? To ju\u017c mo\u017ce abstrakcyjne pytanie, ale takie te\u017c si\u0119 pojawia. Na jakie zarobki mo\u017cna tam b\u0119dzie liczy\u0107?<\/p>\n<p style=\"text-align: justify;\">Czasami mam takie wra\u017cenie, \u017ce fantazja jest du\u017ca. Nie m\u00f3wi\u0119 o pa\u0144stwu redaktorach, tylko m\u00f3wi\u0119 o tych wszystkich, kt\u00f3rzy zaczynaj\u0105 komentowa\u0107 i dopytywa\u0107, co to b\u0119dzie i tych malkontent\u00f3w.<\/p>\n<p style=\"text-align: justify;\">Ale o tym rozmawiaj\u0105 ludzie, wi\u0119c to s\u0105 takie pytania zebrane przez nas.<\/p>\n<p style=\"text-align: justify;\">Ja wol\u0119 rozmawia\u0107 zawsze o konkretach, wi\u0119c o tym, co wiem i zawsze wol\u0119 powiedzie\u0107 o tym, co wiem, a nie snu\u0107 tylko i wy\u0142\u0105cznie jakie\u015b takie, no powiedzia\u0142bym historie, kt\u00f3re niekoniecznie b\u0119d\u0105 mia\u0142y miejsce w przysz\u0142o\u015bci. Ja lubi\u0119 konkret.<\/p>\n<p style=\"text-align: justify;\">Czyli konkretnie, jakie miejsca pracy tam powstan\u0105, dla kogo? Panie Ministrze, kto b\u0119dzie zatrudniony?<\/p>\n<p style=\"text-align: justify;\">M\u00f3wi\u0105c wprost, po pierwsze to b\u0119d\u0105 wysokop\u0142atne miejsca pracy. To b\u0119d\u0105 miejsca pracy, kt\u00f3re b\u0119d\u0105 w tym sektorze szeroko rozumianym ICT, w sektorze, kt\u00f3ry b\u0119dzie zajmowa\u0142 si\u0119 produkcj\u0105. To nie b\u0119dzie tylko i wy\u0142\u0105cznie monta\u017c. My przechodzimy z gospodarki niskich p\u0142ac do gospodarki wysokich technologii. To jest zasadnicza r\u00f3\u017cnica. Tak jak powiedzia\u0142em wcze\u015bniej, my chcemy sprowadza\u0107, nie wysy\u0142a\u0107 naszych in\u017cynier\u00f3w do fabryk przysz\u0142o\u015bci, tylko fabryki przysz\u0142o\u015bci sprowadzi\u0107 do nas. Wi\u0119c te fabryki przysz\u0142o\u015bci na pewno b\u0119d\u0105 bardziej zautomatyzowane. St\u0105d te serwery, kt\u00f3re najprawdopodobniej b\u0119d\u0105 produkowane nie tylko tu do Polski dla polskich przedsi\u0119biorstw, ale r\u00f3wnie\u017c dla europejskich przedsi\u0119biorstw. To ma by\u0107 hub produkcyjny dla Europy. W zwi\u0105zku z tym potrzebujemy in\u017cynier\u00f3w, potrzebujemy specjalist\u00f3w, kt\u00f3rzy b\u0119d\u0105 pracowali w tych fabrykach, kt\u00f3rzy b\u0119d\u0105 te\u017c pracowali nie tylko na samej produkcji, ale te\u017c w centrach badawczo-rozwojowych.<\/p>\n<p style=\"text-align: justify;\">Sk\u0105d Tajwa\u0144czycy wezm\u0105 in\u017cynier\u00f3w? Czy tylko polskich, czy b\u0119dzie te\u017c zainteresowanie by\u0107 mo\u017ce poza krajem?<\/p>\n<p style=\"text-align: justify;\">To jest tak, jak rozmawiamy dzisiaj na temat fabryki TSMC, kt\u00f3ra powstaje w Dre\u017anie. Przedstawiciele fabryki m\u00f3wi\u0105: jeste\u015bmy bardzo zainteresowani waszymi talentami z waszej politechniki. A my m\u00f3wimy: nie, my chcemy, \u017ceby nasi in\u017cynierowie pracowali w tej fabryce i z przyjemno\u015bci\u0105 b\u0119dziemy zapraszali in\u017cynier\u00f3w z ca\u0142ej Polski, ale te\u017c nie ma problemu, \u017ceby zaprasza\u0107 absolwent\u00f3w z Czech czy z innych miejsc. To jest moim zdaniem dzisiaj zasadnicza zmiana my\u015blenia w og\u00f3le o inwestycjach. To nie jest inwestycja w jedn\u0105 fabryk\u0119, to jest wiele fabryk, to nie jest inwestycja, gdzie potrzebujemy bardzo du\u017co ludzi do pracy na monta\u017cu, bo to b\u0119d\u0105 robi\u0142y roboty. Potrzebujemy in\u017cynier\u00f3w, potrzebujemy specjalist\u00f3w, kt\u00f3rzy b\u0119d\u0105 z ca\u0142ego Dolnego \u015al\u0105ska zapewne potrzebni. I nie ukrywam, \u017ce b\u0119dziemy zapraszali te\u017c wszystkich tych, kt\u00f3rzy b\u0119d\u0105 chcieli rozwija\u0107 si\u0119 w tych obszarach, o kt\u00f3rych przed chwil\u0105 m\u00f3wi\u0142em, czyli ten szeroko rozumiany sektor ICT, szeroko pewnie rozumiany sektor zwi\u0105zany z wytwarzaniem serwer\u00f3w ze sztuczn\u0105 inteligencj\u0105, komponent\u00f3w do samochod\u00f3w. To te\u017c oczywi\u015bcie jest szansa dla nas, \u017ceby zbudowa\u0107 ca\u0142y \u0142a\u0144cuch postprodukcji miedzi, czyli to, co si\u0119 dzieje na Dolnym \u015al\u0105sku. Wydobywamy 450 tysi\u0119cy ton miedzi, 3300 ton z\u0142ota.<\/p>\n<p style=\"text-align: justify;\">Panie ministrze, a co jest jeszcze tam do zrobienia? Bo jest to inwestycja, kt\u00f3ra powstaje w miejscu, w kt\u00f3rym mia\u0142 dzia\u0142a\u0107 Intel.<\/p>\n<p style=\"text-align: justify;\">Mi\u0119kinia wygra\u0142a mi\u0119dzy innymi tym, \u017ce ta dzia\u0142ka jest gotowa, wi\u0119c mo\u017cna tak naprawd\u0119 rozpoczyna\u0107 proces inwestycyjny. To jest kwestia przetargu, rozpisania tego, wiadomo, \u017ce to jest konkretna inwestycja, to nie zajmuje du\u017co czasu. Dzisiaj mamy tak\u0105 sytuacj\u0119, w kt\u00f3rej ta dzia\u0142ka jest gotowa do inwestycji, do inwestowania. Dlatego wygrali\u015bmy, dlatego wygra\u0142 Dolny \u015al\u0105sk, wygra\u0142 Wroc\u0142aw, dlatego \u017ce to by\u0142a dzia\u0142ka przygotowana pod inwestora. Wtedy pod Intel, ale prosz\u0119 mi wierzy\u0107, \u017ce te osoby, kt\u00f3re pracowa\u0142y nad tym, zw\u0142aszcza przedstawiciele i burmistrz Mi\u0119kini, nie zatrzymali si\u0119 w pracach. Oni przygotowywali t\u0119 dzia\u0142k\u0119 licz\u0105c na to, \u017ce kiedy\u015b pojawi si\u0119 inwestor i wreszcie jest inwestor, wi\u0119c mo\u017cna powiedzie\u0107 jasno i wyra\u017anie, tak dzisiaj ko\u0144czymy proces wyboru lokalizacji, tak jest to Dolny \u015al\u0105sk, jest to Mi\u0119kina, jest to Wroc\u0142aw, cieszymy si\u0119. Teraz nast\u0119pne etapy, czyli to, co Tajwa\u0144czycy chc\u0105 robi\u0107 w tej fabryce, jakie firmy wejd\u0105 w ten ca\u0142y \u0142a\u0144cuch opr\u00f3cz Foxconnu i w jakim kierunku b\u0119dziemy rozwijali te\u017c nie tylko t\u0119 produkcj\u0119, czy badania i rozw\u00f3j, ale te\u017c kierunki na uczelniach, bo to musi by\u0107 sprz\u0119\u017cone.<\/p>\n<p style=\"text-align: justify;\">To jest inwestycja na lata, kt\u00f3ra przenosi Polsk\u0119 i przenosi Dolny \u015al\u0105sk w zupe\u0142nie w inne miejsce. I dzisiaj tego te\u017c oczekuj\u0105 od nas Tajwa\u0144czycy, \u017ceby\u015bmy pomogli im przej\u015b\u0107 przez ten proces inwestycyjny, ale te\u017c budowa\u0107 ca\u0142y ekosystem, kt\u00f3ry b\u0119dzie du\u017c\u0105 szans\u0105 dla polskich in\u017cynier\u00f3w, kt\u00f3rzy mog\u0105 pracowa\u0107 w tych fabrykach, ale tworzy\u0107 te\u017c firmy, kt\u00f3re b\u0119d\u0105 wsp\u00f3\u0142pracowa\u0142y z tymi firmami, kt\u00f3re z Tajwanu zainwestuj\u0105. To jest wielki proces, kt\u00f3ry si\u0119 w\u0142a\u015bnie rozpoczyna i o nast\u0119pnych szczeg\u00f3\u0142ach oczywi\u015bcie b\u0119d\u0105 informowali Tajwa\u0144czycy, a my jeste\u015bmy gotowi do tego, \u017ceby ich wspiera\u0107.<\/p>\n<p style=\"text-align: justify;\">I nie ma takich niebezpiecze\u0144stw, \u017ce sko\u0144czy si\u0119 jak z Intelem i w ostatniej chwili na przyk\u0142ad oka\u017ce si\u0119, \u017ce tej inwestycji nie b\u0119dzie. Bo wiem, \u017ce najwa\u017cniejsze rozmowy przed nami, przed wami, o tym m\u00f3wi\u0142 tak\u017ce zast\u0119pca burmistrza, podpisanie um\u00f3w i tak dalej.<\/p>\n<p style=\"text-align: justify;\">Prosz\u0119 zwr\u00f3ci\u0107 uwag\u0119 na to, \u017ce w przypadku Intela to by\u0142a jedna firma, a tu jest ca\u0142y \u0142a\u0144cuch firm i Foxconn, kt\u00f3ra jest pot\u0119\u017cn\u0105 firm\u0105. Zadam pytanie retoryczne, czy wiecie Pa\u0144stwo, ile fabryk na \u015bwiecie ma Apple? Mog\u0119 odpowiedzie\u0107, \u017cadnej. Dla Apple&#8217;a pracuje mi\u0119dzy innymi Foxconn. Foxconn jest partnerem dla NVIDI. To jest pot\u0119\u017cna firma, kt\u00f3ra ma mniej wi\u0119cej przychodu na poziomie 250 miliard\u00f3w dolar\u00f3w rocznie, tyle co 1,4 PKB Polski. To jest powa\u017cny partner, ale to nie jest jedyna firma. Tam tych firm jest du\u017co wi\u0119cej, ale Foxconn jest t\u0105 firm\u0105 wiod\u0105c\u0105 i to Foxconn b\u0119dzie pewnie 30 albo 40 proc. w tym parku zabiera\u0142 miejsca dla w\u0142asnej produkcji, a pozosta\u0142e firmy stworz\u0105 \u0142a\u0144cuch we wsp\u00f3\u0142pracy z Foxconnem, a by\u0107 mo\u017ce nawet i konkuruj\u0105c z Foxconem, dlatego \u017ce to jest 3000 firm, kt\u00f3re tworz\u0105 organizacj\u0119, jak\u0105 jest TEEMA, kt\u00f3ra b\u0119dzie budowa\u0142a ten park technologiczny. Wi\u0119c tak, nie ma takiego zagro\u017cenia, je\u017celi Tajwa\u0144czycy podejmuj\u0105 decyzj\u0119, to buduj\u0105 to przez wiele lat. W momencie, kiedy rozpoczynaj\u0105 inwestycj\u0119, to maj\u0105 ju\u017c ca\u0142y \u0142a\u0144cuch nie tylko dostawc\u00f3w, ale przede wszystkim odbiorc\u00f3w swoich produkt\u00f3w. I to jest r\u00f3\u017cnica mi\u0119dzy inwestycjami na \u015bwiecie, tymi tajwa\u0144skimi. Prosz\u0119 zwr\u00f3ci\u0107 uwag\u0119, \u017ce Foxconn jest w Czechach od dwudziestu paru lat, tak samo na S\u0142owacji, ale wybrali Polsk\u0119 jako miejsce, w kt\u00f3rym mog\u0105 si\u0119 rozwija\u0107, kt\u00f3re mo\u017ce by\u0107 tak\u0105 bram\u0105.<\/p>\n<p style=\"text-align: justify;\">I trzymamy kciuki, panie ministrze, za te inwestycje. Bardzo dzi\u0119kujemy za to potwierdzenie, bo to chyba jest najwa\u017cniejsze, \u017ce ta inwestycja b\u0119dzie na 100 procent. Micha\u0142 Jaros, wiceminister rozwoju i technologii. Bardzo dzi\u0119kuj\u0119.<\/p>\n<p style=\"text-align: justify;\">Dzi\u0119kuj\u0119 serdecznie.<\/p>\n<p style=\"text-align: justify;\">Pos\u0142uchaj rozmowy z Micha\u0142em Jarosem:<\/p>\n","protected":false},"excerpt":{"rendered":"Na Dolnym \u015al\u0105sku powstanie fabryka podzespo\u0142\u00f3w i serwer\u00f3w dla sektora AI. Inwestycje firmy Foxconn w Mi\u0119kini zapowiada\u0142 wcze\u015bniej&hellip;\n","protected":false},"author":2,"featured_media":510565,"comment_status":"","ping_status":"","sticky":false,"template":"","format":"standard","meta":{"footnotes":"","_share_on_mastodon":"0"},"categories":[51607],"tags":[56967,71340,31040,68196,67677,99332,52317,34720,53536,89176,42,38,40,39,41,8994,52404,99331,61754,31600,1853],"class_list":["post-510564","post","type-post","status-publish","format-standard","has-post-thumbnail","category-wroclaw","tag-dla","tag-jaros","tag-kto","tag-liczyc","tag-michal","tag-miekini","tag-moze","tag-na","tag-o","tag-parku","tag-pl","tag-poland","tag-polish","tag-polska","tag-polski","tag-prace","tag-radia","tag-technologicznym","tag-tym","tag-w","tag-wroclaw"],"share_on_mastodon":{"url":"https:\/\/pubeurope.com\/@pl\/116796040465643193","error":""},"_links":{"self":[{"href":"https:\/\/www.europesays.com\/pl\/wp-json\/wp\/v2\/posts\/510564","targetHints":{"allow":["GET"]}}],"collection":[{"href":"https:\/\/www.europesays.com\/pl\/wp-json\/wp\/v2\/posts"}],"about":[{"href":"https:\/\/www.europesays.com\/pl\/wp-json\/wp\/v2\/types\/post"}],"author":[{"embeddable":true,"href":"https:\/\/www.europesays.com\/pl\/wp-json\/wp\/v2\/users\/2"}],"replies":[{"embeddable":true,"href":"https:\/\/www.europesays.com\/pl\/wp-json\/wp\/v2\/comments?post=510564"}],"version-history":[{"count":0,"href":"https:\/\/www.europesays.com\/pl\/wp-json\/wp\/v2\/posts\/510564\/revisions"}],"wp:featuredmedia":[{"embeddable":true,"href":"https:\/\/www.europesays.com\/pl\/wp-json\/wp\/v2\/media\/510565"}],"wp:attachment":[{"href":"https:\/\/www.europesays.com\/pl\/wp-json\/wp\/v2\/media?parent=510564"}],"wp:term":[{"taxonomy":"category","embeddable":true,"href":"https:\/\/www.europesays.com\/pl\/wp-json\/wp\/v2\/categories?post=510564"},{"taxonomy":"post_tag","embeddable":true,"href":"https:\/\/www.europesays.com\/pl\/wp-json\/wp\/v2\/tags?post=510564"}],"curies":[{"name":"wp","href":"https:\/\/api.w.org\/{rel}","templated":true}]}}