{"id":51064,"date":"2025-10-15T21:18:08","date_gmt":"2025-10-15T21:18:08","guid":{"rendered":"https:\/\/www.europesays.com\/pl\/51064\/"},"modified":"2025-10-15T21:18:08","modified_gmt":"2025-10-15T21:18:08","slug":"widzew-lodz-ma-nowego-trenera-patryk-czubak-zwolniony-w-jego-miejsce-igor-jovicevic-sport-tvp-pl","status":"publish","type":"post","link":"https:\/\/www.europesays.com\/pl\/51064\/","title":{"rendered":"Widzew \u0141\u00f3d\u017a ma nowego trenera. Patryk Czubak zwolniony, w jego miejsce Igor Jovi\u0107evi\u0107 &#8211; sport.tvp.pl"},"content":{"rendered":"<ol>\n<li><a href=\"https:\/\/news.google.com\/rss\/articles\/CBMiswFBVV95cUxNcFFsSmdJWGduMl9fRWJmT1FRQ25hVldpX3hQUEV0QjFMQ2xXWlhGTUJxOHZzRkRiVTB6V3BTWFlEWTFUSm5ubWZ5ZWhtWFl2Rk1jdEo5Tm1ydEpTeTNXN3Faa1BDZjZrcTZqUVA5STVHYmg2WDRoRExwc1kwUHRISjBhbFdwSmRyRUZnbXpSZ1FRNF9qcS1RQkpiWlY1Wk4tVjdvcGdEaGJweFlzcEt4MEdDY9IBuAFBVV95cUxOeE9BNy16S3M5RXQwTE50bmhsNWVteFNOQjBGUjVfTW82djVKeVRReGJhZ180NlgyR2pPZnExTUZHSG9tZ0tic1NMODZRZVlmOW9oU0Nkd1pWSXpOVFpMeTJkUzQyT1ZPalprbjRVanJXZ0ZWcnFYRW84U1d6by0yNmxCdDd1MWRGTWt0MHplZE4zTFBsZGt2QVEydFBvUmdzQnpueUxsY0I5VW9OQWJKcy1wRlV5M21S?oc=5\" target=\"_blank\" rel=\"nofollow noopener\">Widzew \u0141\u00f3d\u017a ma nowego trenera. Patryk Czubak zwolniony, w jego miejsce Igor Jovi\u0107evi\u0107<\/a>&nbsp;&nbsp;sport.tvp.pl<\/li>\n<li><a href=\"https:\/\/news.google.com\/rss\/articles\/CBMixgFBVV95cUxQWW96X05kTWlILW9fOTlJUzJneXZvcEdPSV9OcjNjay1IdEMzT2drZ0lvUUxnQ2tKektoRGZNY2tXSWZUdnN2VnQ4YTAwMk5ablRoSDhiSlhJR2FsOFg5OWp6cm56UXNWU2UwNkE4S0YzcEF3T1hUWkFsdXFpaHVuQ3dIZVJ5MXNmR3ZCeUdWTFBET1g2akNrVUppV2VQRkkzSEFVLWMycXJsd1lMVlNGMDRoNnEzQWJuLXlnb3JuS1RZak0yVGc?oc=5\" target=\"_blank\" rel=\"nofollow noopener\">Widzew \u0141\u00f3d\u017a ma nowego trenera. Z do\u015bwiadczeniem z Ligi Mistrz\u00f3w<\/a>&nbsp;&nbsp;Przegl\u0105d Sportowy Onet<\/li>\n<li><a href=\"https:\/\/news.google.com\/rss\/articles\/CBMifkFVX3lxTE9lTDVEOGxwNkM5dVpGZG5ELXE1a0pxczdkWUJfRXNQV1I4Rmw5Vm1ZQjNlMFdnOUFvcC10ejUzeVh4QWU2ZGRvNG5BVmk5bFZnUk5WN1pOdUZRTzZDY1lGVHVoVXI3WEp2bG13OWxCNUVHdXpybnlYLURuOENCZw?oc=5\" target=\"_blank\" rel=\"nofollow noopener\">Igor Jovi\u0107evi\u0107 trenerem Widzewa \u0141\u00f3d\u017a!<\/a>&nbsp;&nbsp;Widzew \u0141\u00f3d\u017a<\/li>\n<li><a href=\"https:\/\/news.google.com\/rss\/articles\/CBMiogFBVV95cUxOMmI2YVNVVGJmcG9lV29oWEtBekF0N0xZTWNWYVZKbnduX19qdURDdjViMXdDQXlCdTlSdk44SXlIY05ucHJjTWNQLXlzalh5V1VMRW1aNFVOU0dlbWswaEUyZFJONTNVYWJ2eENZdFQ1alFiOWl5R1FoQmlVVXFhTjJVTnFnUnNrRGluaGVJTzdJRFdkSVhSUjZYeHBKSHQ4QlE?oc=5\" target=\"_blank\" rel=\"nofollow noopener\">Boniek oceni\u0142 nowego trenera Widzewa. Wszystko jasne Pi\u0142ka no\u017cna<\/a>&nbsp;&nbsp;Sport.pl<\/li>\n<li><a href=\"https:\/\/news.google.com\/rss\/articles\/CBMisgFBVV95cUxNVW5oZjdDQ2h6MlFfMXhFSFpHZlU3YVdNZmZaaEpXVE9TbjlrRXJ1Ui1VeWpUeXdSdHF1dDZsNXFOd1Q3cVZES0JaS0ZzVFRWZVU2dkd6VExBZHg3QzZNVjFTWjItbnNhV0Q5YnBiMGRwcWNmdkNUekxPWXZkeTUtczVRVWUtV2trVmt6VXN2LWJydjAwU3ZBcnUyS2lzV2VKNU9senZyYXlSWVpfMFhidG1R?oc=5\" target=\"_blank\" rel=\"nofollow noopener\">Osobiste s\u0142owa Gikiewicza. Napisa\u0142 do zwolnionego trenera Widzewa<\/a>&nbsp;&nbsp;Meczyki.pl<\/li>\n<\/ol>\n","protected":false},"excerpt":{"rendered":"Widzew \u0141\u00f3d\u017a ma nowego trenera. Patryk Czubak zwolniony, w jego miejsce Igor Jovi\u0107evi\u0107&nbsp;&nbsp;sport.tvp.pl Widzew \u0141\u00f3d\u017a ma nowego trenera.&hellip;\n","protected":false},"author":2,"featured_media":51065,"comment_status":"","ping_status":"","sticky":false,"template":"","format":"standard","meta":{"footnotes":""},"categories":[24],"tags":[13807,8027,269,1724,42,38,40,39,41,127,334,126,6856],"class_list":{"0":"post-51064","1":"post","2":"type-post","3":"status-publish","4":"format-standard","5":"has-post-thumbnail","7":"category-sport","8":"tag-igor-jovicevic","9":"tag-patryk-czubak","10":"tag-pilka-nozna","11":"tag-pko-ekstraklasa","12":"tag-pl","13":"tag-poland","14":"tag-polish","15":"tag-polska","16":"tag-polski","17":"tag-sport","18":"tag-sport-tvp-pl","19":"tag-sports","20":"tag-widzew-ldz"},"share_on_mastodon":{"url":"","error":""},"_links":{"self":[{"href":"https:\/\/www.europesays.com\/pl\/wp-json\/wp\/v2\/posts\/51064","targetHints":{"allow":["GET"]}}],"collection":[{"href":"https:\/\/www.europesays.com\/pl\/wp-json\/wp\/v2\/posts"}],"about":[{"href":"https:\/\/www.europesays.com\/pl\/wp-json\/wp\/v2\/types\/post"}],"author":[{"embeddable":true,"href":"https:\/\/www.europesays.com\/pl\/wp-json\/wp\/v2\/users\/2"}],"replies":[{"embeddable":true,"href":"https:\/\/www.europesays.com\/pl\/wp-json\/wp\/v2\/comments?post=51064"}],"version-history":[{"count":0,"href":"https:\/\/www.europesays.com\/pl\/wp-json\/wp\/v2\/posts\/51064\/revisions"}],"wp:featuredmedia":[{"embeddable":true,"href":"https:\/\/www.europesays.com\/pl\/wp-json\/wp\/v2\/media\/51065"}],"wp:attachment":[{"href":"https:\/\/www.europesays.com\/pl\/wp-json\/wp\/v2\/media?parent=51064"}],"wp:term":[{"taxonomy":"category","embeddable":true,"href":"https:\/\/www.europesays.com\/pl\/wp-json\/wp\/v2\/categories?post=51064"},{"taxonomy":"post_tag","embeddable":true,"href":"https:\/\/www.europesays.com\/pl\/wp-json\/wp\/v2\/tags?post=51064"}],"curies":[{"name":"wp","href":"https:\/\/api.w.org\/{rel}","templated":true}]}}