{"id":510699,"date":"2026-06-22T23:51:09","date_gmt":"2026-06-22T23:51:09","guid":{"rendered":"https:\/\/www.europesays.com\/pl\/510699\/"},"modified":"2026-06-22T23:51:09","modified_gmt":"2026-06-22T23:51:09","slug":"mbappe-szybko-ruszyl-w-pogon-za-messim-tak-strzelil-15-bramke-na-ms","status":"publish","type":"post","link":"https:\/\/www.europesays.com\/pl\/510699\/","title":{"rendered":"Mbappe szybko ruszy\u0142 w pogo\u0144 za Messim. Tak strzeli\u0142 15. bramk\u0119 na M\u015a"},"content":{"rendered":"\n<p class=\"contentpart contentpart--default contentpart--text\" data-position=\"0\">Poniedzia\u0142ek na boiskach Kanady, Meksyku i USA toczy si\u0119 pod znakiem rywalizacji wybitnych pi\u0142karzy. W meczu Argentyna &#8211; Austria (2:0) dwie bramki strzeli\u0142\u00a0<a href=\"https:\/\/sportowefakty.wp.pl\/pilka-nozna\/lionel-messi\" rel=\"nofollow noopener\" target=\"_blank\">Lionel Messi<\/a>, kt\u00f3ry z sum\u0105 18 goli zosta\u0142 nowym rekordzist\u0105 mistrzostw \u015bwiata.<\/p>\n<p class=\"contentpart contentpart--default contentpart--text\" data-position=\"1\">W pogo\u0144 za utytu\u0142owanym Argenty\u0144czykiem ruszy\u0142\u00a0<a href=\"https:\/\/sportowefakty.wp.pl\/pilka-nozna\/kylian-mbappe-lottin\" rel=\"nofollow noopener\" target=\"_blank\">Kylian Mbappe<\/a>. W poniedzia\u0142ek\u00a0<a href=\"https:\/\/sportowefakty.wp.pl\/pilka-nozna\/reprezentacja-francji\" rel=\"nofollow noopener\" target=\"_blank\">reprezentacja Francji<\/a>\u00a0gra\u0142a na Lincoln Financial Field w Filadelfii z\u00a0<a href=\"https:\/\/sportowefakty.wp.pl\/pilka-nozna\/irak\" rel=\"nofollow noopener\" target=\"_blank\">reprezentacj\u0105 Iraku<\/a>, dlatego pojawi\u0142a si\u0119 szansa na poprawienie bilansu bramek po inauguracyjnym zwyci\u0119stwie (3:1) nad Senegalem.<\/p>\n<p>  <img decoding=\"async\" src=\"https:\/\/v.wpimg.pl\/X3dwLnN2d1IFFTpdYUl6R0ZNbgcnEHQREVV2TGEGbUtRT2MdOlZ2RBQUKABgQjQcDRotCStBd1IAAWMeIlM7VgwYIAorQAdEFFk_GCkQJQ\" alt=\"\" width=\"45\" height=\"58\" loading=\"lazy\"\/>       <\/p>\n<p class=\"contentpart contentpart--default contentpart--text\" data-position=\"3\">Mbappe szybko wzi\u0105\u0142 si\u0119 do pracy. Ju\u017c 14. minucie wyprowadzi\u0142 &#8222;Tr\u00f3jkolorowych&#8221; na prowadzenie. Napastnik Realu Madryt przyj\u0105\u0142 pi\u0142k\u0119 tu\u017c przed polem karnym. Pi\u0142karze Iraku pozostawili mu sporo miejsca, dlatego Francuz zdecydowa\u0142 si\u0119 na kapitalne uderzenie lew\u0105 nog\u0105.<\/p>\n<p class=\"contentpart contentpart--default contentpart--text\" data-position=\"4\">&#8222;Pi\u0119tnasty gol na mistrzostwach \u015bwiata!   Kylian Mbappe rozpoczyna po\u015bcig za Leo Messim!   Je\u015bli obaj utrzymaj\u0105 tak\u0105 form\u0119, czeka nas jeden z najpi\u0119kniejszych pojedynk\u00f3w tego mundialu&#8221; &#8211; napisano na profilu TVP Sport na platformie X, na kt\u00f3rym zamieszczono wideo z tego zdarzenia (zobacz je powy\u017cej).<\/p>\n<p class=\"contentpart contentpart--default contentpart--text\" data-position=\"5\">Dla Mbappe by\u0142a to trzecia bramka strzelona na M\u015a 2026. W meczu z Senegalem 27-letni napastnik postara\u0142 si\u0119 o dwa trafienia.<\/p>\n<p class=\"contentpart contentpart--default contentpart--text\" data-position=\"6\">ZOBACZ WIDEO: &#8222;Lewy&#8221; oczekuje 100 mln euro za sezon. &#8222;Chce gra\u0107 za stawk\u0119 Benzemy&#8221;<\/p>\n","protected":false},"excerpt":{"rendered":"Poniedzia\u0142ek na boiskach Kanady, Meksyku i USA toczy si\u0119 pod znakiem rywalizacji wybitnych pi\u0142karzy. W meczu Argentyna &#8211;&hellip;\n","protected":false},"author":2,"featured_media":510700,"comment_status":"","ping_status":"","sticky":false,"template":"","format":"standard","meta":{"footnotes":"","_share_on_mastodon":"0"},"categories":[24],"tags":[96,13193,575,3037,9090,989,269,893,42,38,40,39,41,1289,23858,127,268,126,97570],"class_list":["post-510699","post","type-post","status-publish","format-standard","has-post-thumbnail","category-sport","tag-francja","tag-irak","tag-kylian-mbappe","tag-mistrzostwa-swiata","tag-mistrzostwa-swiata-2026","tag-pilka-na-swiecie","tag-pilka-nozna","tag-pilka-nozna-we-francji","tag-pl","tag-poland","tag-polish","tag-polska","tag-polski","tag-reprezentacja-francji","tag-reprezentacja-iraku","tag-sport","tag-sportowybar","tag-sports","tag-studio-mundial"],"share_on_mastodon":{"url":"https:\/\/pubeurope.com\/@pl\/116796450151715930","error":""},"_links":{"self":[{"href":"https:\/\/www.europesays.com\/pl\/wp-json\/wp\/v2\/posts\/510699","targetHints":{"allow":["GET"]}}],"collection":[{"href":"https:\/\/www.europesays.com\/pl\/wp-json\/wp\/v2\/posts"}],"about":[{"href":"https:\/\/www.europesays.com\/pl\/wp-json\/wp\/v2\/types\/post"}],"author":[{"embeddable":true,"href":"https:\/\/www.europesays.com\/pl\/wp-json\/wp\/v2\/users\/2"}],"replies":[{"embeddable":true,"href":"https:\/\/www.europesays.com\/pl\/wp-json\/wp\/v2\/comments?post=510699"}],"version-history":[{"count":0,"href":"https:\/\/www.europesays.com\/pl\/wp-json\/wp\/v2\/posts\/510699\/revisions"}],"wp:featuredmedia":[{"embeddable":true,"href":"https:\/\/www.europesays.com\/pl\/wp-json\/wp\/v2\/media\/510700"}],"wp:attachment":[{"href":"https:\/\/www.europesays.com\/pl\/wp-json\/wp\/v2\/media?parent=510699"}],"wp:term":[{"taxonomy":"category","embeddable":true,"href":"https:\/\/www.europesays.com\/pl\/wp-json\/wp\/v2\/categories?post=510699"},{"taxonomy":"post_tag","embeddable":true,"href":"https:\/\/www.europesays.com\/pl\/wp-json\/wp\/v2\/tags?post=510699"}],"curies":[{"name":"wp","href":"https:\/\/api.w.org\/{rel}","templated":true}]}}