{"id":51070,"date":"2025-10-15T21:21:10","date_gmt":"2025-10-15T21:21:10","guid":{"rendered":"https:\/\/www.europesays.com\/pl\/51070\/"},"modified":"2025-10-15T21:21:10","modified_gmt":"2025-10-15T21:21:10","slug":"to-nie-jest-zart-tyle-kosztuje-kilogram-borowikow-za-granica","status":"publish","type":"post","link":"https:\/\/www.europesays.com\/pl\/51070\/","title":{"rendered":"To nie jest \u017cart. Tyle kosztuje kilogram borowik\u00f3w za granic\u0105"},"content":{"rendered":"<p class=\"ods-c-paragraph \">Borowiki to nie tylko smaczny dodatek do potraw, ale tak\u017ce sk\u0142adnik, kt\u00f3ry cieszy si\u0119 ogromnym uznaniem w\u015br\u00f3d szef\u00f3w kuchni na ca\u0142ym \u015bwiecie. Wed\u0142ug bada\u0144 przeprowadzonych w\u015br\u00f3d najbardziej presti\u017cowych restauracji, wysokiej jako\u015bci borowiki zajmuj\u0105 drugie miejsce na li\u015bcie najbardziej po\u017c\u0105danych sk\u0142adnik\u00f3w kulinarnych. Ich wyj\u0105tkowy smak i aromat sprawiaj\u0105, \u017ce s\u0105 ch\u0119tnie wykorzystywane w kuchniach ca\u0142ego \u015bwiata.<\/p>\n<p>Dalszy ci\u0105g artyku\u0142u pod materia\u0142em wideo<\/p>\n<p> Ile kosztuje kilogram borowik\u00f3w w Polsce? <\/p>\n<p> Jakie s\u0105 ceny borowik\u00f3w w S\u0142owenii? <\/p>\n<p> Dlaczego borowiki s\u0105 popularne w kuchni? <\/p>\n<p> Ile kosztuj\u0105 borowiki w Brukseli? <\/p>\n<p class=\"ods-c-paragraph \">Na s\u0142owe\u0144skich targowiskach kilogram borowik\u00f3w kosztuje oko\u0142o 30 euro \u2014 podaje litewski portal &#8222;Delfi&#8221;. Cho\u0107 dla wielu os\u00f3b to spora kwota, w por\u00f3wnaniu do cen w innych cz\u0119\u015bciach Europy jest to stosunkowo przyst\u0119pna oferta. Co ciekawe, w Internecie mo\u017cna znale\u017a\u0107 og\u0142oszenia, w kt\u00f3rych borowiki s\u0105 sprzedawane ju\u017c za 10 euro za kilogram.<\/p>\n<p class=\"ods-c-paragraph \">Sytuacja wygl\u0105da zupe\u0142nie inaczej w Brukseli. Na tamtejszym targu Stockel kilogram najwy\u017cszej jako\u015bci borowik\u00f3w kosztuje nawet 56,90 euro. To niemal dwukrotnie wi\u0119cej ni\u017c w S\u0142owenii. Jak donosi korespondent, mimo wysokich cen, asortyment grzyb\u00f3w na brukselskim targu jest ca\u0142kiem bogaty \u2013 mo\u017cna tam znale\u017a\u0107 tak\u017ce kurki, kt\u00f3rych ceny s\u0105 nieco bardziej przyst\u0119pne.<\/p>\n<p class=\"ods-c-paragraph \">Handlowcy w S\u0142owenii przyznaj\u0105 jednak, \u017ce sprzeda\u017c grzyb\u00f3w nie idzie tak dobrze, jak w poprzednich latach. Niekt\u00f3rzy z nich, widz\u0105c kamery, niech\u0119tnie komentuj\u0105 sytuacj\u0119 na rynku. Mimo to, tury\u015bci odwiedzaj\u0105cy Lublan\u0119 zauwa\u017caj\u0105, \u017ce ceny borowik\u00f3w w S\u0142owenii s\u0105 znacznie ni\u017csze ni\u017c we W\u0142oszech.<\/p>\n<p class=\"ods-c-paragraph \">Polecamy: <\/p>\n","protected":false},"excerpt":{"rendered":"Borowiki to nie tylko smaczny dodatek do potraw, ale tak\u017ce sk\u0142adnik, kt\u00f3ry cieszy si\u0119 ogromnym uznaniem w\u015br\u00f3d szef\u00f3w&hellip;\n","protected":false},"author":2,"featured_media":51071,"comment_status":"","ping_status":"","sticky":false,"template":"","format":"standard","meta":{"footnotes":""},"categories":[16],"tags":[113,112,2834,2807,48,46,42,38,40,39,41,47,570,8873,26],"class_list":{"0":"post-51070","1":"post","2":"type-post","3":"status-publish","4":"format-standard","5":"has-post-thumbnail","7":"category-biznes","8":"tag-biznes","9":"tag-business","10":"tag-ceny","11":"tag-grzyby","12":"tag-nat_styl","13":"tag-omp","14":"tag-pl","15":"tag-poland","16":"tag-polish","17":"tag-polska","18":"tag-polski","19":"tag-screening_general","20":"tag-slowenia","21":"tag-warto_wiedziec","22":"tag-wiadomosci"},"share_on_mastodon":{"url":"","error":""},"_links":{"self":[{"href":"https:\/\/www.europesays.com\/pl\/wp-json\/wp\/v2\/posts\/51070","targetHints":{"allow":["GET"]}}],"collection":[{"href":"https:\/\/www.europesays.com\/pl\/wp-json\/wp\/v2\/posts"}],"about":[{"href":"https:\/\/www.europesays.com\/pl\/wp-json\/wp\/v2\/types\/post"}],"author":[{"embeddable":true,"href":"https:\/\/www.europesays.com\/pl\/wp-json\/wp\/v2\/users\/2"}],"replies":[{"embeddable":true,"href":"https:\/\/www.europesays.com\/pl\/wp-json\/wp\/v2\/comments?post=51070"}],"version-history":[{"count":0,"href":"https:\/\/www.europesays.com\/pl\/wp-json\/wp\/v2\/posts\/51070\/revisions"}],"wp:featuredmedia":[{"embeddable":true,"href":"https:\/\/www.europesays.com\/pl\/wp-json\/wp\/v2\/media\/51071"}],"wp:attachment":[{"href":"https:\/\/www.europesays.com\/pl\/wp-json\/wp\/v2\/media?parent=51070"}],"wp:term":[{"taxonomy":"category","embeddable":true,"href":"https:\/\/www.europesays.com\/pl\/wp-json\/wp\/v2\/categories?post=51070"},{"taxonomy":"post_tag","embeddable":true,"href":"https:\/\/www.europesays.com\/pl\/wp-json\/wp\/v2\/tags?post=51070"}],"curies":[{"name":"wp","href":"https:\/\/api.w.org\/{rel}","templated":true}]}}