{"id":51086,"date":"2025-10-15T21:33:12","date_gmt":"2025-10-15T21:33:12","guid":{"rendered":"https:\/\/www.europesays.com\/pl\/51086\/"},"modified":"2025-10-15T21:33:12","modified_gmt":"2025-10-15T21:33:12","slug":"katarzyna-wajda-i-bartlomiej-kotschedoff-na-premierze-seksu-dla-opornych-trzymali-sie-za-rece-kobieta-onet","status":"publish","type":"post","link":"https:\/\/www.europesays.com\/pl\/51086\/","title":{"rendered":"Katarzyna Wajda i Bart\u0142omiej Kotschedoff na premierze &quot;Seksu dla opornych&quot;. Trzymali si\u0119 za r\u0119ce &#8211; Kobieta Onet"},"content":{"rendered":"<ol>\n<li><a href=\"https:\/\/news.google.com\/rss\/articles\/CBMitAFBVV95cUxOVTBUQmNSbThlaU1ZNUx5aDZpVlRzOFMyZVNWc2JYVFlSeFFiVk9OMHpUSzJYamtzUl9RWEZCV0RMcTJzZFpQaGoxUExkWFF2RDBGa3RYdTdiTzVKLW5JazU5a1pFb0dhMGxTcV8yWmk1S2VPOGh4Q2o0S0JkTkIxMkFQRWhWQXNTWV9VM2JrU0RhNDZ3WUZ6NDhDWWM5czFONi1wc1d5c0FoX2pNYTZSZEF1SDQ?oc=5\" target=\"_blank\" rel=\"nofollow noopener\">Katarzyna Wajda i Bart\u0142omiej Kotschedoff na premierze &#8222;Seksu dla opornych&#8221;. Trzymali si\u0119 za r\u0119ce<\/a>&nbsp;&nbsp;Kobieta Onet<\/li>\n<li><a href=\"https:\/\/news.google.com\/rss\/articles\/CBMiuAFBVV95cUxPVGhFQTlLellBbmJPamZtRGdadFR0YUJTT2dqeVR4QkNEalVNZTBHWTd0QXktRFMyREY4N0dDX2t5N1Y0OU5nbHZORzdpUTBETE55N0w3TE9XRDZrYTcxbWUxRGdWNDFHRTBza0UwQjV4NXF4SktJbk5pRElHdE93QXhkbDJWWG9ISExTX0I5eHBkWlY1b1A2ZmZVTVo5SXNyOURaUzhuY0tlVGxFRWFPLXdTN1ZUdUx6?oc=5\" target=\"_blank\" rel=\"nofollow noopener\">Katarzyna Wajda jest ju\u017c w nowym zwi\u0105zku! Grali razem w &#8222;Odwil\u017cy&#8221;<\/a>&nbsp;&nbsp;Onet<\/li>\n<li><a href=\"https:\/\/news.google.com\/rss\/articles\/CBMi8gFBVV95cUxPQUNobEdFWThHMkltWjVNVERQbExWUFUzUEl3NmMxTTRJaDlsY3RSOGROblNtR296UUd2WU5ZRkk1dXZQUTA1clBiZkxMS1R6SndpZHJzbWw4Y0dmaUJSMTM0bTc3VXRURU9ja1VmYjd0cXRWMkdnUVhLN28wR1FRdjBtLTRoZ2J6VWpPU1EtNFMzdWN2VkpnUEg0Z1paR0FzRi1oaEVxNlRGN1NLV01YMFRyZDlmckhRVUlWY0x1S1l4a3VQWHlFQ0FRNTEzakozWkt2bnFhY29fRTlqMTh3VWYxVWt0TFBBNVgxNjM3VlFtdw?oc=5\" target=\"_blank\" rel=\"nofollow noopener\">Niedawno gruchn\u0119\u0142y wie\u015bci o rozwodzie Katarzyny Wajdy. Na najnowszej premierze TRZYMA\u0141A ZA R\u0118K\u0118 Bart\u0142omieja Kotschedoffa<\/a>&nbsp;&nbsp;pudelek.pl<\/li>\n<li><a href=\"https:\/\/news.google.com\/rss\/articles\/CBMiswFBVV95cUxPc2RfMVN6OFlmN1JDUmViUVRJUXRlMDZINFRMV3ZQRkVaVUludVFOQnMzQXV1QW9iZm53enNEaWNmcmo4b2FOS093X2RQQ3ZpcWZGVjdweTdQRmlrRzNLTGEtbVk3Z04weHQyMnFqaXh2dWtaWnlZOTdXcG1BZlNOejkxcDNuX09Vd3E4MnJ4b1FLaC1odjhZVjJ5X3ViUUJjUFIxT1gyTTg4RmYyUmg4YVNlaw?oc=5\" target=\"_blank\" rel=\"nofollow noopener\">15-letni syn Katarzyny Wajdy odni\u00f3s\u0142 ogromny sukces. Aktorka nie kryje dumy<\/a>&nbsp;&nbsp;Plejada<\/li>\n<li><a href=\"https:\/\/news.google.com\/rss\/articles\/CBMirwFBVV95cUxPTlVkNV9BTFhKYnZRbGt6S1ZKbWt0My12aGdkdVI3MkF2ak00MnVFalE0VnZxc3NWeFc3d05jWV9LYzN6SzNaU0hxbXFmMHNCVGdLODZoUUVfeExqLU9VS0NfMVJiYVpSS1lQWE9tQlNwZVpBUzZpQ2JTSl9taTVDQnhrYXpHcktBWGd3aF9sVWlHb0RhbG5PWVJzeEdGaXFha1kzUGxqUGwzeWkzWUw4?oc=5\" target=\"_blank\" rel=\"nofollow noopener\">Wajda i Kotschedoff jednak razem? Aktorka zabra\u0142a g\u0142os na premierze<\/a>&nbsp;&nbsp;Plotek.pl<\/li>\n<\/ol>\n","protected":false},"excerpt":{"rendered":"Katarzyna Wajda i Bart\u0142omiej Kotschedoff na premierze &#8222;Seksu dla opornych&#8221;. Trzymali si\u0119 za r\u0119ce&nbsp;&nbsp;Kobieta Onet Katarzyna Wajda jest&hellip;\n","protected":false},"author":2,"featured_media":51087,"comment_status":"","ping_status":"","sticky":false,"template":"","format":"standard","meta":{"footnotes":""},"categories":[22],"tags":[12269,1942,122,11993,48,46,42,38,40,39,41,123,47,2115],"class_list":{"0":"post-51086","1":"post","2":"type-post","3":"status-publish","4":"format-standard","5":"has-post-thumbnail","7":"category-rozrywka","8":"tag-bartlomiej_kotschedoff","9":"tag-celebryci","10":"tag-entertainment","11":"tag-katarzyna_wajda","12":"tag-nat_styl","13":"tag-omp","14":"tag-pl","15":"tag-poland","16":"tag-polish","17":"tag-polska","18":"tag-polski","19":"tag-rozrywka","20":"tag-screening_general","21":"tag-zwiazki_gwiazd"},"share_on_mastodon":{"url":"","error":""},"_links":{"self":[{"href":"https:\/\/www.europesays.com\/pl\/wp-json\/wp\/v2\/posts\/51086","targetHints":{"allow":["GET"]}}],"collection":[{"href":"https:\/\/www.europesays.com\/pl\/wp-json\/wp\/v2\/posts"}],"about":[{"href":"https:\/\/www.europesays.com\/pl\/wp-json\/wp\/v2\/types\/post"}],"author":[{"embeddable":true,"href":"https:\/\/www.europesays.com\/pl\/wp-json\/wp\/v2\/users\/2"}],"replies":[{"embeddable":true,"href":"https:\/\/www.europesays.com\/pl\/wp-json\/wp\/v2\/comments?post=51086"}],"version-history":[{"count":0,"href":"https:\/\/www.europesays.com\/pl\/wp-json\/wp\/v2\/posts\/51086\/revisions"}],"wp:featuredmedia":[{"embeddable":true,"href":"https:\/\/www.europesays.com\/pl\/wp-json\/wp\/v2\/media\/51087"}],"wp:attachment":[{"href":"https:\/\/www.europesays.com\/pl\/wp-json\/wp\/v2\/media?parent=51086"}],"wp:term":[{"taxonomy":"category","embeddable":true,"href":"https:\/\/www.europesays.com\/pl\/wp-json\/wp\/v2\/categories?post=51086"},{"taxonomy":"post_tag","embeddable":true,"href":"https:\/\/www.europesays.com\/pl\/wp-json\/wp\/v2\/tags?post=51086"}],"curies":[{"name":"wp","href":"https:\/\/api.w.org\/{rel}","templated":true}]}}