{"id":51090,"date":"2025-10-15T21:38:11","date_gmt":"2025-10-15T21:38:11","guid":{"rendered":"https:\/\/www.europesays.com\/pl\/51090\/"},"modified":"2025-10-15T21:38:11","modified_gmt":"2025-10-15T21:38:11","slug":"afera-o-puste-miejsca-na-widowni-konkursu-chopinowskiego-w-sieci-burza","status":"publish","type":"post","link":"https:\/\/www.europesays.com\/pl\/51090\/","title":{"rendered":"Afera o puste miejsca na widowni konkursu chopinowskiego. W sieci burza"},"content":{"rendered":"<p class=\"ods-c-paragraph \"><a href=\"https:\/\/plejada.pl\/konkurs-chopinowski\" id=\"b789f913-2173-4fb8-a0dc-1d6cba36f226\" rel=\"nofollow noopener\" target=\"_blank\">XIX Mi\u0119dzynarodowy Konkurs Pianistyczny im. Fryderyka Chopina<\/a> trwa w najlepsze. To jedno z najwa\u017cniejszych wydarze\u0144 muzycznych na \u015bwiecie, kt\u00f3re budzi ogromne zainteresowanie i emocje. Do 16 pa\u017adziernika trwa trzeci etap konkursu, podczas kt\u00f3rego maj\u0105 okazj\u0119 zaprezentowa\u0107 si\u0119 m.in. Piotr Pawlak, Yehuda Prokopowicz i Piotr Alexewicz. Wielki fina\u0142 odb\u0119dzie si\u0119 w dniach 18\u201320 pa\u017adziernika.<\/p>\n<p>Dalszy ci\u0105g artyku\u0142u pod materia\u0142em wideo<\/p>\n<p> Dlaczego s\u0105 puste miejsca na widowni konkursu chopinowskiego? <\/p>\n<p> Kiedy odbywa si\u0119 wielki fina\u0142 konkursu chopinowskiego? <\/p>\n<p> Jakie trudno\u015bci maj\u0105 internauci z zakupem bilet\u00f3w? <\/p>\n<p> Kto wyst\u0119puje w trzecim etapie konkursu chopinowskiego? <\/p>\n<p>  Burza w sieci o puste miejsca na widowni Konkursu Chopinowskiego<\/p>\n<p class=\"ods-c-paragraph \">W sieci wybuch\u0142a burzliwa dyskusja na temat bilet\u00f3w, a w\u0142a\u015bciwie trudno\u015bci z ich zakupem. Wielu internaut\u00f3w relacjonuje na oficjalnej grupie konkursu na Facebooku, \u017ce od wielu godzin czeka, aby zdoby\u0107 wej\u015bci\u00f3wki na wydarzenie \u2014 bez wzgl\u0119du na wybran\u0105 sesj\u0119. &#8222;Ja wczoraj sta\u0142em od 7.40, wszed\u0142em fartem o 19.20 bior\u0105c bilet od osoby wychodz\u0105cej&#8221; \u2014 napisa\u0142a jedna z os\u00f3b.<\/p>\n<p class=\"ods-c-paragraph \">Widzowie zauwa\u017cyli, \u017ce mimo trudno\u015bci z zakupem bilet\u00f3w podczas transmisji wida\u0107 wiele pustych miejsc. Niekt\u00f3rzy wyra\u017cali swoje oburzenie tym faktem, podczas gdy inni starali si\u0119 znale\u017a\u0107 wyt\u0142umaczenie tej sytuacji.<\/p>\n<p><img decoding=\"async\" src=\"https:\/\/www.europesays.com\/pl\/wp-content\/uploads\/2025\/10\/yQBk9lBaHR0cHM6Ly9vY2RuLmV1L3B1bHNjbXMvTURBXy9iZTA0ZjBhYjAxOGExYzJlM2FkMTM1ODQ0ZWI2NTRkMy5qcGeRlQLNB.jpeg\" height=\"627\" width=\"940\" alt=\"William Yang podczas wyst\u0119pu w ramach konkursu chopinowskiego\" loading=\"lazy\" class=\"ods-c-image__img ods-c-image__img--viewport-width\"\/><\/p>\n<p>William Yang podczas wyst\u0119pu w ramach konkursu chopinowskiegoWojciech Grz\u0119dzi\u0144ski \/ Narodowy Instytut Fryderyka Chopina<\/p>\n<blockquote class=\"ods-o-quota\">\n<p class=\"ods-o-quota__paragraph\">Pa\u0144stwo czekaj\u0105 na wej\u015bci\u00f3wki od 3.00 nad ranem, a na sali koncertowej masa wolnych miejsc. W zasi\u0119gu mojego wzroku widz\u0119 osiem wolnych miejsc pod balkonem. Organizacja pozostawia du\u017co do \u017cyczenia<\/p>\n<\/blockquote>\n<blockquote class=\"ods-o-quota\">\n<p class=\"ods-o-quota__paragraph\">To nie organizacja, to ludzie kupili pewnie bilety i nie dotarli z jakich\u015b przyczyn<\/p>\n<\/blockquote>\n<blockquote class=\"ods-o-quota\">\n<p class=\"ods-o-quota__paragraph\">Te\u017c na to zwr\u00f3ci\u0142am uwag\u0119 z perspektywy widza telewizyjnego, kt\u00f3ry nie za\u0142apa\u0142 si\u0119 na bilety<\/p>\n<\/blockquote>\n<p class=\"ods-c-paragraph \">&#8222;My\u015bl\u0119, \u017ce problemem najwi\u0119kszym jest organizacja. Osoba, kt\u00f3ra kupi\u0142a bilety dawno temu, mog\u0142a si\u0119 rozmy\u015bli\u0107, rozchorowa\u0107, urodzi\u0107 dziecko i wiele innych, a niestety organizator w \u017caden spos\u00f3b nie daje mo\u017cliwo\u015bci zwrotu bilet\u00f3w&#8221;, &#8222;To nie jest takie proste, jak si\u0119 wydaje. Na g\u00f3rze 10 min przed gongiem jest du\u017cy przemia\u0142 ludzi, ci\u0119\u017cko policzy\u0107, ile jest wolnych miejsc, a dop\u00f3ki nie b\u0119dzie liczby podanej na g\u00f3rze, to na dole nikt nie mo\u017ce kupi\u0107 wej\u015bci\u00f3wki&#8221; \u2014 czytamy.<\/p>\n<p>   <img decoding=\"async\" src=\"https:\/\/www.europesays.com\/pl\/wp-content\/uploads\/2025\/10\/7hTk9lBaHR0cHM6Ly9vY2RuLmV1L3B1bHNjbXMvTURBXy8xM2NiMTVjYmM4MWUyZmUxMTFiMmZmZmU2NWM0ZTI2My5qcGeRlQLNB.jpeg\" height=\"627\" width=\"940\" alt=\"Eric Lu podczas wyst\u0119pu w ramach konkursu chopinowskiego\" loading=\"lazy\" class=\"ods-c-image__img ods-c-image__img--viewport-width\"\/><\/p>\n<p>Eric Lu podczas wyst\u0119pu w ramach konkursu chopinowskiegoWojciech Grz\u0119dzi\u0144ski \/ Narodowy Instytut Fryderyka Chopina<\/p>\n<p class=\"ods-c-paragraph \">Dzi\u0119kujemy, \u017ce przeczyta\u0142a\u015b\/e\u015b nasz artyku\u0142 do ko\u0144ca. W serwisie Plejada.pl ka\u017cdego dnia piszemy o najwa\u017cniejszych wydarzeniach show-biznesowych. B\u0105d\u017a na bie\u017c\u0105co! <a rel=\"nofollow noopener\" href=\"https:\/\/news.google.com\/publications\/CAAiEF0PeAlb7W1llpV_mwV2rL4qFAgKIhBdD3gJW-1tZZaVf5sFdqy-?hl=pl&amp;gl=PL&amp;ceid=PL%3Apl\" id=\"7105c0e7-6f20-4933-be0e-f037b542dc19\" target=\"_blank\">Obserwuj<\/a> Plejad\u0119 w Wiadomo\u015bciach Google. Odwied\u017a nas tak\u017ce na <a rel=\"nofollow noopener\" href=\"https:\/\/www.facebook.com\/plejadapl\" id=\"c48d69af-9944-47ed-8922-b753f9c172eb\" target=\"_blank\">Facebooku<\/a>, <a rel=\"nofollow noopener\" href=\"https:\/\/www.instagram.com\/plejadapl\/\" id=\"255a188d-f08c-484a-8a17-64097263794e\" target=\"_blank\">Instagramie<\/a>, <a rel=\"nofollow noopener\" href=\"https:\/\/www.youtube.com\/c\/plejada\" id=\"b67a5fc8-71d9-4824-ae57-6826bfd1e93f\" target=\"_blank\">YouTube<\/a> oraz <a rel=\"nofollow noopener\" href=\"https:\/\/www.tiktok.com\/@plejada_pl\" id=\"ebf63919-9c1c-4119-9571-6e1257102917\" target=\"_blank\">TikToku<\/a>.<\/p>\n<p class=\"ods-c-paragraph \">Chcesz podzieli\u0107 si\u0119 ciekawym newsem lub zaproponowa\u0107 temat? Skontaktuj si\u0119 z nami, pisz\u0105c e-maila na adres: <a rel=\"nofollow noopener\" href=\"https:\/\/plejada.pl\/newsy\/afera-o-puste-miejsca-na-widowni-konkursu-chopinowskiego-w-sieci-burza\/mailto:plejada@redakcjaonet.pl\" id=\"ab4a184e-f714-4902-b909-ff6813b38e83\" target=\"_blank\">plejada@redakcjaonet.pl<\/a>.<\/p>\n<p><script async src=\"\/\/www.instagram.com\/embed.js\"><\/script><script async src=\"\/\/www.tiktok.com\/embed.js\"><\/script><\/p>\n","protected":false},"excerpt":{"rendered":"XIX Mi\u0119dzynarodowy Konkurs Pianistyczny im. Fryderyka Chopina trwa w najlepsze. To jedno z najwa\u017cniejszych wydarze\u0144 muzycznych na \u015bwiecie,&hellip;\n","protected":false},"author":2,"featured_media":51091,"comment_status":"","ping_status":"","sticky":false,"template":"","format":"standard","meta":{"footnotes":""},"categories":[5],"tags":[32,33,36,37,27,8186,34,35,28,31,48,25,125,46,42,38,40,39,41,47,29,30,26],"class_list":{"0":"post-51090","1":"post","2":"type-post","3":"status-publish","4":"format-standard","5":"has-post-thumbnail","7":"category-naglowki","8":"tag-breaking-news","9":"tag-breakingnews","10":"tag-featured-news","11":"tag-featurednews","12":"tag-headlines","13":"tag-konkurs_chopinowski","14":"tag-latest-news","15":"tag-latestnews","16":"tag-naglowki","17":"tag-najwazniejsze-artykuly","18":"tag-nat_styl","19":"tag-news","20":"tag-newsy","21":"tag-omp","22":"tag-pl","23":"tag-poland","24":"tag-polish","25":"tag-polska","26":"tag-polski","27":"tag-screening_general","28":"tag-top-stories","29":"tag-topstories","30":"tag-wiadomosci"},"share_on_mastodon":{"url":"","error":""},"_links":{"self":[{"href":"https:\/\/www.europesays.com\/pl\/wp-json\/wp\/v2\/posts\/51090","targetHints":{"allow":["GET"]}}],"collection":[{"href":"https:\/\/www.europesays.com\/pl\/wp-json\/wp\/v2\/posts"}],"about":[{"href":"https:\/\/www.europesays.com\/pl\/wp-json\/wp\/v2\/types\/post"}],"author":[{"embeddable":true,"href":"https:\/\/www.europesays.com\/pl\/wp-json\/wp\/v2\/users\/2"}],"replies":[{"embeddable":true,"href":"https:\/\/www.europesays.com\/pl\/wp-json\/wp\/v2\/comments?post=51090"}],"version-history":[{"count":0,"href":"https:\/\/www.europesays.com\/pl\/wp-json\/wp\/v2\/posts\/51090\/revisions"}],"wp:featuredmedia":[{"embeddable":true,"href":"https:\/\/www.europesays.com\/pl\/wp-json\/wp\/v2\/media\/51091"}],"wp:attachment":[{"href":"https:\/\/www.europesays.com\/pl\/wp-json\/wp\/v2\/media?parent=51090"}],"wp:term":[{"taxonomy":"category","embeddable":true,"href":"https:\/\/www.europesays.com\/pl\/wp-json\/wp\/v2\/categories?post=51090"},{"taxonomy":"post_tag","embeddable":true,"href":"https:\/\/www.europesays.com\/pl\/wp-json\/wp\/v2\/tags?post=51090"}],"curies":[{"name":"wp","href":"https:\/\/api.w.org\/{rel}","templated":true}]}}