{"id":511022,"date":"2026-06-23T03:57:36","date_gmt":"2026-06-23T03:57:36","guid":{"rendered":"https:\/\/www.europesays.com\/pl\/511022\/"},"modified":"2026-06-23T03:57:36","modified_gmt":"2026-06-23T03:57:36","slug":"prezydent-ukrainy-sie-myli-karol-nawrocki-odpowiada-na-zarzuty","status":"publish","type":"post","link":"https:\/\/www.europesays.com\/pl\/511022\/","title":{"rendered":"Prezydent Ukrainy si\u0119 myli? Karol Nawrocki odpowiada na zarzuty"},"content":{"rendered":"<p class=\"news__lead\">Prezydent Karol Nawrocki stanowczo odpowiedzia\u0142 na zarzuty, jakie sformu\u0142owa\u0142 prezydent Ukrainy Wo\u0142odymyr Ze\u0142enski. Polski przyw\u00f3dca podkre\u015bli\u0142, \u017ce trwaj\u0105cy konflikt wok\u00f3\u0142 odebrania Orderu Or\u0142a Bia\u0142ego nie ma nic wsp\u00f3lnego z wewn\u0119trzn\u0105 gr\u0105 polityczn\u0105, lecz dotyczy fundamentalnych r\u00f3\u017cnic w ocenie historii.<\/p>\n<p>                                                                                                                                                                                                                                                                                    <a name=\"topic_0\">Prezydent Ukrainy komentuje decyzj\u0119 Karola Nawrockiego<\/a>  <\/p>\n<p>Karol\u00a0Nawrocki\u00a0\u2013 przypomnijmy \u2013\u00a0 podj\u0105\u0142 decyzj\u0119 o odebraniu Wo\u0142odymyrowi Ze\u0142enskiemu Orderu Or\u0142a Bia\u0142ego, najwy\u017cszego polskiego odznaczenia\u00a0pa\u0144stwowego, kt\u00f3re zosta\u0142o przyznane prezydentowi Ukrainy w 2023 roku przez Andrzeja Dud\u0119.<\/p>\n<p>W niedawnym wywiadzie dla ukrai\u0144skiej telewizji TSN prezydent Ukrainy stwierdzi\u0142, \u017ce dzia\u0142ania polskiego prezydenta maj\u0105 zwi\u0105zek z krajow\u0105 rywalizacj\u0105 polityczn\u0105.<\/p>\n<p>  \u2013 Prezydent Karol Nawrocki walczy o pozycj\u0119 swojej partii wobec premiera Tuska. Nie mamy z tym nic wsp\u00f3lnego, to ich wewn\u0119trzna sprawa \u2013 oceni\u0142 ukrai\u0144ski przyw\u00f3dca.  <\/p>\n<p>Zdaniem Ze\u0142enskiego polski prezydent wykorzystuje temat Ukrainy w sporze politycznym prowadzonym w kraju.<\/p>\n<p>  <a name=\"topic_1\">Karol Nawrocki: Ze\u0142enski si\u0119 myli<\/a>  <\/p>\n<p>Do s\u0142\u00f3w, kt\u00f3re wypowiedzia\u0142 prezydent Ukrainy, odni\u00f3s\u0142 si\u0119 sam Karol Nawrocki. Podczas rozmowy z dziennikarzami podkre\u015bli\u0142, \u017ce sp\u00f3r nie dotyczy bie\u017c\u0105cej polityki w Polsce, lecz kwestii historycznych.<\/p>\n<p>  \u2013 Wszyscy patrioci rozumiej\u0105, ile zbrodni ukrai\u0144scy nacjonali\u015bci dokonali na ziemiach polskich, jak by\u0142y to dramatyczne chwile. Sp\u00f3r dotyczy postrzegania kwestii historycznych i tego, \u017ce w Polsce nie akceptujemy czerwono-czarnej banderowskiej flagi \u2013 powiedzia\u0142 Nawrocki.  <\/p>\n<p>Polski prezydent zaznaczy\u0142 r\u00f3wnie\u017c, \u017ce pami\u0119\u0107 o zbrodniach pope\u0142nionych przez ukrai\u0144skich nacjonalist\u00f3w pozostaje wa\u017cnym elementem polskiej debaty publicznej. Wed\u0142ug niego w tej sprawie istnieje szerokie porozumienie ponad politycznymi podzia\u0142ami.<\/p>\n<p>\u2013 Wo\u0142odymyrze drogi, panie prezydencie. Sp\u00f3r w og\u00f3le nie dotyka wewn\u0119trznych kwestii Polski. Te nie istniej\u0105, bo wszyscy Polacy wiedz\u0105 i rozumiej\u0105, ile z\u0142a zrobili Polsce, w Polsce, Polkom, Polakom, polskim dzieciom ukrai\u0144scy nacjonali\u015bci. Myli si\u0119 prezydent Ze\u0142enski\u00a0\u2013 tak s\u0142owa przyw\u00f3dcy Ukrainy\u00a0skomentowa\u0142 Karol Nawrocki.<\/p>\n<p>  <a name=\"topic_2\">Dlaczego odebrano Order Or\u0142a Bia\u0142ego?<\/a>  <\/p>\n<p>Decyzj\u0119 o odebraniu odznaczenia Nawrocki og\u0142osi\u0142 w ubieg\u0142ym tygodniu. Bezpo\u015brednim powodem by\u0142o nadanie przez prezydenta Ukrainy jednej z jednostek Si\u0142 Zbrojnych Ukrainy imienia \u201eBohater\u00f3w UPA\u201d.<\/p>\n<p>W Polsce krok ten spotka\u0142 si\u0119 z krytyk\u0105 polityk\u00f3w r\u00f3\u017cnych ugrupowa\u0144.\u00a0<\/p>\n<p>Mimo decyzji dotycz\u0105cej odznaczenia Nawrocki podkre\u015bli\u0142, \u017ce nie oznacza ona zmiany stanowiska Polski wobec wojny prowadzonej przez Rosj\u0119 przeciwko Ukrainie. Zapewni\u0142, \u017ce wsparcie dla walcz\u0105cego s\u0105siada pozostaje aktualne.<\/p>\n<p>  <a name=\"topic_3\">Ze\u0142enski odes\u0142a\u0142 odznaczenie<\/a>  <\/p>\n<p>W odpowiedzi na dzia\u0142ania polskiego prezydenta, prezydent Ukrainy poinformowa\u0142, \u017ce odsy\u0142a Order Or\u0142a Bia\u0142ego. Jednocze\u015bnie podzi\u0119kowa\u0142 Polakom za pomoc udzielan\u0105 Ukrainie od pocz\u0105tku rosyjskiej inwazji.<\/p>\n<p>Ukrai\u0144ski przyw\u00f3dca podkre\u015bli\u0142, \u017ce wsp\u00f3\u0142praca obu pa\u0144stw ma du\u017ce znaczenie dla bezpiecze\u0144stwa regionu i walki o niezale\u017cno\u015b\u0107 od Rosji.<\/p>\n<p>  <a name=\"topic_4\">Tusk ostrzega przed eskalacj\u0105 konfliktu<\/a>  <\/p>\n<p>Do narastaj\u0105cego sporu odni\u00f3s\u0142 si\u0119 r\u00f3wnie\u017c premier Donald Tusk. Szef rz\u0105du oceni\u0142, \u017ce zaostrzenie konfliktu mi\u0119dzy Warszaw\u0105 a Kijowem mo\u017ce przynie\u015b\u0107 korzy\u015bci jedynie Rosji.<\/p>\n<p>  \u201eKonflikt mi\u0119dzy Polsk\u0105 i Ukrain\u0105 cieszy Putina i szokuje naszych sojusznik\u00f3w\u201d \u2013 napisa\u0142 premier w mediach spo\u0142eczno\u015bciowych.  <\/p>\n<p>Tusk doda\u0142 p\u00f3\u017aniej, \u017ce zadaniem przyw\u00f3dc\u00f3w obu pa\u0144stw powinno by\u0107 \u0142agodzenie napi\u0119\u0107, a nie ich pog\u0142\u0119bianie. Wed\u0142ug premiera dalsza eskalacja sporu by\u0142aby strategicznym b\u0142\u0119dem zar\u00f3wno dla Polski, jak i Ukrainy.<\/p>\n<p>  <a name=\"topic_5\">Kolejne gesty ze strony Ukrainy<\/a>  <\/p>\n<p>Po decyzji Nawrockiego z polskich odznacze\u0144 zrezygnowali r\u00f3wnie\u017c byli prezydenci Ukrainy: Leonid Kuczma, Wiktor Juszczenko oraz Petro Poroszenko.<\/p>\n<p>Zrzeczenie si\u0119 polskich odznacze\u0144 og\u0142osili tak\u017ce ukrai\u0144scy urz\u0119dnicy, w tym minister spraw zagranicznych Andrij Sybiha oraz ambasador Ukrainy w Polsce Wasyl Bodnar.<\/p>\n<p>Sp\u00f3r wok\u00f3\u0142 decyzji Karola Nawrockiego pozostaje jednym z najg\u0142o\u015bniejszych temat\u00f3w w relacjach polsko-ukrai\u0144skich ostatnich tygodni i pokazuje, jak silne emocje nadal budz\u0105 kwestie historyczne po obu stronach granicy.<\/p>\n<p>                                                                                                                                                                                                        ]]><\/p>\n","protected":false},"excerpt":{"rendered":"Prezydent Karol Nawrocki stanowczo odpowiedzia\u0142 na zarzuty, jakie sformu\u0142owa\u0142 prezydent Ukrainy Wo\u0142odymyr Ze\u0142enski. Polski przyw\u00f3dca podkre\u015bli\u0142, \u017ce trwaj\u0105cy&hellip;\n","protected":false},"author":2,"featured_media":511023,"comment_status":"","ping_status":"","sticky":false,"template":"","format":"standard","meta":{"footnotes":"","_share_on_mastodon":"0"},"categories":[62712],"tags":[425,1345,99515,690,2427,99516,99510,907,39,99517,383,63551,99519,600,99511,99513,415,99512,435,2278,99518,7659,6677,99514],"class_list":["post-511022","post","type-post","status-publish","format-standard","has-post-thumbnail","category-karol-nawrocki","tag-bezpieczenstwo","tag-donald-tusk","tag-donald-tusk-ostrzezenie","tag-karol-nawrocki","tag-media-spolecznosciowe","tag-odeslanie-odznaczenia","tag-order-orla-bialego-zelenski","tag-polityka","tag-polska","tag-polskie-odznaczenia-panstwowe","tag-prawo","tag-premier-donald-tusk","tag-prezydent-ukrainywm-wolne-media","tag-putin","tag-relacje-polska-ukraina","tag-spor-historyczny-polska-ukraina","tag-ukraina","tag-upa-bohaterowie","tag-warszawa","tag-wojna-na-ukrainie","tag-wojna-rosja-ukraina-wsparcie","tag-wolyn","tag-wolodymyr-zelenski","tag-wolyn-ukrainscy-nacjonalisci"],"share_on_mastodon":{"url":"","error":"Validation failed: Text character limit of 500 exceeded"},"_links":{"self":[{"href":"https:\/\/www.europesays.com\/pl\/wp-json\/wp\/v2\/posts\/511022","targetHints":{"allow":["GET"]}}],"collection":[{"href":"https:\/\/www.europesays.com\/pl\/wp-json\/wp\/v2\/posts"}],"about":[{"href":"https:\/\/www.europesays.com\/pl\/wp-json\/wp\/v2\/types\/post"}],"author":[{"embeddable":true,"href":"https:\/\/www.europesays.com\/pl\/wp-json\/wp\/v2\/users\/2"}],"replies":[{"embeddable":true,"href":"https:\/\/www.europesays.com\/pl\/wp-json\/wp\/v2\/comments?post=511022"}],"version-history":[{"count":0,"href":"https:\/\/www.europesays.com\/pl\/wp-json\/wp\/v2\/posts\/511022\/revisions"}],"wp:featuredmedia":[{"embeddable":true,"href":"https:\/\/www.europesays.com\/pl\/wp-json\/wp\/v2\/media\/511023"}],"wp:attachment":[{"href":"https:\/\/www.europesays.com\/pl\/wp-json\/wp\/v2\/media?parent=511022"}],"wp:term":[{"taxonomy":"category","embeddable":true,"href":"https:\/\/www.europesays.com\/pl\/wp-json\/wp\/v2\/categories?post=511022"},{"taxonomy":"post_tag","embeddable":true,"href":"https:\/\/www.europesays.com\/pl\/wp-json\/wp\/v2\/tags?post=511022"}],"curies":[{"name":"wp","href":"https:\/\/api.w.org\/{rel}","templated":true}]}}