{"id":511209,"date":"2026-06-23T06:45:09","date_gmt":"2026-06-23T06:45:09","guid":{"rendered":"https:\/\/www.europesays.com\/pl\/511209\/"},"modified":"2026-06-23T06:45:09","modified_gmt":"2026-06-23T06:45:09","slug":"mirbud-ma-kontrakt-w-bydgoszczy-wybuduje-linie-tramwajowa","status":"publish","type":"post","link":"https:\/\/www.europesays.com\/pl\/511209\/","title":{"rendered":"Mirbud ma kontrakt w Bydgoszczy. Wybuduje lini\u0119 tramwajow\u0105"},"content":{"rendered":"<p>Kontrakt tramwajowy za 107,2 mln z\u0142 trafi\u0142 do portfela zam\u00f3wie\u0144 Mirbudu. Konsorcjum sp\u00f3\u0142ek z tej Grupy wybuduje lini\u0119 tramwajow\u0105 na Szwederowo w Bydgoszczy.  <\/p>\n<p>Zadanie b\u0119dzie realizowane na zlecenie Zarz\u0105du Dr\u00f3g Miejskich i Komunikacji Publicznej w Bydgoszczy. Chodzi o budow\u0119 dwutorowego torowiska tramwajowego wzd\u0142u\u017c ul. Solskiego od ronda Kujawskiego do p\u0119tli Bielicka wraz z p\u0119tl\u0105. Umow\u0119 na realizacj\u0119 tego zadania podpisa\u0142o konsorcjum Mirbudu i Kobylarni. Warto\u015b\u0107 kontraktu wynosi 107,219 mln z\u0142. Wykonawca ma na realizacj\u0119 zadania 27 miesi\u0119cy. <\/p>\n<p>To b\u0119dzie pierwszy etap budowy trasy tramwajowej \u0142\u0105cz\u0105cej rondo Kujawskie z rondem Grunwaldzkim w Bydgoszczy. Na potrzeby realizacji tej inwestycji ulica L. Solskiego ma by\u0107 dostosowana do przekroju dwujezdniowego z obustronnymi chodnikami i drogami rowerowymi. Torowisko powstanie po \u015brodku drogi.<\/p>\n<p>W ramach zadania wykonana zostanie p\u0119tla tramwajowo \u2013 autobusowej przy ul. Bielickiej, do tego zielone torowiska oraz przystanki z ro\u015blinami na dachach. W\u0119ze\u0142 przesiadkowy Rondo Kujawskie zostanie doposa\u017cony w dwa przystanki tramwajowe. Przebudowana zostanie podziemna infrastruktura wok\u00f3\u0142 nowej trasy tramwajowej.<\/p>\n<p>Zaplanowano przebudow\u0119 ulic poprzecznych, wykonanie dodatkowego przej\u015bcia dla pieszych wraz z przejazdami rowerowymi pomi\u0119dzy rondem Kujawskim a ul. T. Lenartowicza oraz na wysoko\u015bci ul. Konopnej, a tak\u017ce zadaszony parking rowerowy w obr\u0119bie p\u0119tli Bielickiej. Przy okazji tej inwestycji powstan\u0105 tak\u017ce tzw. kieszonkowe parki wzd\u0142u\u017c ul. Solskiego. Wybudowana zostanie tak\u017ce podstacja dla zasilania sieci trakcyjnej.<\/p>\n<p>Na razie za ul. ks. I. Skorupki torowisko zako\u0144czy si\u0119 \u015blepo, a ulica Solskiego ponownie przejdzie w przekr\u00f3j jednojezdniowy. W nast\u0119pnym etapie planowanym do realizacji w kolejnych latach trasa tramwajowa zostanie poprowadzona wzd\u0142u\u017c ul. Pi\u0119knej, Szubi\u0144skiej i Kruszwickiej i zako\u0144czy si\u0119 na rondzie Grunwaldzkim.<\/p>\n","protected":false},"excerpt":{"rendered":"Kontrakt tramwajowy za 107,2 mln z\u0142 trafi\u0142 do portfela zam\u00f3wie\u0144 Mirbudu. Konsorcjum sp\u00f3\u0142ek z tej Grupy wybuduje lini\u0119&hellip;\n","protected":false},"author":2,"featured_media":511210,"comment_status":"","ping_status":"","sticky":false,"template":"","format":"standard","meta":{"footnotes":"","_share_on_mastodon":"0"},"categories":[51613],"tags":[7648,7132,7650,2624,54135,33107,7651,99540,2995,20843,7649,7653,2801,42,38,40,39,41,6228,7647,7646,7652,10539,99541],"class_list":["post-511209","post","type-post","status-publish","format-standard","has-post-thumbnail","category-bydgoszcz","tag-autostrada","tag-bydgoszcz","tag-cieplownictwo","tag-energetyka","tag-inwestycje-miejskie","tag-kobylarnia","tag-linie-kolejowe","tag-linie-tramwajowe","tag-lotnisko","tag-mirbud","tag-obwodnica","tag-operatorzy","tag-pkp-plk","tag-pl","tag-poland","tag-polish","tag-polska","tag-polski","tag-porty","tag-porty-lotnicze","tag-stocznie","tag-telekomunikacja","tag-tramwaje","tag-zdikp-bydgoszcz"],"share_on_mastodon":{"url":"https:\/\/pubeurope.com\/@pl\/116798077420879205","error":""},"_links":{"self":[{"href":"https:\/\/www.europesays.com\/pl\/wp-json\/wp\/v2\/posts\/511209","targetHints":{"allow":["GET"]}}],"collection":[{"href":"https:\/\/www.europesays.com\/pl\/wp-json\/wp\/v2\/posts"}],"about":[{"href":"https:\/\/www.europesays.com\/pl\/wp-json\/wp\/v2\/types\/post"}],"author":[{"embeddable":true,"href":"https:\/\/www.europesays.com\/pl\/wp-json\/wp\/v2\/users\/2"}],"replies":[{"embeddable":true,"href":"https:\/\/www.europesays.com\/pl\/wp-json\/wp\/v2\/comments?post=511209"}],"version-history":[{"count":0,"href":"https:\/\/www.europesays.com\/pl\/wp-json\/wp\/v2\/posts\/511209\/revisions"}],"wp:featuredmedia":[{"embeddable":true,"href":"https:\/\/www.europesays.com\/pl\/wp-json\/wp\/v2\/media\/511210"}],"wp:attachment":[{"href":"https:\/\/www.europesays.com\/pl\/wp-json\/wp\/v2\/media?parent=511209"}],"wp:term":[{"taxonomy":"category","embeddable":true,"href":"https:\/\/www.europesays.com\/pl\/wp-json\/wp\/v2\/categories?post=511209"},{"taxonomy":"post_tag","embeddable":true,"href":"https:\/\/www.europesays.com\/pl\/wp-json\/wp\/v2\/tags?post=511209"}],"curies":[{"name":"wp","href":"https:\/\/api.w.org\/{rel}","templated":true}]}}