{"id":51127,"date":"2025-10-15T21:57:06","date_gmt":"2025-10-15T21:57:06","guid":{"rendered":"https:\/\/www.europesays.com\/pl\/51127\/"},"modified":"2025-10-15T21:57:06","modified_gmt":"2025-10-15T21:57:06","slug":"chca-odbudowac-strefe-gazy-wlochy-skladaja-deklaracje-relacja","status":"publish","type":"post","link":"https:\/\/www.europesays.com\/pl\/51127\/","title":{"rendered":"Chc\u0105 odbudowa\u0107 Stref\u0119 Gazy. W\u0142ochy sk\u0142adaj\u0105 deklaracj\u0119 [RELACJA]"},"content":{"rendered":"<p class=\"ods-c-paragraph \">Wojna w Strefie Gazy to brutalny i d\u0142ugotrwa\u0142y konflikt zbrojny mi\u0119dzy Izraelem a palesty\u0144sk\u0105 organizacj\u0105 Hamas, kt\u00f3ry nasili\u0142 si\u0119 szczeg\u00f3lnie <a href=\"https:\/\/wiadomosci.onet.pl\/swiat\/mija-rok-od-ataku-hamasu-izraelski-11-wrzesnia-godzina-po-godzinie\/nnh0v0f\" id=\"b1a6d27f-aea6-44a4-86f6-a60dd4ddda19\" rel=\"nofollow noopener\" target=\"_blank\">po ataku Hamasu na Izrael 7 pa\u017adziernika 2023 r.<\/a> Od tego czasu izraelskie si\u0142y prowadz\u0105 intensywn\u0105 operacj\u0119 wojskow\u0105, kt\u00f3ra doprowadzi\u0142a do ogromnych strat w\u015br\u00f3d ludno\u015bci cywilnej, zniszczenia infrastruktury i pog\u0142\u0119bienia kryzysu humanitarnego. <a href=\"https:\/\/wiadomosci.onet.pl\/swiat\/izrael-wycofal-sie-ze-strefy-gazy-20-lat-temu-dlaczego-nadal-trwa-tam-wojna\/tqyw4s7\" id=\"73fa2945-8ba8-4b39-96c6-bc871b2640d5\" rel=\"nofollow noopener\" target=\"_blank\">Konflikt ten ma g\u0142\u0119bokie korzenie polityczne, religijne i historyczne<\/a>.<\/p>\n<p class=\"ods-c-paragraph \">Wcze\u015bniejsze informacje dotycz\u0105ce Strefy Gazy<a href=\"https:\/\/wiadomosci.onet.pl\/swiat\/izrael-ujawnia-szczegoly-uwolnienia-zakladnikow-tlumy-czekaja-na-ich-powrot-relacja\/0gv6ke9\" id=\"8ed7966c-6a9e-4950-8037-d46b26b7ecab\" rel=\"nofollow noopener\" target=\"_blank\"> <\/a><a href=\"https:\/\/wiadomosci.onet.pl\/swiat\/chaos-wokol-rozejmu-hamas-nie-wydaje-zwlok-zakladnikow-izrael-nie-otwiera-przejscia\/h81cegf\" id=\"7a292a2f-d07c-408b-8ec6-5ea79b676cd7\" rel=\"nofollow noopener\" target=\"_blank\">znajdziesz tutaj.<\/a><\/p>\n<p>Tak W\u0142ochy chc\u0105 odbudowa\u0107 zniszczon\u0105 Stref\u0119 Gazy   <\/p>\n<p class=\"ods-c-paragraph \">\u015arodowe obrady w\u0142oskiego rz\u0105du na temat odbudowy Strefy Gazy odby\u0142y si\u0119 dwa dni po podpisaniu w Szarm el-Szejk w Egipcie porozumienia w sprawie jej przysz\u0142o\u015bci, w kt\u00f3rym uczestniczy\u0142a premier Giorgia Meloni.<\/p>\n<p class=\"ods-c-paragraph \">Minister do spraw Obrony Cywilnej Nello Musumeci o\u015bwiadczy\u0142 w czasie spotkania, \u017ce w\u0142oska Obrona Cywilna jest gotowa zapewni\u0107 personel, narz\u0119dzia i \u015brodki pomocy dla ludno\u015bci palesty\u0144skiej. \u2014 W ci\u0105gu kilku dni mo\u017cemy postawi\u0107 szpital polowy i przygotowa\u0107 modu\u0142owe domy z prefabrykat\u00f3w dla rodzin \u2014 zadeklarowa\u0142a.<\/p>\n<p class=\"ods-c-paragraph \">Ministra do spraw niepe\u0142nosprawno\u015bci Alessandra Locatelli zapowiedzia\u0142a natomiast pomoc dla dotkni\u0119tych ni\u0105 dzieci ze Strefy Gazy. W jej ramach zapewniona zostanie opieka medyczna i rehabilitacja. Przedstawiony zosta\u0142 r\u00f3wnie\u017c plan budowy uniwersytetu w Strefie Gazy. W\u015br\u00f3d plan\u00f3w, kt\u00f3re zostan\u0105 szybko zrealizowane ministra do spraw szkolnictwa wy\u017cszego i bada\u0144 naukowych Anna Maria Bernini wymieni\u0142a przyj\u0119cie palesty\u0144skich student\u00f3w na w\u0142oskie uniwersytety. Ju\u017c przyjecha\u0142a pierwsza taka grupa 39 os\u00f3b \u2014 podkre\u015blono.<\/p>\n<p>   ONZ alarmuje w sprawie dzia\u0142a\u0144 armii Izraela<\/p>\n<p class=\"ods-c-paragraph \">Organizacja Narod\u00f3w Zjednoczonych zaalarmowa\u0142a w \u015brod\u0119, \u017ce izraelskie wojsko &#8222;nadal zabija cywil\u00f3w&#8221; wok\u00f3\u0142 ustanowionych &#8222;linii przegrupowania&#8221;. &#8222;Od 10 pa\u017adziernika co najmniej 15 Palesty\u0144czyk\u00f3w zosta\u0142o zastrzelonych na terenach w pobli\u017cu stacjonuj\u0105cych jeszcze wojsk izraelskich&#8221; \u2014 podano w komunikacie.<\/p>\n<p class=\"ods-c-paragraph \">ONZ wskazuje, \u017ce wojsko izraelskie nadal kontroluje ponad 50 proc. obszaru Gazy, podczas gdy setki tysi\u0119cy Palesty\u0144czyk\u00f3w powracaj\u0105 na tereny, z kt\u00f3rych zostali przesiedleni.<\/p>\n<p class=\"ods-c-paragraph \">&#8222;Ataki na ludno\u015b\u0107 cywiln\u0105 niebior\u0105c\u0105 bezpo\u015brednio udzia\u0142u w dzia\u0142aniach wojennych stanowi\u0105 zbrodni\u0119 wojenn\u0105 bez wzgl\u0119du na miejsce zdarzenia i jego blisko\u015b\u0107 od uzgodnionej linii rozmieszczenia&#8221; \u2014 zaznacza ONZ.<\/p>\n<p class=\"ods-c-paragraph \">Al-D\u017cazira donosi\u0142a wcze\u015bniej, \u017ce si\u0142y Izraela otworzy\u0142y ogie\u0144 w po\u0142udniowej cz\u0119\u015bci Strefy Gazy. Izraelskie czo\u0142gi mia\u0142y strzela\u0107 w Palesty\u0144czyk\u00f3w. Do atak\u00f3w doj\u015b\u0107 mia\u0142o w mie\u015bcie Bani Suhajla, le\u017c\u0105cym na wsch\u00f3d od Chan Junus. Czo\u0142gi mia\u0142y pojawi\u0107 si\u0119 tak\u017ce we wtorek w mie\u015bcie Gaza, gdzie w wyniku ataku zgin\u0105\u0107 mia\u0142o dziewi\u0119\u0107 os\u00f3b \u2014 podaje stacja.<\/p>\n<p class=\"ods-c-paragraph \">Agencja Wafa informuje natomiast, \u017ce w ataku na miasto Ar-Ram, le\u017c\u0105cym na p\u00f3\u0142noc od Jerozolimy, zgin\u0105\u0142 57-latek. M\u0119\u017cczyzna mia\u0142 zosta\u0107 pobity na \u015bmier\u0107.<\/p>\n<p> Gigantyczne protesty przeciwko Izraelowi w Hiszpanii<\/p>\n<p class=\"ods-c-paragraph \">W oko\u0142o 40 miastach Hiszpanii odby\u0142y si\u0119 w \u015brod\u0119 wielotysi\u0119czne demonstracje wymierzone w Izrael i wspieraj\u0105ce Palestyn\u0119. Katalo\u0144ski dziennik &#8222;La Vanguardia&#8221; podaje, \u017ce protestuj\u0105cy w Barcelonie starli si\u0119 z policj\u0105. <\/p>\n<p class=\"ods-c-paragraph \">Rzucali r\u00f3\u017cnego rodzaju przedmiotami, odpalili te\u017c race. Powa\u017cnie ucierpia\u0142 pobliski lokal restauracji Burger King. Demonstranci zacz\u0119li te\u017c wznosi\u0107 barykady. W ko\u0144cu policjanci rozproszyli ich gazem pieprzowym. Aresztowana zosta\u0142a przynajmniej jedna osoba.<\/p>\n<p class=\"ods-c-paragraph \">W\u015br\u00f3d najcz\u0119\u015bciej powtarzanych okrzyk\u00f3w znalaz\u0142y si\u0119 ostre, antyizraelskie has\u0142a, m.in. &#8222;Izrael to nie kraj, to okupacja&#8221;, czy &#8222;Izrael to morderca, Europa to sponsor&#8221;. W wiecu wzi\u0119li uczniowie, studenci i ca\u0142e rodziny, a tak\u017ce przedstawiciele r\u00f3\u017cnych stowarzysze\u0144 i partii. Barcelo\u0144ska policja szacuje, \u017ce propalesty\u0144skich demonstrant\u00f3w by\u0142o nawet 15 tys.<\/p>\n<p>   Hamas przekaza\u0142 kolejne cia\u0142a<\/p>\n<p class=\"ods-c-paragraph \">Izraelskie wojsko poinformowa\u0142o, \u017ce Hamas przekaza\u0142 we wtorek wieczorem cztery trumny ze szcz\u0105tkami zak\u0142adnik\u00f3w. Szcz\u0105tki zosta\u0142y przekazane za po\u015brednictwem Mi\u0119dzynarodowego Komitetu Czerwonego Krzy\u017ca, kt\u00f3rego pracownicy odebrali je z miasta Gazy. Nie podano to\u017csamo\u015bci wydanych zw\u0142ok.<\/p>\n<p class=\"ods-c-paragraph \">Hamas do poniedzia\u0142ku mia\u0142 przekaza\u0107 cia\u0142a wszystkich 28 zabitych porwanych. Jest to jedno z ustale\u0144 zawartego rozejmu. W poniedzia\u0142ek przekazano jednak zaledwie cztery cia\u0142a.<\/p>\n<p>Granica Strefy Gazy z Egiptem mo\u017ce zosta\u0107 otwarta<\/p>\n<p class=\"ods-c-paragraph \">Publiczny nadawca izraelski Kan, cytowany w \u015brod\u0119 przez Reutersa, poinformowa\u0142, \u017ce po przekazaniu przez Hamas zw\u0142ok kilku kolejnych zak\u0142adnik\u00f3w Izrael otworzy przej\u015bcie graniczne mi\u0119dzy Stref\u0105 Gazy a Egiptem i umo\u017cliwi wjazd pomocy humanitarnej.<\/p>\n<p class=\"ods-c-paragraph \">Wcze\u015bniej Izrael zapowiedzia\u0142, po tym, jak Hamas nie zwr\u00f3ci\u0142 wszystkich cia\u0142, \u017ce ograniczy o po\u0142ow\u0119 liczb\u0119 wpuszczanych do Strefy ci\u0119\u017car\u00f3wek z pomoc\u0105 i nie otworzy przej\u015bcia granicznego<\/p>\n<p>   Niepewna sytuacja w Strefie Gazy<\/p>\n<p class=\"ods-c-paragraph \">Al-D\u017cazira informuje, \u017ce od momentu zawarcia porozumienia, liczba ci\u0119\u017car\u00f3wek z pomoc\u0105 humanitarn\u0105, kt\u00f3rej zezwolono na wjazd do Strefy Gazy, by\u0142a ni\u017csza, ni\u017c ustalono.<\/p>\n<p class=\"ods-c-paragraph \">Do tej pory do Strefy Gazy dotar\u0142o 137 pojazd\u00f3w. ONZ donosi, \u017ce Izrael zezwoli\u0142 na wjazd 300 ci\u0119\u017car\u00f3wek. Jest to po\u0142owa minimalnej liczby, jak\u0105 zak\u0142ada\u0142 plan pokojowy Donalda Trumpa.<\/p>\n<p class=\"ods-c-paragraph \">Ludzie nadal oczekuj\u0105 pe\u0142nego zaanga\u017cowania ze strony Izraela w kwestii dostaw pomocy. Panuje jednak niepok\u00f3j przed tym, co postanowi Izrael, gdy wydane zostan\u0105 wszystkie cia\u0142a zak\u0142adnik\u00f3w.<\/p>\n","protected":false},"excerpt":{"rendered":"Wojna w Strefie Gazy to brutalny i d\u0142ugotrwa\u0142y konflikt zbrojny mi\u0119dzy Izraelem a palesty\u0144sk\u0105 organizacj\u0105 Hamas, kt\u00f3ry nasili\u0142&hellip;\n","protected":false},"author":2,"featured_media":38867,"comment_status":"","ping_status":"","sticky":false,"template":"","format":"standard","meta":{"footnotes":""},"categories":[14],"tags":[744,32,33,13682,213,27,91,34,35,28,31,48,25,46,40,41,4861,47,88,80,29,30,26,82,83,84,3118,12892],"class_list":{"0":"post-51127","1":"post","2":"type-post","3":"status-publish","4":"format-standard","5":"has-post-thumbnail","7":"category-swiat","8":"tag-atak","9":"tag-breaking-news","10":"tag-breakingnews","11":"tag-ciala","12":"tag-hamas","13":"tag-headlines","14":"tag-izrael","15":"tag-latest-news","16":"tag-latestnews","17":"tag-naglowki","18":"tag-najwazniejsze-artykuly","19":"tag-nat_styl","20":"tag-news","21":"tag-omp","22":"tag-polish","23":"tag-polski","24":"tag-pomoc_humanitarna","25":"tag-screening_general","26":"tag-strefa_gazy","27":"tag-swiat","28":"tag-top-stories","29":"tag-topstories","30":"tag-wiadomosci","31":"tag-world","32":"tag-world-news","33":"tag-worldnews","34":"tag-zachodni_brzeg","35":"tag-zakladnicy"},"share_on_mastodon":{"url":"","error":""},"_links":{"self":[{"href":"https:\/\/www.europesays.com\/pl\/wp-json\/wp\/v2\/posts\/51127","targetHints":{"allow":["GET"]}}],"collection":[{"href":"https:\/\/www.europesays.com\/pl\/wp-json\/wp\/v2\/posts"}],"about":[{"href":"https:\/\/www.europesays.com\/pl\/wp-json\/wp\/v2\/types\/post"}],"author":[{"embeddable":true,"href":"https:\/\/www.europesays.com\/pl\/wp-json\/wp\/v2\/users\/2"}],"replies":[{"embeddable":true,"href":"https:\/\/www.europesays.com\/pl\/wp-json\/wp\/v2\/comments?post=51127"}],"version-history":[{"count":0,"href":"https:\/\/www.europesays.com\/pl\/wp-json\/wp\/v2\/posts\/51127\/revisions"}],"wp:featuredmedia":[{"embeddable":true,"href":"https:\/\/www.europesays.com\/pl\/wp-json\/wp\/v2\/media\/38867"}],"wp:attachment":[{"href":"https:\/\/www.europesays.com\/pl\/wp-json\/wp\/v2\/media?parent=51127"}],"wp:term":[{"taxonomy":"category","embeddable":true,"href":"https:\/\/www.europesays.com\/pl\/wp-json\/wp\/v2\/categories?post=51127"},{"taxonomy":"post_tag","embeddable":true,"href":"https:\/\/www.europesays.com\/pl\/wp-json\/wp\/v2\/tags?post=51127"}],"curies":[{"name":"wp","href":"https:\/\/api.w.org\/{rel}","templated":true}]}}