{"id":511473,"date":"2026-06-23T09:20:12","date_gmt":"2026-06-23T09:20:12","guid":{"rendered":"https:\/\/www.europesays.com\/pl\/511473\/"},"modified":"2026-06-23T09:20:12","modified_gmt":"2026-06-23T09:20:12","slug":"porozumienie-usa-iran-jest-kruche-ekspert-wskazuje-trzy-plaszczyzny","status":"publish","type":"post","link":"https:\/\/www.europesays.com\/pl\/511473\/","title":{"rendered":"Porozumienie USA-Iran jest &#8222;kruche&#8221;? Ekspert wskazuje &#8222;trzy p\u0142aszczyzny&#8221;"},"content":{"rendered":"<p>Ekspert pytany by\u0142 o <a href=\"https:\/\/wiadomosci.onet.pl\/swiat\/bialy-dom-przedstawil-pelna-wersje-porozumienia-z-iranem-dzentelmenska-umowa\/j5z2kb3\" id=\"e78d33b2-17de-4058-8614-5cfb0f1c613d\" rel=\"nofollow noopener\" target=\"_blank\">porozumienie &#8222;memorandum of understanding&#8221; wypracowane przez delegacje USA i Iranu.<\/a> Go\u015b\u0107 &#8222;Onet Rano.&#8221; wskaza\u0142, \u017ce istniej\u0105 trzy p\u0142aszczyzny, kt\u00f3re sprawiaj\u0105, \u017ce porozumienie to jest kruche. Dalszy ci\u0105g artyku\u0142u pod materia\u0142em wideo <\/p>\n<p>Pierwszym z nich jest ira\u0144ski program nuklearny. \u2014 Ira\u0144czycy zobowi\u0105zuj\u0105 si\u0119, \u017ce nie b\u0119d\u0105 wzbogaca\u0107 uranu w celach innych ni\u017c cywilne, ale to jest co\u015b, co by\u0142o przed rozpocz\u0119ciem wojny, wi\u0119c wracamy do punktu wyj\u015bcia, wi\u0119c pytanie, po co by\u0142y te dzia\u0142ania \u2014 m\u00f3wi Pyffel.<\/p>\n<p>\u2014 \u017byjemy w \u015bwiecie, kt\u00f3ry podzieli\u0142 si\u0119 na ba\u0144ki. Zwolennicy Donalda Trumpa uznaj\u0105 to za sukces i te\u017c tak to przedstawia Trump, on potrzebuje tego sukcesu \u2014 podkre\u015bla dalej. Stwierdza tak\u017ce, \u017ce nie wierzy, \u017ce je\u015bli Iran rozwija\u0142 program nuklearny, to teraz przestanie.<\/p>\n<p>     &#8222;Kruche&#8221; porozumienie USA z Iranem<\/p>\n<p>Drug\u0105 p\u0142aszczyzn\u0105 jest blokada cie\u015bniny Ormuz i jej skutki dla innych kraj\u00f3w \u015bwiata. Ekspert zauwa\u017ca, \u017ce uderzy\u0142o to przede wszystkim w kraje arabskie i kraje wschodniej Azji, w tym w wiele pa\u0144stw sojuszniczych USA.<\/p>\n<p>\u2014 Trzecia rzecz to to, \u017ce Amerykanie niby mog\u0105 si\u0119 dogada\u0107 z Ira\u0144czykami, ale jeszcze s\u0105 Izrael i Hezbollah. Izrael to torpeduje, bo nie rozwi\u0105za\u0142 swojego g\u0142\u00f3wnego problemu, jakim jest pozbycie si\u0119 egzystencjonalnego zagro\u017cenia, czyli Iranu \u2014 wskazuje Pyffel.<\/p>\n<p>\u2014 Bardzo kruche jest to porozumienie, kt\u00f3re nie jest porozumieniem, tylko memorandum of understanding \u2014 podsumowuje, podkre\u015blaj\u0105c, \u017ce nie jest jeszcze jasne czy porozumienie to zako\u0144czy si\u0119 sukcesem. Zauwa\u017ca tak\u017ce, \u017ce Iran te\u017c m\u00f3wi, \u017ce poni\u00f3s\u0142 ogromny koszt tego konfliktu i \u017ce chc\u0105 to teraz sobie zbilansowa\u0107 pobieraniem op\u0142at z cie\u015bniny Ormuz.<\/p>\n<p>     Zmiana si\u0142 w Europie? Ekspert m\u00f3wi o &#8222;nowym uk\u0142adzie&#8221;<\/p>\n<p>Zdaniem Pyffela Amerykanie staraj\u0105 si\u0119 konstruowa\u0107 nowy uk\u0142ad, zabieraj\u0105c swoje si\u0142y z Europy. \u2014 Trump przyj\u0105\u0142 specyficzn\u0105 taktyk\u0119, on zawsze podbija to bardzo do g\u00f3ry, potem schodzi z tych warunk\u00f3w i nie do ko\u0144ca wiadomo, co chce zrobi\u0107 \u2014 m\u00f3wi.<\/p>\n<p>Dopytywany o pozycj\u0119 Polski w zwi\u0105zku z <a href=\"https:\/\/wiadomosci.onet.pl\/kraj\/stala-baza-usa-w-polsce-wladyslaw-kosiniak-kamysz-przekazal-oficjalna-odpowiedz\/4s8bpx6\" id=\"7d7bded1-1b17-4903-8fa2-b3b21612ed3f\" rel=\"nofollow noopener\" target=\"_blank\">zapowiedzi\u0105 powstania sta\u0142ej bazy wojskowej USA w Polsce<\/a> ekspert stwierdza, \u017ce &#8222;Amerykanie nie chc\u0105 by\u0107 hegemonem, ale nadal pozostaj\u0105 imperium&#8221;. \u2014 Po pierwsze nie wierz\u0119, \u017ce chcieliby wyj\u015b\u0107 z Niemiec do ko\u0144ca, bo baza w Ramstein jest wygodna dla armii ameryka\u0144skiej \u2014 podkre\u015bla.<\/p>\n<p>\u2014 Przestrzegam przed takim my\u015bleniem. My w Polsce od razu wszystko eskalujemy, \u017ce jak b\u0119d\u0105 wychodzi\u0107 to ca\u0142kowicie \u2014 zauwa\u017ca ekspert.<\/p>\n<p>Zaznacza, \u017ce na \u015bwiecie wy\u0142oni si\u0119 nowy \u0142ad, korzystniejszy dla Polski. \u2014 Tylko Polska musi by\u0107 graczem bardziej samodzielnym i ud\u017awign\u0105\u0107 to wielkie wyzwanie, kt\u00f3re przed nami stawia ta nowa epoka \u2014 zaznacza.<\/p>\n","protected":false},"excerpt":{"rendered":"Ekspert pytany by\u0142 o porozumienie &#8222;memorandum of understanding&#8221; wypracowane przez delegacje USA i Iranu. Go\u015b\u0107 &#8222;Onet Rano.&#8221; wskaza\u0142,&hellip;\n","protected":false},"author":2,"featured_media":511474,"comment_status":"","ping_status":"","sticky":false,"template":"","format":"standard","meta":{"footnotes":"","_share_on_mastodon":"0"},"categories":[14],"tags":[12913,905,61195,32,33,44,189,27,663,91,34,35,28,31,48,25,46,40,41,99613,47,80,29,30,71,26,82,83,84],"class_list":["post-511473","post","type-post","status-publish","format-standard","has-post-thumbnail","category-swiat","tag-_onet_rano_","tag-bliski_wschod","tag-bottomfeed_styl","tag-breaking-news","tag-breakingnews","tag-donald_trump","tag-europa","tag-headlines","tag-iran","tag-izrael","tag-latest-news","tag-latestnews","tag-naglowki","tag-najwazniejsze-artykuly","tag-nat_styl","tag-news","tag-omp","tag-polish","tag-polski","tag-radoslaw_pyffel","tag-screening_general","tag-swiat","tag-top-stories","tag-topstories","tag-usa","tag-wiadomosci","tag-world","tag-world-news","tag-worldnews"],"share_on_mastodon":{"url":"https:\/\/pubeurope.com\/@pl\/116798686970415466","error":""},"_links":{"self":[{"href":"https:\/\/www.europesays.com\/pl\/wp-json\/wp\/v2\/posts\/511473","targetHints":{"allow":["GET"]}}],"collection":[{"href":"https:\/\/www.europesays.com\/pl\/wp-json\/wp\/v2\/posts"}],"about":[{"href":"https:\/\/www.europesays.com\/pl\/wp-json\/wp\/v2\/types\/post"}],"author":[{"embeddable":true,"href":"https:\/\/www.europesays.com\/pl\/wp-json\/wp\/v2\/users\/2"}],"replies":[{"embeddable":true,"href":"https:\/\/www.europesays.com\/pl\/wp-json\/wp\/v2\/comments?post=511473"}],"version-history":[{"count":0,"href":"https:\/\/www.europesays.com\/pl\/wp-json\/wp\/v2\/posts\/511473\/revisions"}],"wp:featuredmedia":[{"embeddable":true,"href":"https:\/\/www.europesays.com\/pl\/wp-json\/wp\/v2\/media\/511474"}],"wp:attachment":[{"href":"https:\/\/www.europesays.com\/pl\/wp-json\/wp\/v2\/media?parent=511473"}],"wp:term":[{"taxonomy":"category","embeddable":true,"href":"https:\/\/www.europesays.com\/pl\/wp-json\/wp\/v2\/categories?post=511473"},{"taxonomy":"post_tag","embeddable":true,"href":"https:\/\/www.europesays.com\/pl\/wp-json\/wp\/v2\/tags?post=511473"}],"curies":[{"name":"wp","href":"https:\/\/api.w.org\/{rel}","templated":true}]}}