{"id":511634,"date":"2026-06-23T11:00:07","date_gmt":"2026-06-23T11:00:07","guid":{"rendered":"https:\/\/www.europesays.com\/pl\/511634\/"},"modified":"2026-06-23T11:00:07","modified_gmt":"2026-06-23T11:00:07","slug":"ruchy-kadrowe-w-lks-ie-lodz","status":"publish","type":"post","link":"https:\/\/www.europesays.com\/pl\/511634\/","title":{"rendered":"Ruchy kadrowe w \u0141KS-ie \u0141\u00f3d\u017a"},"content":{"rendered":"\n<p class=\"contentpart contentpart--default contentpart--text\" data-position=\"0\">W poprzednim sezonie pi\u0142karzom <a href=\"https:\/\/sportowefakty.wp.pl\/pilka-nozna\/lks-lodz\" rel=\"nofollow noopener\" target=\"_blank\">\u0141KS-u \u0141\u00f3d\u017a<\/a>\u00a0nie uda\u0142o si\u0119 awansowa\u0107 do PKO Ekstraklasy. Dru\u017cyna wprawdzie znalaz\u0142a si\u0119 w bara\u017cach, ale w p\u00f3\u0142finale po rzutach karnych okaza\u0142a si\u0119 s\u0142absza od Chrobrego G\u0142og\u00f3w.<\/p>\n<p class=\"contentpart contentpart--default contentpart--text\" data-position=\"1\">W kolejnych rozgrywkach cel \u0141odzian nie zmienia si\u0119. Jest nim promocja do ligowej elity. W klubie Betclic 1. ligo latem dochodzi do roszad. Z zespo\u0142em po\u017cegna\u0142o si\u0119 ju\u017c kilku zawodnik\u00f3w. Barwy zmieni\u0142 napastnik <a href=\"https:\/\/sportowefakty.wp.pl\/pilka-nozna\/mateusz-lewandowski\" rel=\"nofollow noopener\" target=\"_blank\">Mateusz Lewandowski<\/a>, kt\u00f3ry karier\u0119 kontynuowa\u0142 b\u0119dzie w spadkowiczu z Betclic 1. ligi <a href=\"https:\/\/sportowefakty.wp.pl\/pilka-nozna\/gks-tychy\" rel=\"nofollow noopener\" target=\"_blank\">GKS-ie Tychy<\/a>.<\/p>\n<p>  <img decoding=\"async\" src=\"https:\/\/v.wpimg.pl\/X3dwLnN2d1IFFTpdYUl6R0ZNbgcnEHQREVV2TGEGbUtRT2MdOlZ2RBQUKABgQjQcDRotCStBd1IAAWMeIlM7VgwYIAorQAdEFFk_GCkQJQ\" alt=\"\" width=\"45\" height=\"58\" loading=\"lazy\"\/>  <\/p>\n<p class=\"contentpart contentpart--default contentpart--text\" data-position=\"2\">Du\u017cym os\u0142abieniem jest odej\u015bcie lewego obro\u0144cy <a href=\"https:\/\/sportowefakty.wp.pl\/pilka-nozna\/jasper-loeffelsend\" rel=\"nofollow noopener\" target=\"_blank\">Jaspera Loeffelsenda<\/a>, kt\u00f3ry w zako\u0144czonych rozgrywkach zdoby\u0142 sze\u015b\u0107 goli i zaliczy\u0142 sze\u015b\u0107 asyst. \u0141odzianie znale\u017ali nast\u0119pc\u0119 dla defensora. Klub zakontraktowa\u0142 <a href=\"https:\/\/sportowefakty.wp.pl\/pilka-nozna\/dominik-sokol\" rel=\"nofollow noopener\" target=\"_blank\">Dominika Soko\u0142a<\/a>, ostatnio graj\u0105cego w Zniczu Pruszk\u00f3w.<\/p>\n<p class=\"contentpart contentpart--default contentpart--text\" data-position=\"3\">ZOBACZ WIDEO: &#8222;Lewy&#8221; oczekuje 100 mln euro za sezon. &#8222;Chce gra\u0107 za stawk\u0119 Benzemy&#8221;<\/p>\n<p class=\"contentpart contentpart--default contentpart--text\" data-position=\"5\">Z \u0141KS-em po\u017cegnali si\u0119 tak\u017ce <a href=\"https:\/\/sportowefakty.wp.pl\/pilka-nozna\/maksymilian-pingot\" rel=\"nofollow noopener\" target=\"_blank\">Maksymilian Pingot<\/a>\u00a0i Maciej Wojciechowski, kt\u00f3rzy wracaj\u0105 po wypo\u017cyczeniu do swoich klub\u00f3w. Z dru\u017cyny odszed\u0142 tak\u017ce Mateusz Wzi\u0119ch.<\/p>\n<p class=\"contentpart contentpart--default contentpart--text\" data-position=\"6\">Klub z \u0141odzi poinformowa\u0142 ponadto o podpisaniu kontrakt\u00f3w z Jamesem Rhodesem, 18-letnim bramkarzem. W \u0141KS-ie zagra r\u00f3wnie\u017c\u00a0\u00a0Julian Keiblinger, kt\u00f3ry przez ostatnie dwa lata broni\u0142 barw GKS-u Tychy.<\/p>\n","protected":false},"excerpt":{"rendered":"W poprzednim sezonie pi\u0142karzom \u0141KS-u \u0141\u00f3d\u017a\u00a0nie uda\u0142o si\u0119 awansowa\u0107 do PKO Ekstraklasy. Dru\u017cyna wprawdzie znalaz\u0142a si\u0119 w bara\u017cach,&hellip;\n","protected":false},"author":2,"featured_media":511635,"comment_status":"","ping_status":"","sticky":false,"template":"","format":"standard","meta":{"footnotes":"","_share_on_mastodon":"0"},"categories":[51608],"tags":[3640,3639,3650,3652,99652,269,42,38,40,39,41,97570],"class_list":["post-511634","post","type-post","status-publish","format-standard","has-post-thumbnail","category-lodz","tag-betclic-i-liga","tag-gks-tychy","tag-lks-lodz","tag-lodz","tag-mateusz-lewandowski","tag-pilka-nozna","tag-pl","tag-poland","tag-polish","tag-polska","tag-polski","tag-studio-mundial"],"share_on_mastodon":{"url":"https:\/\/pubeurope.com\/@pl\/116799080807365869","error":""},"_links":{"self":[{"href":"https:\/\/www.europesays.com\/pl\/wp-json\/wp\/v2\/posts\/511634","targetHints":{"allow":["GET"]}}],"collection":[{"href":"https:\/\/www.europesays.com\/pl\/wp-json\/wp\/v2\/posts"}],"about":[{"href":"https:\/\/www.europesays.com\/pl\/wp-json\/wp\/v2\/types\/post"}],"author":[{"embeddable":true,"href":"https:\/\/www.europesays.com\/pl\/wp-json\/wp\/v2\/users\/2"}],"replies":[{"embeddable":true,"href":"https:\/\/www.europesays.com\/pl\/wp-json\/wp\/v2\/comments?post=511634"}],"version-history":[{"count":0,"href":"https:\/\/www.europesays.com\/pl\/wp-json\/wp\/v2\/posts\/511634\/revisions"}],"wp:featuredmedia":[{"embeddable":true,"href":"https:\/\/www.europesays.com\/pl\/wp-json\/wp\/v2\/media\/511635"}],"wp:attachment":[{"href":"https:\/\/www.europesays.com\/pl\/wp-json\/wp\/v2\/media?parent=511634"}],"wp:term":[{"taxonomy":"category","embeddable":true,"href":"https:\/\/www.europesays.com\/pl\/wp-json\/wp\/v2\/categories?post=511634"},{"taxonomy":"post_tag","embeddable":true,"href":"https:\/\/www.europesays.com\/pl\/wp-json\/wp\/v2\/tags?post=511634"}],"curies":[{"name":"wp","href":"https:\/\/api.w.org\/{rel}","templated":true}]}}