{"id":512351,"date":"2026-06-23T18:14:21","date_gmt":"2026-06-23T18:14:21","guid":{"rendered":"https:\/\/www.europesays.com\/pl\/512351\/"},"modified":"2026-06-23T18:14:21","modified_gmt":"2026-06-23T18:14:21","slug":"brooklyn-beckham-wsciekly-na-rodzicow-wszystko-przez-zdjecia-z-okazji-dnia-ojca","status":"publish","type":"post","link":"https:\/\/www.europesays.com\/pl\/512351\/","title":{"rendered":"Brooklyn Beckham w\u015bciek\u0142y na rodzic\u00f3w. Wszystko przez zdj\u0119cia z okazji Dnia Ojca"},"content":{"rendered":"<p>Rodzinny konflikt w rodzinie Beckham\u00f3w narasta od stycznia i nic nie wskazuje na to, by mia\u0142 si\u0119 szybko zako\u0144czy\u0107. <a href=\"https:\/\/plejada.pl\/temat\/victoria-beckham\/9h2dkjd\" id=\"d49c83b0-d978-4ab4-9fa9-8674c10acb9a\" rel=\"nofollow noopener\" target=\"_blank\">Victoria Beckham<\/a> i David Beckham podejmuj\u0105 pr\u00f3by naprawienia relacji z <a href=\"https:\/\/plejada.pl\/temat\/brooklyn-beckham-syn-davida\/4yn09ew\" id=\"df92c98d-47c5-4526-87dd-64709f26ead6\" rel=\"nofollow noopener\" target=\"_blank\">Brooklynem Beckhamem<\/a>, jednak ich syn pozostaje nieugi\u0119ty. Co wi\u0119cej, Brooklyn wykorzystuje medialny rozg\u0142os wok\u00f3\u0142 rodzinnej k\u0142\u00f3tni do w\u0142asnych cel\u00f3w finansowych, mimo wcze\u015bniejszych deklaracji o potrzebie spokoju i dystansu od medialnego szumu. Dalszy ci\u0105g artyku\u0142u pod materia\u0142em wideo Brooklyn Beckham w\u015bciek\u0142y na rodzic\u00f3w. &#8222;Prosi\u0142, by zostawili go w spokoju&#8221;     W Dniu Ojca Victoria Beckham i <a href=\"https:\/\/plejada.pl\/temat\/david-beckham-pilkarz\/f0sh8yx\" id=\"a30c3926-a0ad-4f47-9f0c-ad962ac02958\" rel=\"nofollow noopener\" target=\"_blank\">David Beckham<\/a> zamie\u015bcili w sieci kilka rodzinnych fotografii, na kt\u00f3rych pojawiaj\u0105 si\u0119 wszyscy ich potomkowie: Romeo, Cruz, Harper oraz Brooklyn. Victoria opublikowa\u0142a zdj\u0119cie, na kt\u00f3rym ca\u0142a czw\u00f3rka dzieci pozuje z ojcem, natomiast David podzieli\u0142 si\u0119 czarno-bia\u0142\u0105 fotografi\u0105 z dzieci\u0144stwa pociech, na kt\u00f3rej Brooklyn trzyma na r\u0119kach najm\u0142odsz\u0105 siostr\u0119 Harper. W\u015br\u00f3d udost\u0119pnionych materia\u0142\u00f3w znalaz\u0142y si\u0119 tak\u017ce indywidualne portrety z ka\u017cdym z dzieci.     <\/p>\n<p>Wed\u0142ug informacji przekazanych przez &#8222;The Sun&#8221;, Brooklyn Beckham mia\u0142 bardzo emocjonalnie zareagowa\u0107 na publikacj\u0119 rodzinnych zdj\u0119\u0107. Osoba z jego otoczenia przekaza\u0142a, \u017ce Brooklyn wcze\u015bniej prosi\u0142 rodzic\u00f3w, by nie oznaczali go w mediach spo\u0142eczno\u015bciowych i nie publikowali post\u00f3w z jego udzia\u0142em.<\/p>\n<blockquote class=\"ods-o-quote\">\n<p class=\"ods-o-quote__paragraph\">Jest naprawd\u0119 w\u015bciek\u0142y. Prosi\u0142 ich, by zostawili go w spokoju, a oni wci\u0105\u017c publikuj\u0105 posty z jego udzia\u0142em. To po prostu zn\u00f3w wyci\u0105ga ca\u0142\u0105 spraw\u0119 na \u015bwiat\u0142o dzienne. Chcia\u0142by, \u017ceby przestali to wywleka\u0107 i wreszcie odczepili si\u0119 od niego<\/p>\n<\/blockquote>\n<p>\u2014 przekaza\u0142a &#8222;The Sun&#8221; osoba z bliskiego otoczenia Brooklyna.<\/p>\n<p>Mimo napi\u0119tej sytuacji, zar\u00f3wno Victoria, jak i David Beckham w swoich postach podkre\u015blili, jak wa\u017cne s\u0105 dla nich wszystkie dzieci.<\/p>\n<blockquote class=\"ods-o-quote\">\n<p class=\"ods-o-quote__paragraph\">Twoim najwi\u0119kszym osi\u0105gni\u0119ciem zawsze by\u0142y nasze pi\u0119kne dzieci. Bardzo ci\u0119 kochamy<\/p>\n<\/blockquote>\n<p>\u2014 napisa\u0142a Victoria.<\/p>\n<blockquote class=\"ods-o-quote\">\n<p class=\"ods-o-quote__paragraph\">Bycie tat\u0105 to moja najwa\u017cniejsza rola\u2026 Kocham was wszystkich i dzi\u0119kuj\u0119 ci, mamusiu za to, \u017ce da\u0142a\u015b mi nasz\u0105 pi\u0119kn\u0105 rodzin\u0119<\/p>\n<\/blockquote>\n<p>\u2014 doda\u0142 od siebie pi\u0142karz.<\/p>\n<p> Dzi\u0119kujemy, \u017ce przeczyta\u0142a\u015b\/e\u015b nasz artyku\u0142 do ko\u0144ca. W serwisie Plejada.pl ka\u017cdego dnia piszemy o najwa\u017cniejszych wydarzeniach show-biznesowych. B\u0105d\u017a na bie\u017c\u0105co! <a rel=\"nofollow noopener\" href=\"https:\/\/profile.google.com\/cp\/Cg0vZy8xMWJ6X19wdHBx\" id=\"828ae3e4-6960-4f03-9522-6d135bd53b3d\" target=\"_blank\">Obserwuj<\/a> Plejad\u0119 w Wiadomo\u015bciach Google. Odwied\u017a nas tak\u017ce na <a rel=\"nofollow noopener\" href=\"https:\/\/www.facebook.com\/plejadapl\" id=\"ddf3c647-696a-483a-be62-17436970e92b\" target=\"_blank\">Facebooku<\/a>, <a rel=\"nofollow noopener\" href=\"https:\/\/www.instagram.com\/plejadapl\/\" id=\"d18193e0-33c0-46d7-83d0-0a6790eedf03\" target=\"_blank\">Instagramie<\/a>, <a rel=\"nofollow noopener\" href=\"https:\/\/www.youtube.com\/c\/plejada\" id=\"4e2f77d8-a90c-48f7-aef7-c2961bd53ea1\" target=\"_blank\">YouTube<\/a> oraz <a rel=\"nofollow noopener\" href=\"https:\/\/www.tiktok.com\/@plejada_pl\" id=\"db118847-c923-40af-9917-0784931d572f\" target=\"_blank\">TikToku<\/a>.Chcesz podzieli\u0107 si\u0119 ciekawym newsem lub zaproponowa\u0107 temat? Skontaktuj si\u0119 z nami, pisz\u0105c e-maila na adres: <a rel=\"nofollow noopener\" href=\"https:\/\/plejada.pl\/newsy\/brooklyn-beckham-wsciekly-na-rodzicow-wszystko-przez-zdjecia-z-okazji-dnia-ojca\/mailto:plejada@redakcjaonet.pl\" id=\"88e878c2-fab2-4083-ac6f-e547c2291b78\" target=\"_blank\">plejada@redakcjaonet.pl<\/a>.<script async src=\"\/\/www.instagram.com\/embed.js\"><\/script><script async src=\"\/\/www.tiktok.com\/embed.js\"><\/script><\/p>\n","protected":false},"excerpt":{"rendered":"Rodzinny konflikt w rodzinie Beckham\u00f3w narasta od stycznia i nic nie wskazuje na to, by mia\u0142 si\u0119 szybko&hellip;\n","protected":false},"author":2,"featured_media":512352,"comment_status":"","ping_status":"","sticky":false,"template":"","format":"standard","meta":{"footnotes":"","_share_on_mastodon":"0"},"categories":[22],"tags":[61195,9693,9400,122,48,125,46,42,38,40,39,41,123,47,9326],"class_list":["post-512351","post","type-post","status-publish","format-standard","has-post-thumbnail","category-rozrywka","tag-bottomfeed_styl","tag-brooklyn_beckham","tag-david_beckham","tag-entertainment","tag-nat_styl","tag-newsy","tag-omp","tag-pl","tag-poland","tag-polish","tag-polska","tag-polski","tag-rozrywka","tag-screening_general","tag-victoria_beckham"],"share_on_mastodon":{"url":"https:\/\/pubeurope.com\/@pl\/116800786934511294","error":""},"_links":{"self":[{"href":"https:\/\/www.europesays.com\/pl\/wp-json\/wp\/v2\/posts\/512351","targetHints":{"allow":["GET"]}}],"collection":[{"href":"https:\/\/www.europesays.com\/pl\/wp-json\/wp\/v2\/posts"}],"about":[{"href":"https:\/\/www.europesays.com\/pl\/wp-json\/wp\/v2\/types\/post"}],"author":[{"embeddable":true,"href":"https:\/\/www.europesays.com\/pl\/wp-json\/wp\/v2\/users\/2"}],"replies":[{"embeddable":true,"href":"https:\/\/www.europesays.com\/pl\/wp-json\/wp\/v2\/comments?post=512351"}],"version-history":[{"count":0,"href":"https:\/\/www.europesays.com\/pl\/wp-json\/wp\/v2\/posts\/512351\/revisions"}],"wp:featuredmedia":[{"embeddable":true,"href":"https:\/\/www.europesays.com\/pl\/wp-json\/wp\/v2\/media\/512352"}],"wp:attachment":[{"href":"https:\/\/www.europesays.com\/pl\/wp-json\/wp\/v2\/media?parent=512351"}],"wp:term":[{"taxonomy":"category","embeddable":true,"href":"https:\/\/www.europesays.com\/pl\/wp-json\/wp\/v2\/categories?post=512351"},{"taxonomy":"post_tag","embeddable":true,"href":"https:\/\/www.europesays.com\/pl\/wp-json\/wp\/v2\/tags?post=512351"}],"curies":[{"name":"wp","href":"https:\/\/api.w.org\/{rel}","templated":true}]}}