{"id":512394,"date":"2026-06-23T18:41:13","date_gmt":"2026-06-23T18:41:13","guid":{"rendered":"https:\/\/www.europesays.com\/pl\/512394\/"},"modified":"2026-06-23T18:41:13","modified_gmt":"2026-06-23T18:41:13","slug":"zgrzyt-na-ms-iran-i-egipt-nie-chca-grac-w-teczowym-meczu","status":"publish","type":"post","link":"https:\/\/www.europesays.com\/pl\/512394\/","title":{"rendered":"Zgrzyt na M\u015a. Iran i Egipt nie chc\u0105 gra\u0107 w &#8222;t\u0119czowym meczu&#8221;"},"content":{"rendered":"\n<p class=\"contentpart contentpart--default contentpart--text\" data-position=\"0\">We wtorek (23 czerwca) FIFA og\u0142osi\u0142a obsad\u0119 s\u0119dziowsk\u0105 na spotkanie rozgrywane na stadionie Lumen Field. <a href=\"https:\/\/sportowefakty.wp.pl\/pilka-nozna\/szymon-marciniak\" rel=\"nofollow noopener\" target=\"_blank\">Szymon Marciniak<\/a>\u00a0b\u0119dzie rozjemc\u0105 meczu M\u015a\u00a0<a href=\"https:\/\/sportowefakty.wp.pl\/pilka-nozna\/egipt\" rel=\"nofollow noopener\" target=\"_blank\">Egipt<\/a>\u00a0&#8211;\u00a0<a href=\"https:\/\/sportowefakty.wp.pl\/pilka-nozna\/iran\" rel=\"nofollow noopener\" target=\"_blank\">Iran<\/a>, w nocy z pi\u0105tku na sobot\u0119 o 5:00 rano czasu \u015brodkowoeuropejskiego.<\/p>\n<p class=\"contentpart contentpart--default contentpart--text\" data-position=\"1\">Pojedynek &#8222;Faraon\u00f3w&#8221; z &#8222;Persami&#8221; w Seattle wyznaczono na 26 czerwca, kiedy miasto celebruje &#8222;Pride Weekend&#8221;. To do\u015b\u0107 niekomfortowa sytuacja dla <a href=\"https:\/\/sportowefakty.wp.pl\/pilka-nozna\/fifa\" rel=\"nofollow noopener\" target=\"_blank\">FIFA<\/a>, gdy\u017c termin wydarzenia pod has\u0142em\u00a0&#8222;Pride Match&#8221;, czyli mecz mundialu, kt\u00f3ry ma by\u0107 po\u0142\u0105czony ze \u015bwi\u0119tem spo\u0142eczno\u015bci LGBTQ+, ustalono na d\u0142ugo przed losowaniem grup (<a href=\"https:\/\/sportowefakty.wp.pl\/pilka-nozna\/1223939\/mecz-mundialu-dla-spolecznosci-lgbt-podali-druzyny-fifa-w-niezrecznej-sytuacji\" rel=\"nofollow noopener\" target=\"blank\">WI\u0118CEJ TUTAJ<\/a>).<\/p>\n<p>  <img decoding=\"async\" src=\"https:\/\/v.wpimg.pl\/X3dwLnN2d1IFFTpdYUl6R0ZNbgcnEHQREVV2TGEGbUtRT2MdOlZ2RBQUKABgQjQcDRotCStBd1IAAWMeIlM7VgwYIAorQAdEFFk_GCkQJQ\" alt=\"\" width=\"45\" height=\"58\" loading=\"lazy\"\/>  <\/p>\n<p class=\"contentpart contentpart--default contentpart--text\" data-position=\"2\">&#8222;To ju\u017c sta\u0142o si\u0119 niezr\u0119czne, a oba kraje prosi\u0142y o odwo\u0142anie uroczysto\u015bci Pride&#8221; &#8211; donosi agencja AP. Iran przed czempionatem bezskutecznie pr\u00f3bowa\u0142 te\u017c negocjowa\u0107 przeniesienie swoich spotka\u0144 poza granice Stan\u00f3w Zjednoczonych z powodu napi\u0119tej sytuacji politycznej z USA.<\/p>\n<p class=\"contentpart contentpart--default contentpart--text\" data-position=\"3\">ZOBACZ WIDEO: Messi rzuci\u0142 \u015bwiat na kolana. &#8222;Absolutny GOAT&#8221;<\/p>\n<p>Polityczny klincz na Lumen Field<\/p>\n<p class=\"contentpart contentpart--default contentpart--text\" data-position=\"6\">Wspomniana rywalizacja Egiptu z Iranem zyska\u0142a miano &#8222;niewygodnej&#8221;, poniewa\u017c zderza \u015bwiat sportu z drastycznymi realiami \u0142amania swob\u00f3d obywatelskich os\u00f3b ze spo\u0142eczno\u015bci LGBTQ+.<\/p>\n<p>  <img decoding=\"async\" src=\"https:\/\/v.wpimg.pl\/X3dwLnN2d1IFFTpdYUl6R0ZNbgcnEHQREVV2TGEGbUtRT2MdOlZ2RBQUKABgQjQcDRotCStBd1IAAWMeIlM7VgwYIAorQAdEFFk_GCkQJQ\" alt=\"\" width=\"45\" height=\"58\" loading=\"lazy\"\/>  <\/p>\n<p class=\"contentpart contentpart--default contentpart--text\" data-position=\"7\">W Teheranie za relacje homoseksualne grozi kara \u015bmierci i egzekucje, natomiast w Egipcie tamtejsze s\u0142u\u017cby masowo aresztuj\u0105 ludzi pod zarzutem &#8222;rozpusty&#8221; czy &#8222;niemoralno\u015bci&#8221;.<\/p>\n<p class=\"contentpart contentpart--default contentpart--text\" data-position=\"8\">Kibice z tych kraj\u00f3w, kt\u00f3rzy przyjad\u0105 na\u00a0Lumen Field, b\u0119d\u0105 musieli zmierzy\u0107 si\u0119 z widokiem tysi\u0119cy t\u0119czowych flag, kt\u00f3re w najbli\u017cszy pi\u0105tek wype\u0142ni\u0105 ulice Seattle, gdzie planowana jest pot\u0119\u017cna parada.<\/p>\n<p class=\"contentpart contentpart--default contentpart--text\" data-position=\"9\">&#8222;Kategorycznie odrzucamy prowadzenie jakichkolwiek dzia\u0142a\u0144 zwi\u0105zanych ze wspieraniem homoseksualizmu podczas meczu&#8221; &#8211; przekaza\u0142 egipski zwi\u0105zek pi\u0142karski w oficjalnym prote\u015bcie do \u015bwiatowych w\u0142adz pi\u0142karskich.<\/p>\n<p class=\"contentpart contentpart--default contentpart--text\" data-position=\"10\">Mimo to, komitet organizacyjny meczu w Seattle podtrzymuje pierwotne za\u0142o\u017cenia. Senator Jamie Pedersen zauwa\u017ca: &#8222;Je\u015bli spr\u00f3bowa\u0142by\u015b zaimportowa\u0107 obchody 'pride&#8217; do Egiptu lub Iranu, oczywi\u015bcie mog\u0142oby to by\u0107 katastrof\u0105. Bardzo stosowne jest to, \u017ce wyst\u0105pi\u0105 tu ekipy, gdzie osoby LGBTQ+ s\u0105 niemile widziane&#8221;.<\/p>\n<p>  <img decoding=\"async\" src=\"https:\/\/v.wpimg.pl\/X3dwLnN2d1IFFTpdYUl6R0ZNbgcnEHQREVV2TGEGbUtRT2MdOlZ2RBQUKABgQjQcDRotCStBd1IAAWMeIlM7VgwYIAorQAdEFFk_GCkQJQ\" alt=\"\" width=\"45\" height=\"58\" loading=\"lazy\"\/>  <\/p>\n<p class=\"contentpart contentpart--default contentpart--text\" data-position=\"11\">Andrew Ashiofu z komisji LGBTQ+ w Seattle uwa\u017ca, \u017ce obecno\u015b\u0107 takich symboli b\u0119dzie jasnym sygna\u0142em dla obu represyjnych re\u017cim\u00f3w. &#8211; Jeste\u015bmy wolnym miastem, kt\u00f3re celebruje ka\u017cdego, ka\u017cd\u0105 ras\u0119, ka\u017cd\u0105 orientacj\u0119 seksualn\u0105, ka\u017cd\u0105 to\u017csamo\u015b\u0107 p\u0142ciow\u0105 &#8211; podkre\u015bli\u0142 dzia\u0142acz, cytowany przez AP.<\/p>\n<p class=\"contentpart contentpart--default contentpart--text\" data-position=\"12\">\u015awiatowa federacja uci\u0119\u0142a protesty zaznaczaj\u0105c, \u017ce jej jurysdykcja ko\u0144czy si\u0119 na bramach stadionu.<\/p>\n<p class=\"contentpart contentpart--default contentpart--text\" data-position=\"13\">FIFA potwierdzi\u0142a r\u00f3wnie\u017c, \u017ce t\u0119czowe atrybuty na trybunach b\u0119d\u0105 traktowane jako manifestacja praw cz\u0142owieka i nie zostan\u0105 zakazane.<\/p>\n","protected":false},"excerpt":{"rendered":"We wtorek (23 czerwca) FIFA og\u0142osi\u0142a obsad\u0119 s\u0119dziowsk\u0105 na spotkanie rozgrywane na stadionie Lumen Field. Szymon Marciniak\u00a0b\u0119dzie rozjemc\u0105&hellip;\n","protected":false},"author":2,"featured_media":512395,"comment_status":"","ping_status":"","sticky":false,"template":"","format":"standard","meta":{"footnotes":"","_share_on_mastodon":"0"},"categories":[24],"tags":[956,663,3037,9090,989,269,42,38,40,39,41,39519,25071,99641,127,268,126,97570,4834,71],"class_list":["post-512394","post","type-post","status-publish","format-standard","has-post-thumbnail","category-sport","tag-egipt","tag-iran","tag-mistrzostwa-swiata","tag-mistrzostwa-swiata-2026","tag-pilka-na-swiecie","tag-pilka-nozna","tag-pl","tag-poland","tag-polish","tag-polska","tag-polski","tag-reprezentacja-egiptu","tag-reprezentacja-iranu","tag-seattle","tag-sport","tag-sportowybar","tag-sports","tag-studio-mundial","tag-szymon-marciniak","tag-usa"],"share_on_mastodon":{"url":"https:\/\/pubeurope.com\/@pl\/116800892795152167","error":""},"_links":{"self":[{"href":"https:\/\/www.europesays.com\/pl\/wp-json\/wp\/v2\/posts\/512394","targetHints":{"allow":["GET"]}}],"collection":[{"href":"https:\/\/www.europesays.com\/pl\/wp-json\/wp\/v2\/posts"}],"about":[{"href":"https:\/\/www.europesays.com\/pl\/wp-json\/wp\/v2\/types\/post"}],"author":[{"embeddable":true,"href":"https:\/\/www.europesays.com\/pl\/wp-json\/wp\/v2\/users\/2"}],"replies":[{"embeddable":true,"href":"https:\/\/www.europesays.com\/pl\/wp-json\/wp\/v2\/comments?post=512394"}],"version-history":[{"count":0,"href":"https:\/\/www.europesays.com\/pl\/wp-json\/wp\/v2\/posts\/512394\/revisions"}],"wp:featuredmedia":[{"embeddable":true,"href":"https:\/\/www.europesays.com\/pl\/wp-json\/wp\/v2\/media\/512395"}],"wp:attachment":[{"href":"https:\/\/www.europesays.com\/pl\/wp-json\/wp\/v2\/media?parent=512394"}],"wp:term":[{"taxonomy":"category","embeddable":true,"href":"https:\/\/www.europesays.com\/pl\/wp-json\/wp\/v2\/categories?post=512394"},{"taxonomy":"post_tag","embeddable":true,"href":"https:\/\/www.europesays.com\/pl\/wp-json\/wp\/v2\/tags?post=512394"}],"curies":[{"name":"wp","href":"https:\/\/api.w.org\/{rel}","templated":true}]}}