{"id":512567,"date":"2026-06-23T20:32:26","date_gmt":"2026-06-23T20:32:26","guid":{"rendered":"https:\/\/www.europesays.com\/pl\/512567\/"},"modified":"2026-06-23T20:32:26","modified_gmt":"2026-06-23T20:32:26","slug":"sojusz-madrytu-i-warszawy","status":"publish","type":"post","link":"https:\/\/www.europesays.com\/pl\/512567\/","title":{"rendered":"Sojusz Madrytu i Warszawy"},"content":{"rendered":"<p>&#13;<br \/>\n  Przygotowania do szczytu NATO w Ankarze, wsp\u00f3lny zakup samolot\u00f3w do tankowania powietrznego, dzia\u0142ania na rzecz wzmocnienia europejskiego przemys\u0142u obronnego i kolektywna obrona \u2013 to tematy poruszane w Madrycie podczas rozm\u00f3w wicepremiera W\u0142adys\u0142awa Kosiniaka-Kamysza i hiszpa\u0144skiej minister obrony Margarity Robles.&#13;\n<\/p>\n<p>&#13;<br \/>\n  <img loading=\"lazy\" decoding=\"async\" style=\"display: block; margin-left: auto; margin-right: auto;\" src=\"https:\/\/www.europesays.com\/pl\/wp-content\/uploads\/2026\/06\/110306.jpeg\" alt=\"\" width=\"800\" height=\"533\"\/>&#13;\n<\/p>\n<p>\u2013 Jeste\u015bmy sojusznikami w NATO i Unii Europejskiej, dzisiaj od minister obrony Kr\u00f3lestwa Hiszpanii us\u0142ysza\u0142em zapewnienie o pe\u0142nym wsparciu dla Polski wobec wszystkich zagro\u017ce\u0144, jakie nas spotykaj\u0105 ze strony Federacji Rosyjskiej, wielk\u0105 solidarno\u015b\u0107, przyja\u017a\u0144 i gotowo\u015b\u0107 do wsparcia ka\u017cdego z pa\u0144stw Sojuszu \u2013 m\u00f3wi\u0142 W\u0142adys\u0142aw Kosiniak-Kamysz, wicepremier, minister obrony narodowej, w Madrycie po spotkaniu z <a href=\"https:\/\/www.polska-zbrojna.pl\/home\/articleshow\/37756?t=Polska-i-Hiszpania-z-nowym-porozumieniem-o-wspolpracy-w-dziedzinie-obronnosci\" target=\"_blank\" rel=\"nofollow noopener\">Margarit\u0105 Robles<\/a>, hiszpa\u0144sk\u0105 minister obrony.<\/p>\n<p>Doda\u0142, \u017ce opinie podwa\u017caj\u0105ce rol\u0119 Hiszpanii i jej zaanga\u017cowanie w NATO \u201enale\u017cy w\u0142o\u017cy\u0107 mi\u0119dzy bajki\u201d. \u2013 Je\u017celi g\u0142\u00f3wnodowodz\u0105cy sojuszniczymi si\u0142ami w Europie prosi o fregat\u0119, samoloty do patrolowania pa\u0144stw ba\u0142tyckich Hiszpania udziela tego wsparcia, je\u017celi trzeba wystawi\u0107 baterie Patriot do ochrony Turcji, Hiszpania anga\u017cuje si\u0119 w to jako jedyne pa\u0144stwo \u2013 wylicza\u0142 wicepremier. Doda\u0142, \u017ce Hiszpania jest zaanga\u017cowana oraz gotowa do wsp\u00f3\u0142pracy i wsp\u00f3lnych dzia\u0142a\u0144.<\/p>\n<p>&#13;<br \/>\n  &#13;<br \/>\n    Gotowi na szczyt&#13;<br \/>\n  &#13;\n<\/p>\n<p>\u2013 Dzisiejsze spotkanie by\u0142o okazj\u0105 nie tylko do potwierdzenia zobowi\u0105za\u0144 sojuszniczych \u2013 Polska r\u00f3wnie\u017c wykona wszystkie zobowi\u0105zania wobec Hiszpanii i naszych sojusznik\u00f3w w NATO i Unii Europejskiej \u2013 ale tak\u017ce do przygotowania stanowiska na <a href=\"https:\/\/www.polska-zbrojna.pl\/home\/articleshow\/46581?t=Wazne-decyzje-w-Brukseli\" target=\"_blank\" rel=\"nofollow noopener\">szczyt NATO w Ankarze<\/a>, szczeg\u00f3lnie w wa\u017cnym dla nas temacie ruroci\u0105gu \u2013 m\u00f3wi\u0142 Kosiniak-Kamysz. \u2013 Na szczycie b\u0119dziemy prezentowa\u0107 zar\u00f3wno stanowisko polityczne, jak te\u017c zdolno\u015bci Sojuszu do odstraszania i obrony przed najwi\u0119kszymi zagro\u017ceniami, przed Rosj\u0105, przed terroryzmem, kt\u00f3re dotykaj\u0105 obu naszych pa\u0144stw \u2013 doda\u0142 szef polskiego MON-u.<\/p>\n<p>Jednym z temat\u00f3w poruszanych podczas spotkania ministr\u00f3w by\u0142 <a href=\"https:\/\/www.polska-zbrojna.pl\/home\/articleshow\/46611?t=Sonda-dla-Jastrzebia\" target=\"_blank\" rel=\"nofollow noopener\">zakup wielozadaniowych samolot\u00f3w do transportu i tankowania MRTT<\/a>. Polski wicepremier okre\u015bli\u0142 go jako \u201eprzedmiot jednej z najwa\u017cniejszych decyzji\u201d. \u2013 Wcze\u015bniejsze rz\u0105dy t\u0119 decyzj\u0119 odwleka\u0142y, nie podejmowa\u0142y jej, a nawet zrywa\u0142y mo\u017cliwo\u015bci rozwoju tych zdolno\u015bci. Nasz rz\u0105d jest zdeterminowany, by wprowadzi\u0107 zdolno\u015bci do transportu i tankowania w powietrzu \u2013 zapewni\u0142 minister obrony.<\/p>\n<p>&#13;<br \/>\n  <img loading=\"lazy\" decoding=\"async\" style=\"display: block; margin-left: auto; margin-right: auto;\" src=\"https:\/\/www.europesays.com\/pl\/wp-content\/uploads\/2026\/06\/110307.jpeg\" alt=\"\" width=\"800\" height=\"533\"\/>&#13;\n<\/p>\n<p>Jak powiedzia\u0142, Polska chce kupi\u0107 te samoloty wsp\u00f3lnie z Hiszpani\u0105, wykorzystuj\u0105c mechanizm SAFE. \u2013 29 maja podpisali\u015bmy memorandum, kt\u00f3re zobowi\u0105zuje oba pa\u0144stwa do zakupu tych samolot\u00f3w, teraz przechodzimy do fazy wykonawczej \u2013 zaznaczy\u0142 Kosiniak-Kamysz. Podzi\u0119kowa\u0142 jednocze\u015bnie hiszpa\u0144skiemu resortowi obrony za otwarto\u015b\u0107 w sprawie dyskusji o udost\u0119pnieniu slot\u00f3w produkcyjnych w zak\u0142adach Airbus na potrzeby polskiego zam\u00f3wienia.<\/p>\n<p>\u2013 Dali\u015bmy sobie dwa tygodnie, do szczytu w Ankarze, na uzgodnienie szczeg\u00f3\u0142\u00f3w, ale jeste\u015bmy na bardzo dobrej drodze. Polska i Hiszpania b\u0119d\u0105 wsp\u00f3lnie dokonywa\u0107 zakup\u00f3w samolot\u00f3w do tankowania i transportu, kwesti\u0105 pozostaje ich liczba oraz mo\u017cliwo\u015bci produkcyjne \u2013 doda\u0142 szef polskiego MON-u. Wcze\u015bniej polska delegacja <a href=\"https:\/\/www.polska-zbrojna.pl\/home\/articleshow\/46618?t=Powietrzne-cysterny-dla-Polski\" target=\"_blank\" rel=\"nofollow noopener\">odwiedzi\u0142a zak\u0142ady grupy Airbus w Getafe<\/a>, gdzie m.in. zapozna\u0142a si\u0119 z procesem modyfikacji samolot\u00f3w A330 do wersji MRTT.<\/p>\n<p>Podsumowuj\u0105c dwustronne rozmowy polski wicepremier zwr\u00f3ci\u0142 te\u017c uwag\u0119 na kwesti\u0119 rozwoju przemys\u0142u zbrojeniowego w Europie. \u2013 Podj\u0119li\u015bmy wszelkie mo\u017cliwe dzia\u0142ania, aby \u015brodki z programu SAFE zainwestowa\u0107 w polski przemys\u0142 zbrojeniowy, Hiszpania rozwija sw\u00f3j przemys\u0142 i to si\u0119 \u0142\u0105czy \u2013 m\u00f3wi\u0142 Kosiniak-Kamysz.\u00a0Podkre\u015bli\u0142, \u017ce Airbus jest ju\u017c bardzo silnie obecny w Polsce, a b\u0119dzie jeszcze bardziej i zwr\u00f3ci\u0142 uwag\u0119, \u017ce z Hiszpani\u0105 wsp\u00f3\u0142pracuj\u0105 tak\u017ce sp\u00f3\u0142ki Polskiej Grupy Zbrojeniowej. \u2013 Jeste\u015bmy gotowi inwestowa\u0107 w polski przemys\u0142 zbrojeniowy, to jest ko\u0142o zamachowe polskiej gospodarki, co\u015b, co musi uczyni\u0107 Europ\u0119 bardziej niezale\u017cn\u0105 \u2013 pod wzgl\u0119dem \u0142a\u0144cuch\u00f3w dostaw, sojuszniczej obrony konwencjonalnej \u2013 podkre\u015bli\u0142 polski minister.<\/p>\n<p>&#13;<br \/>\n  &#13;<br \/>\n    Gwarant bezpiecze\u0144stwa&#13;<br \/>\n  &#13;\n<\/p>\n<p>W rozmowie z dziennikarzami Kosiniak-Kamysz skomentowa\u0142 te\u017c wypowied\u017a prezydenta Karola Nawrockiego o rozwoju przemys\u0142u obronnego dzi\u0119ki programowi SAFE. \u2013 Kilka dni temu w \u0141asku, gdy m\u00f3wi\u0142em o programie SAFE, prezydent bardzo si\u0119 krzywi\u0142, chyba nie chcia\u0142 przyj\u0105\u0107 do wiadomo\u015bci, jak bardzo ten program jest potrzebny Polsce i jak dobrze dzia\u0142a na rzecz przemys\u0142u zbrojeniowego. Dzisiaj widzimy, jak zmienia zdanie i bardzo dobrze \u2013 akcentowa\u0142 wicepremier. \u2013 Nie ulegli\u015bmy <a href=\"https:\/\/www.polska-zbrojna.pl\/home\/articleshow\/45928\" target=\"_blank\" rel=\"nofollow noopener\">wetu prezydenta<\/a>, nie poddali\u015bmy si\u0119, nie zatrzymali\u015bmy, lecz przyspieszyli\u015bmy proces modernizacji i inwestycji w polskie zak\u0142ady zbrojeniowe \u2013 zaznaczy\u0142.<\/p>\n<p>O zwi\u0119kszeniu wydatk\u00f3w obronnych i sojuszniczej solidarno\u015bci m\u00f3wi\u0142a r\u00f3wnie\u017c Margarita Robles. \u2013 Jeste\u015bmy godnym zaufania sojusznikiem, poczynili\u015bmy ogromny wysi\u0142ek, by podnie\u015b\u0107 nasze wydatki obronne. Ponad cztery tysi\u0105ce hiszpa\u0144skich \u017co\u0142nierzy uczestniczy w misjach NATO \u2013 wylicza\u0142a. \u2013 Jakikolwiek atak na kraj UE czy NATO rozumiemy jako atak na nas wszystkich, a atak na Polsk\u0119 jest atakiem na Hiszpani\u0119. B\u0119dziemy nadal inwestowali w nasze zdolno\u015bci, rozwijali przemys\u0142 obronny i uczestniczyli w misjach pokojowych \u2013 zadeklarowa\u0142a szefowa resortu obrony Hiszpanii.<\/p>\n<p>&#13;<br \/>\n  <img loading=\"lazy\" decoding=\"async\" style=\"display: block; margin-left: auto; margin-right: auto;\" src=\"https:\/\/www.europesays.com\/pl\/wp-content\/uploads\/2026\/06\/110308.jpeg\" alt=\"\" width=\"800\" height=\"533\"\/>&#13;\n<\/p>\n<p>Jak zapewni\u0142a Margarita Robles, Hiszpania b\u0119dzie wsp\u00f3\u0142pracowa\u0142a z Polsk\u0105, \u017ceby zacie\u015bnia\u0107 i rozwija\u0107 wsp\u00f3\u0142prac\u0119 przemys\u0142\u00f3w zbrojeniowych. \u2013 Wierzymy, \u017ce zbudujemy w Europie silny przemys\u0142 obronny, \u017ce Sojusz P\u00f3\u0142nocnoatlantycki b\u0119dzie gwarantem bezpiecze\u0144stwa \u2013 podkre\u015bli\u0142a hiszpa\u0144ska minister obrony. Jej zdaniem przes\u0142anie jedno\u015bci jest najlepszym znakiem, jaki mo\u017cemy da\u0107 Rosji. \u2013 Wspieramy Ukrain\u0119, poniewa\u017c w ten spos\u00f3b wspieramy demokracj\u0119 i wolno\u015b\u0107 \u2013 doda\u0142a Robles.<\/p>\n<p>Podczas wizyty w Madrycie W\u0142adys\u0142aw Kosiniak-Kamysz wr\u0119czy\u0142 Medale Wojska Polskiego czterem \u017co\u0142nierzom si\u0142 zbrojnych Hiszpanii zas\u0142u\u017conym dla sojuszniczej wsp\u00f3\u0142pracy z Polsk\u0105.<\/p>\n","protected":false},"excerpt":{"rendered":"&#13; Przygotowania do szczytu NATO w Ankarze, wsp\u00f3lny zakup samolot\u00f3w do tankowania powietrznego, dzia\u0142ania na rzecz wzmocnienia europejskiego&hellip;\n","protected":false},"author":2,"featured_media":512568,"comment_status":"","ping_status":"","sticky":false,"template":"","format":"standard","meta":{"footnotes":"","_share_on_mastodon":"0"},"categories":[12],"tags":[13216,2891,425,267,1238,694,8660,160,1315,52570,18211,42,38,2279,40,39,50002,52571,41,99830,87,8465,1030,99829,22721,99828,104,161,5041,52569,6573],"class_list":["post-512567","post","type-post","status-publish","format-standard","has-post-thumbnail","category-polska","tag-airbus","tag-armia","tag-bezpieczenstwo","tag-hiszpania","tag-kosiniak-kamysz","tag-madryt","tag-ministerstwo-obrony-narodowej","tag-nato","tag-nawrocki","tag-obrona-narodowa","tag-oficer","tag-pl","tag-poland","tag-poligon","tag-polish","tag-polska","tag-polska-zbrojna","tag-polska-zbrojna-pl","tag-polski","tag-robles","tag-rosja","tag-safe","tag-samolot","tag-samolot-mrtt","tag-sluzba-wojskowa","tag-szczyt-nato-w-ankarze","tag-unia-europejska","tag-wojsko","tag-wojsko-polskie","tag-zawodowy","tag-zolnierz"],"share_on_mastodon":{"url":"https:\/\/pubeurope.com\/@pl\/116801329496163459","error":""},"_links":{"self":[{"href":"https:\/\/www.europesays.com\/pl\/wp-json\/wp\/v2\/posts\/512567","targetHints":{"allow":["GET"]}}],"collection":[{"href":"https:\/\/www.europesays.com\/pl\/wp-json\/wp\/v2\/posts"}],"about":[{"href":"https:\/\/www.europesays.com\/pl\/wp-json\/wp\/v2\/types\/post"}],"author":[{"embeddable":true,"href":"https:\/\/www.europesays.com\/pl\/wp-json\/wp\/v2\/users\/2"}],"replies":[{"embeddable":true,"href":"https:\/\/www.europesays.com\/pl\/wp-json\/wp\/v2\/comments?post=512567"}],"version-history":[{"count":0,"href":"https:\/\/www.europesays.com\/pl\/wp-json\/wp\/v2\/posts\/512567\/revisions"}],"wp:featuredmedia":[{"embeddable":true,"href":"https:\/\/www.europesays.com\/pl\/wp-json\/wp\/v2\/media\/512568"}],"wp:attachment":[{"href":"https:\/\/www.europesays.com\/pl\/wp-json\/wp\/v2\/media?parent=512567"}],"wp:term":[{"taxonomy":"category","embeddable":true,"href":"https:\/\/www.europesays.com\/pl\/wp-json\/wp\/v2\/categories?post=512567"},{"taxonomy":"post_tag","embeddable":true,"href":"https:\/\/www.europesays.com\/pl\/wp-json\/wp\/v2\/tags?post=512567"}],"curies":[{"name":"wp","href":"https:\/\/api.w.org\/{rel}","templated":true}]}}