{"id":512991,"date":"2026-06-24T01:49:09","date_gmt":"2026-06-24T01:49:09","guid":{"rendered":"https:\/\/www.europesays.com\/pl\/512991\/"},"modified":"2026-06-24T01:49:09","modified_gmt":"2026-06-24T01:49:09","slug":"od-rana-bedzie-szturm-na-lodowki-dino-oglosilo-promocje-na-94-grosze","status":"publish","type":"post","link":"https:\/\/www.europesays.com\/pl\/512991\/","title":{"rendered":"Od rana b\u0119dzie szturm na lod\u00f3wki. Dino og\u0142osi\u0142o promocj\u0119 na 94 grosze"},"content":{"rendered":"<p>Dino przebudzi\u0142o si\u0119 po kilkudziesi\u0119ciu godzinach \u201esnu\u201d i zapowiedzia\u0142o kolejne promocje na\u2026 lodowe pyszno\u015bci. Ceny spadn\u0105 nawet i do poziomu 94 groszy.<\/p>\n<p>To ju\u017c najwy\u017cszy czas, by Dino zapowiedzia\u0142o te promocje, bo w moim zamra\u017calniku znowu zrobi\u0142o si\u0119 nieco miejsca. Od samego rana, czyli od 24.06.2026 pojawi si\u0119 promocja mi\u0119dzy innymi na mleczn\u0105 lodow\u0105 kanapk\u0119 z Monte Snack. Promocja to klasyczne 2+2, cho\u0107 nie na\u0142o\u017cono limitu. Mo\u017cna z 2+2 zrobi\u0107 sobie i 20+20. Cena kanapki spadnie na 94 grosze z 1,89 z\u0142.<\/p>\n<p><a href=\"https:\/\/boop.pl\/img\/#https:\/\/img.boop.pl\/uploads\/2026\/06\/510224428496-wlasnie-to-ogloszono-dino-przeceni-.jpg?class=full\" data-no-instant=\"\" rel=\"noopener nofollow\" target=\"_blank\"><img decoding=\"async\" loading=\"lazy\" class=\"aligncenter size-full img-431306\"   alt=\"\" width=\"726\" height=\"562\"\/><\/a><\/p>\n<p>Do tego przecenione zostan\u0105 tak\u017ce lody na patyku: Big Milki. Je\u017celi dawno ich nie kupowali\u015bcie, to mo\u017cecie by\u0107 nieco zaskoczeni, \u017ce w sprzeda\u017cy w og\u00f3le s\u0105 tego typu \u201eDonuty\u201d. Przeceniony jest jeden smak, konkretniej \u201eciasteczko czekolada\u201d.<\/p>\n<p>L\u00f3d b\u0119dzie kosztowa\u0142 99 groszy zamiast 3,99 z\u0142. Tutaj te\u017c nie zdecydowano si\u0119 na wprowadzenie limitu.<\/p>\n<p><a href=\"https:\/\/boop.pl\/img\/#https:\/\/img.boop.pl\/uploads\/2026\/06\/420224914322-od-rana-bedzie-s.jpg?class=full\" data-no-instant=\"\" rel=\"noopener nofollow\" target=\"_blank\"><img decoding=\"async\" loading=\"lazy\" class=\"aligncenter size-full img-431307\"   alt=\"\" width=\"639\" height=\"711\"\/><\/a><\/p>\n<p>Rano b\u0119dzie te\u017c opcja na kupienie ta\u0144szej wody. Na\u0142\u0119czowianka pojawi si\u0119 w promocji na 1,39 z\u0142 zamiast 2,89 z\u0142. Dino nak\u0142ada tutaj jednak pewien wym\u00f3g. Klienci musz\u0105 kupi\u0107 przynajmniej 12 butelek, czyli dwie zgrzewki. Akcja potrwa do 30 czerwca w\u0142\u0105cznie.<\/p>\n<p><a href=\"https:\/\/boop.pl\/img\/#https:\/\/img.boop.pl\/uploads\/2026\/06\/120224541718-od-rana-bedzie-szturm-na-lodowki-di.jpg?class=full\" data-no-instant=\"\" rel=\"noopener nofollow\" target=\"_blank\"><img decoding=\"async\" loading=\"lazy\" class=\"aligncenter size-full img-431308\"   alt=\"\" width=\"382\" height=\"433\"\/><\/a><\/p>\n<p>Spadnie tak\u017ce cena tych saszetek z Lego. Przy zakupie 3 sztuk zap\u0142acimy nie 14,99 z\u0142, jak zazwyczaj, ale ju\u017c tylko 9,63 z\u0142. Dla os\u00f3b, kt\u00f3re lubi\u0105 Lego i te saszetki, to naprawd\u0119 dobra okazja.<\/p>\n","protected":false},"excerpt":{"rendered":"Dino przebudzi\u0142o si\u0119 po kilkudziesi\u0119ciu godzinach \u201esnu\u201d i zapowiedzia\u0142o kolejne promocje na\u2026 lodowe pyszno\u015bci. Ceny spadn\u0105 nawet i&hellip;\n","protected":false},"author":2,"featured_media":512992,"comment_status":"","ping_status":"","sticky":false,"template":"","format":"standard","meta":{"footnotes":"","_share_on_mastodon":"0"},"categories":[52249],"tags":[3342,857,41997,3103,42,38,40,39,41,862],"class_list":["post-512991","post","type-post","status-publish","format-standard","has-post-thumbnail","category-dino-polska","tag-cdc","tag-dino","tag-dino-polska","tag-dla-ciebie","tag-pl","tag-poland","tag-polish","tag-polska","tag-polski","tag-promocje"],"share_on_mastodon":{"url":"https:\/\/pubeurope.com\/@pl\/116802575743229394","error":""},"_links":{"self":[{"href":"https:\/\/www.europesays.com\/pl\/wp-json\/wp\/v2\/posts\/512991","targetHints":{"allow":["GET"]}}],"collection":[{"href":"https:\/\/www.europesays.com\/pl\/wp-json\/wp\/v2\/posts"}],"about":[{"href":"https:\/\/www.europesays.com\/pl\/wp-json\/wp\/v2\/types\/post"}],"author":[{"embeddable":true,"href":"https:\/\/www.europesays.com\/pl\/wp-json\/wp\/v2\/users\/2"}],"replies":[{"embeddable":true,"href":"https:\/\/www.europesays.com\/pl\/wp-json\/wp\/v2\/comments?post=512991"}],"version-history":[{"count":0,"href":"https:\/\/www.europesays.com\/pl\/wp-json\/wp\/v2\/posts\/512991\/revisions"}],"wp:featuredmedia":[{"embeddable":true,"href":"https:\/\/www.europesays.com\/pl\/wp-json\/wp\/v2\/media\/512992"}],"wp:attachment":[{"href":"https:\/\/www.europesays.com\/pl\/wp-json\/wp\/v2\/media?parent=512991"}],"wp:term":[{"taxonomy":"category","embeddable":true,"href":"https:\/\/www.europesays.com\/pl\/wp-json\/wp\/v2\/categories?post=512991"},{"taxonomy":"post_tag","embeddable":true,"href":"https:\/\/www.europesays.com\/pl\/wp-json\/wp\/v2\/tags?post=512991"}],"curies":[{"name":"wp","href":"https:\/\/api.w.org\/{rel}","templated":true}]}}