{"id":513785,"date":"2026-06-24T10:58:26","date_gmt":"2026-06-24T10:58:26","guid":{"rendered":"https:\/\/www.europesays.com\/pl\/513785\/"},"modified":"2026-06-24T10:58:26","modified_gmt":"2026-06-24T10:58:26","slug":"skoda-peaq-wymiary-silniki-zasieg-to-suv-gigant-moze-miec-jeden-problem","status":"publish","type":"post","link":"https:\/\/www.europesays.com\/pl\/513785\/","title":{"rendered":"Skoda Peaq &#8211; wymiary, silniki, zasi\u0119g. To SUV gigant. Mo\u017ce mie\u0107 jeden problem"},"content":{"rendered":"<p>Na prezentacji nowej Skody Peaq jest redaktor Maciej i w\u0142a\u015bnie przygotowuje dla was obszerny materia\u0142 ze swoimi wra\u017ceniami. Mia\u0142 okazj\u0119 nowego SUV-a bardzo dok\u0142adnie obejrze\u0107, podotyka\u0107 i porobi\u0107 zdj\u0119cia najciekawszych rozwi\u0105za\u0144. W tym materiale skupimy si\u0119 wi\u0119c tylko na suchych szczeg\u00f3\u0142ach.<\/p>\n<p class=\"ods-o-frame-in-text__paragraph\">Przeczytaj tak\u017ce: <a href=\"https:\/\/www.auto-swiat.pl\/wiadomosci\/aktualnosci\/kia-czy-skoda-kto-produkuje-bardziej-niezawodne-auta-wyniki-testu-jakosci\/kfqcz87\" id=\"78d01b00-9ea4-4abb-a6ca-11aa18fb3f6a\" rel=\"nofollow noopener\" target=\"_blank\">Kia czy Skoda? Nasz Test Jako\u015bci pokaza\u0142, czyje auta s\u0105 mniej awaryjne<\/a><\/p>\n<p>   Jak du\u017ca jest Skoda Peaq?<\/p>\n<p>To najwi\u0119kszy SUV w gamie Skody. Mierzy a\u017c 4,87 m d\u0142ugo\u015bci, wi\u0119c jest d\u0142u\u017cszy od Kodiaqa o ponad 21 cm. Skodzie Peaq do Superba brakuje tylko 3 cm. Nad liftbackiem i kombi g\u00f3ruje jednak rozstawem osi, bo w przypadku Skody Peaq to a\u017c 2,97 m. Warto to podkre\u015bli\u0107, bo to w\u0142a\u015bnie rozstaw osi bezpo\u015brednio przek\u0142ada si\u0119 na ilo\u015b\u0107 miejsca na tylnej kanapie. Tego b\u0119dzie mn\u00f3stwo.<\/p>\n<p>Ogromny jest tak\u017ce baga\u017cnik, bo w wersji pi\u0119ciomiejscowej ma a\u017c&#8230; 935 l pojemno\u015bci. To najwi\u0119kszy baga\u017cnik, jaki mia\u0142a jakakolwiek Skoda! Do tego dodajcie frunk z przodu o pojemno\u015bci 37 l i mas\u0119 schowk\u00f3w w aucie, kt\u00f3re pomieszcz\u0105 dodatkowe 33 l. W wersji siedmiomiejscowej baga\u017cnik ma 299 l.<\/p>\n<p>Skoda Peaq \u2014 wymiary. Oficjalne infografiki:<\/p>\n<p>          <img class=\"ods-a-photo ods-a-photo--background\" src=\"https:\/\/www.europesays.com\/pl\/wp-content\/uploads\/2026\/06\/t1gk9lBaHR0cHM6Ly9vY2RuLmV1L3B1bHNjbXMvTURBXy9mOGM5NTMyZjgzZWU5MTI3NjJmNzIzNzFmYmQ0OGY2NC5qcGeRkwXNB.jpeg\" height=\"529\" width=\"940\" alt=\"Skoda Peaq 2026\" loading=\"lazy\" fetchpriority=\"auto\" decoding=\"auto\"\/>    <\/p>\n<p>Skoda Polska<\/p>\n<p>  Skoda Peaq 2026  <\/p>\n<p>        <img class=\"ods-a-photo ods-a-photo--background\" src=\"https:\/\/www.europesays.com\/pl\/wp-content\/uploads\/2026\/06\/izgk9lBaHR0cHM6Ly9vY2RuLmV1L3B1bHNjbXMvTURBXy9lNjc0ZjlkNTgxNzBiYWVkMmE0OTYyMWEzMTVkYzVmNS5qcGeRkwXNB.jpeg\" height=\"529\" width=\"940\" alt=\"Skoda Peaq 2026\" loading=\"lazy\" fetchpriority=\"auto\" decoding=\"auto\"\/>    <\/p>\n<p>Skoda Polska<\/p>\n<p>  Skoda Peaq 2026  <\/p>\n<p>   Jakie silniki ma Skoda Peaq?<\/p>\n<p>Skoda Peaq to elektryczny SUV. Na premier\u0119 dost\u0119pny b\u0119dzie w trzech wersjach: 60, 90 i 90x. Znamy ju\u017c podstawowe dane. Najszybsza Skoda Peaq b\u0119dzie rozp\u0119dza\u0107 si\u0119 do 100 km na godz. w 6,7 s, a ta najbardziej d\u0142ugodystansowa przejedzie nawet 640 km. Niekt\u00f3re dane, jak moc \u0142adowania i zasi\u0119g, s\u0105 jeszcze orientacyjne, ale ewentualne zmiany b\u0119d\u0105 znikome.<\/p>\n<p>Skoda Peaq \u2014 osi\u0105gi i zasi\u0119g.<\/p>\n<tr class=\"ods-m-table__row\">  <\/tr>\n<tr class=\"ods-m-table__row\">\n<td class=\"ods-a-table__cell\">Zasi\u0119g<\/td>\n<td class=\"ods-a-table__cell\">ponad 450 km<\/td>\n<td class=\"ods-a-table__cell\">ponad 640 km<\/td>\n<td class=\"ods-a-table__cell\">ponad 610 km<\/td>\n<\/tr>\n<tr class=\"ods-m-table__row\">\n<td class=\"ods-a-table__cell\">Akumulator<\/td>\n<td class=\"ods-a-table__cell\">63 kWh<\/td>\n<td class=\"ods-a-table__cell\">91 kWh<\/td>\n<td class=\"ods-a-table__cell\">91 kWh<\/td>\n<\/tr>\n<tr class=\"ods-m-table__row\">\n<td class=\"ods-a-table__cell\">\u0141adowanie DC od 10 do 80 proc.<\/td>\n<td class=\"ods-a-table__cell\">poni\u017cej 27 min<\/td>\n<td class=\"ods-a-table__cell\">poni\u017cej 28 min<\/td>\n<td class=\"ods-a-table__cell\">poni\u017cej 28 min<\/td>\n<\/tr>\n<tr class=\"ods-m-table__row\">\n<td class=\"ods-a-table__cell\">Maksymalna moc \u0142adowania AC\/DC<\/td>\n<td class=\"ods-a-table__cell\">11 kW\/160 kW<\/td>\n<td class=\"ods-a-table__cell\">11 kW\/199 kW<\/td>\n<td class=\"ods-a-table__cell\">11 kW\/199 kW<\/td>\n<\/tr>\n<tr class=\"ods-m-table__row\">\n<td class=\"ods-a-table__cell\">Moc<\/td>\n<td class=\"ods-a-table__cell\">204 KM<\/td>\n<td class=\"ods-a-table__cell\">286 KM<\/td>\n<td class=\"ods-a-table__cell\">299 KM<\/td>\n<\/tr>\n<tr class=\"ods-m-table__row\">\n<td class=\"ods-a-table__cell\">Przyspieszenie od 0 do 100 km na godz.<\/td>\n<td class=\"ods-a-table__cell\">8,4 s<\/td>\n<td class=\"ods-a-table__cell\">7,1 s<\/td>\n<td class=\"ods-a-table__cell\">6,7 s<\/td>\n<\/tr>\n<tr class=\"ods-m-table__row\">\n<td class=\"ods-a-table__cell\">Pr\u0119dko\u015b\u0107 maksymalna<\/td>\n<td class=\"ods-a-table__cell\">160 km na godz.<\/td>\n<td class=\"ods-a-table__cell\">180 km na godz.<\/td>\n<td class=\"ods-a-table__cell\">180 km na godz.<\/td>\n<\/tr>\n<tr class=\"ods-m-table__row\">\n<td class=\"ods-a-table__cell\">Nap\u0119d<\/td>\n<td class=\"ods-a-table__cell\">tylne ko\u0142a<\/td>\n<td class=\"ods-a-table__cell\">tylne ko\u0142a<\/td>\n<td class=\"ods-a-table__cell\">4&#215;4<\/td>\n<\/tr>\n<p>       <img class=\"ods-a-photo ods-a-photo--background\" src=\"https:\/\/www.europesays.com\/pl\/wp-content\/uploads\/2026\/06\/92fk9lBaHR0cHM6Ly9vY2RuLmV1L3B1bHNjbXMvTURBXy85ZjM5YzM3MzBjODYwYzNiNDJkNDA3MzBhZWMwNWM2Yy5qcGeRkwXNB.jpeg\" height=\"529\" width=\"940\" alt=\"Skoda Peaq 2026\" loading=\"lazy\" fetchpriority=\"auto\" decoding=\"auto\"\/>    <\/p>\n<p>Skoda Polska<\/p>\n<p>  Skoda Peaq 2026  <\/p>\n<p>   Jakie wn\u0119trze ma Skoda Peaq?<\/p>\n<p>Wn\u0119trze Peaqa utrzymano w minimalistycznym stylu, z cyfrowymi zegarami i 13,6-calowym, pionowo ustawionym ekranem systemu multimedialnego dzia\u0142aj\u0105cego na Androidzie. W kabinie uwag\u0119 zwracaj\u0105 &#8222;lewituj\u0105ca&#8221; konsola centralna, wielopoziomowa deska rozdzielcza oraz szeroka konsola \u015brodkowa. Liczb\u0119 fizycznych przycisk\u00f3w ograniczono do minimum, jednak najwa\u017cniejsze funkcje maj\u0105 w\u0142asne dedykowane sterowanie.<\/p>\n<p>W\u015br\u00f3d opcji znalaz\u0142 si\u0119 16-g\u0142o\u015bnikowy system audio Sonos klasy premium oraz dwustrefowa \u0142adowarka bezprzewodowa Qi2 o mocy 25 W. Skoda oferuje tak\u017ce pakiet Relax, w kt\u00f3rym przednie siedzenia przypominaj\u0105 fotele wypoczynkowe z ergonomicznymi podn\u00f3\u017ckami, wentylacj\u0105 i funkcj\u0105 masa\u017cu. W zestawie znajduj\u0105 si\u0119 r\u00f3wnie\u017c dwie poduszki pod g\u0142ow\u0119 oraz sk\u0142adany stolik w \u015brodkowej konsoli.<\/p>\n<p>Na pok\u0142adzie znalaz\u0142 si\u0119 szeroki wyb\u00f3r system\u00f3w wsparcia kierowcy, takich jak Front Assist, Crossroad Assist, Turn Assist i Side Assist. W\u015br\u00f3d dodatkowych opcji dost\u0119pne s\u0105 Travel Assist 3.0 oraz kamera 360\u00b0 Top Area View.<\/p>\n<p>     <img class=\"ods-a-photo ods-a-photo--background\" src=\"https:\/\/www.europesays.com\/pl\/wp-content\/uploads\/2026\/06\/p6Gk9lBaHR0cHM6Ly9vY2RuLmV1L3B1bHNjbXMvTURBXy82MDg0YzZiNmI3NTUxMTQwOGFjNGJlMTU2MjUwMWNlNi5qcGeRkwXNB.jpeg\" height=\"530\" width=\"940\" alt=\"Skoda Peaq 2026\" loading=\"lazy\" fetchpriority=\"auto\" decoding=\"auto\"\/>    <\/p>\n<p>Skoda Polska<\/p>\n<p>  Skoda Peaq 2026  <\/p>\n<p>   Skoda chwali si\u0119 kilkoma bardzo ciekawymi lakierami. Mo\u017cesz je zobaczy\u0107 na filmie: Dalszy ci\u0105g artyku\u0142u pod materia\u0142em wideo Ile b\u0119dzie kosztowa\u0107 Skoda Peaq?<\/p>\n<p>Skoda Peaq wci\u0105\u017c nie ma oficjalnego polskiego cennika. Aktualnie najwi\u0119kszym elektrycznym SUV-em Skody jest Enyaq. Regularny cennik otwiera 192 tys. 250 z\u0142, a aktualny promocyjny \u2014 172 tys. 250 z\u0142. Skoda Peaq jako model wyra\u017anie wi\u0119kszy na pewno b\u0119dzie dro\u017cszy.<\/p>\n<p>     1  \/  17   Skoda Peaq 2026       <img class=\"ods-a-photo ods-a-photo--background\" src=\"https:\/\/www.europesays.com\/pl\/wp-content\/uploads\/2026\/06\/BnUk9lBaHR0cHM6Ly9vY2RuLmV1L3B1bHNjbXMvTURBXy9lMzg1ZmE0NGIwMjgwMjdlMjVlODI3MjgzZTU5MGQwZC5qcGeRkwXNB.jpeg\" height=\"800\" width=\"800\" alt=\"Skoda Peaq 2026\" loading=\"lazy\" fetchpriority=\"auto\" decoding=\"auto\"\/>    <\/p>\n<p>Skoda Polska<\/p>\n<p>           2  \/  17   Skoda Peaq 2026       <img class=\"ods-a-photo ods-a-photo--background\" src=\"https:\/\/www.europesays.com\/pl\/wp-content\/uploads\/2026\/06\/2Rkk9lBaHR0cHM6Ly9vY2RuLmV1L3B1bHNjbXMvTURBXy9kOTE5ZTY1NzAwNzhlZjUxZTUyZDVjOGYzYmI0NDU1NS5qcGeRkwXNB.jpeg\" height=\"800\" width=\"800\" alt=\"Skoda Peaq 2026\" loading=\"lazy\" fetchpriority=\"auto\" decoding=\"auto\"\/>    <\/p>\n<p>Skoda Polska<\/p>\n<p>                  3  \/  17   Skoda Peaq 2026       <img class=\"ods-a-photo ods-a-photo--background\" src=\"https:\/\/www.europesays.com\/pl\/wp-content\/uploads\/2026\/06\/0uWk9lBaHR0cHM6Ly9vY2RuLmV1L3B1bHNjbXMvTURBXy84YmM5MWIzZDM1YTBhNTg2YzkxMmJhNzUwMTkxNmU0OC5qcGeRkwXNB.jpeg\" height=\"627\" width=\"940\" alt=\"Skoda Peaq 2026\" loading=\"lazy\" fetchpriority=\"auto\" decoding=\"auto\"\/>    <\/p>\n<p>Skoda Polska<\/p>\n<p>           4  \/  17   Skoda Peaq 2026       <img class=\"ods-a-photo ods-a-photo--background\" src=\"https:\/\/www.europesays.com\/pl\/wp-content\/uploads\/2026\/06\/c5-k9lBaHR0cHM6Ly9vY2RuLmV1L3B1bHNjbXMvTURBXy9jZTIxMjdjYmQwOTNmMTY3NjA5MjJhMzFkZWVkYzEzYi5qcGeRkwXNB.jpeg\" height=\"625\" width=\"940\" alt=\"Skoda Peaq 2026\" loading=\"lazy\" fetchpriority=\"auto\" decoding=\"auto\"\/>    <\/p>\n<p>Skoda Polska<\/p>\n<p>                  5  \/  17   Skoda Peaq 2026       <img class=\"ods-a-photo ods-a-photo--background\" src=\"https:\/\/www.europesays.com\/pl\/wp-content\/uploads\/2026\/06\/J1pk9lBaHR0cHM6Ly9vY2RuLmV1L3B1bHNjbXMvTURBXy8yYjRjYzNmZDY4M2EzOGYwMjY3MjYxYmI5MzhlZjQyYS5qcGeRkwXNB.jpeg\" height=\"631\" width=\"940\" alt=\"Skoda Peaq 2026\" loading=\"lazy\" fetchpriority=\"auto\" decoding=\"auto\"\/>    <\/p>\n<p>Skoda Polska<\/p>\n<p>           6  \/  17   Skoda Peaq 2026       <img class=\"ods-a-photo ods-a-photo--background\" src=\"https:\/\/www.europesays.com\/pl\/wp-content\/uploads\/2026\/06\/8Zak9lBaHR0cHM6Ly9vY2RuLmV1L3B1bHNjbXMvTURBXy82MDg0YzZiNmI3NTUxMTQwOGFjNGJlMTU2MjUwMWNlNi5qcGeRkwXNB.jpeg\" height=\"627\" width=\"940\" alt=\"Skoda Peaq 2026\" loading=\"lazy\" fetchpriority=\"auto\" decoding=\"auto\"\/>    <\/p>\n<p>Skoda Polska<\/p>\n<p>                  7  \/  17   Skoda Peaq 2026       <img class=\"ods-a-photo ods-a-photo--background\" src=\"https:\/\/www.europesays.com\/pl\/wp-content\/uploads\/2026\/06\/rrvk9lBaHR0cHM6Ly9vY2RuLmV1L3B1bHNjbXMvTURBXy9iZWJkNzJkM2E3MzAxZmI2ZTQ4N2UyM2VhYWU1N2RhMy5qcGeRkwXNB.jpeg\" height=\"627\" width=\"940\" alt=\"Skoda Peaq 2026\" loading=\"lazy\" fetchpriority=\"auto\" decoding=\"auto\"\/>    <\/p>\n<p>Skoda Polska<\/p>\n<p>           8  \/  17   Skoda Peaq 2026       <img class=\"ods-a-photo ods-a-photo--background\" src=\"https:\/\/www.europesays.com\/pl\/wp-content\/uploads\/2026\/06\/At6k9lBaHR0cHM6Ly9vY2RuLmV1L3B1bHNjbXMvTURBXy82YTJjYmMxOWViYTY3NzM2MDQxZDMwZTkyNjg0MGUyZC5qcGeRkwXNB.jpeg\" height=\"627\" width=\"940\" alt=\"Skoda Peaq 2026\" loading=\"lazy\" fetchpriority=\"auto\" decoding=\"auto\"\/>    <\/p>\n<p>Skoda Polska<\/p>\n<p>                  9  \/  17   Skoda Peaq 2026       <img class=\"ods-a-photo ods-a-photo--background\" src=\"https:\/\/www.europesays.com\/pl\/wp-content\/uploads\/2026\/06\/vxhk9lBaHR0cHM6Ly9vY2RuLmV1L3B1bHNjbXMvTURBXy9kMjIzNTdlYjE5NzlkMTIxN2Y5NTQyYjIwNzBjYzhhMC5qcGeRkwXNB.jpeg\" height=\"688\" width=\"940\" alt=\"Skoda Peaq 2026\" loading=\"lazy\" fetchpriority=\"auto\" decoding=\"auto\"\/>    <\/p>\n<p>Skoda Polska<\/p>\n<p>           10  \/  17   Skoda Peaq 2026       <img class=\"ods-a-photo ods-a-photo--background\" src=\"https:\/\/www.europesays.com\/pl\/wp-content\/uploads\/2026\/06\/kR8k9lBaHR0cHM6Ly9vY2RuLmV1L3B1bHNjbXMvTURBXy9hNzhjMWFhMmQyOGFiZjU2ZTEzYTMzYzAwNGZmNTEwNy5qcGeRkwXNB.jpeg\" height=\"627\" width=\"940\" alt=\"Skoda Peaq 2026\" loading=\"lazy\" fetchpriority=\"auto\" decoding=\"auto\"\/>    <\/p>\n<p>Skoda Polska<\/p>\n<p>                  11  \/  17   Skoda Peaq 2026       <img class=\"ods-a-photo ods-a-photo--background\" src=\"https:\/\/www.europesays.com\/pl\/wp-content\/uploads\/2026\/06\/QJKk9lBaHR0cHM6Ly9vY2RuLmV1L3B1bHNjbXMvTURBXy9hMjE1YjM1MWE2MjAzZDdhYTAzNmRkOGExMTQ5YWEyNi5qcGeRkwXNB.jpeg\" height=\"627\" width=\"940\" alt=\"Skoda Peaq 2026\" loading=\"lazy\" fetchpriority=\"auto\" decoding=\"auto\"\/>    <\/p>\n<p>Skoda Polska<\/p>\n<p>           12  \/  17   Skoda Peaq 2026       <img class=\"ods-a-photo ods-a-photo--background\" src=\"https:\/\/www.europesays.com\/pl\/wp-content\/uploads\/2026\/06\/aWvk9lBaHR0cHM6Ly9vY2RuLmV1L3B1bHNjbXMvTURBXy9kNGYyYTNhY2VjZTAwOWVhOWRkZTZjMDVkNGYzYjUwNy5qcGeRkwXNB.jpeg\" height=\"627\" width=\"940\" alt=\"Skoda Peaq 2026\" loading=\"lazy\" fetchpriority=\"auto\" decoding=\"auto\"\/>    <\/p>\n<p>Skoda Polska<\/p>\n<p>                  13  \/  17   Skoda Peaq 2026       <img class=\"ods-a-photo ods-a-photo--background\" src=\"https:\/\/www.europesays.com\/pl\/wp-content\/uploads\/2026\/06\/e9zk9lBaHR0cHM6Ly9vY2RuLmV1L3B1bHNjbXMvTURBXy8wNDM5Y2Y3NTIzNTMxOGM5ZDA1MWI5ZTM0ZjVjZThkNS5qcGeRkwXNB.jpeg\" height=\"800\" width=\"800\" alt=\"Skoda Peaq 2026\" loading=\"lazy\" fetchpriority=\"auto\" decoding=\"auto\"\/>    <\/p>\n<p>Skoda Polska<\/p>\n<p>           14  \/  17   Skoda Peaq 2026       <img class=\"ods-a-photo ods-a-photo--background\" src=\"https:\/\/www.europesays.com\/pl\/wp-content\/uploads\/2026\/06\/OBSk9lBaHR0cHM6Ly9vY2RuLmV1L3B1bHNjbXMvTURBXy9kMjJmNDBmOGZmZWZiNDYxZGI4NDFlZjNkMTYwYzg4MC5qcGeRkwXNB.jpeg\" height=\"496\" width=\"940\" alt=\"Skoda Peaq 2026\" loading=\"lazy\" fetchpriority=\"auto\" decoding=\"auto\"\/>    <\/p>\n<p>Skoda Polska<\/p>\n<p>                  15  \/  17   Skoda Peaq 2026       <img class=\"ods-a-photo ods-a-photo--background\" src=\"https:\/\/www.europesays.com\/pl\/wp-content\/uploads\/2026\/06\/6eJk9lBaHR0cHM6Ly9vY2RuLmV1L3B1bHNjbXMvTURBXy9mOTBmOTExYzM1YTNhY2Y3ZDJlNDkzNDdmMzM5NjNmOC5qcGeRkwXNB.jpeg\" height=\"800\" width=\"800\" alt=\"Skoda Peaq 2026\" loading=\"lazy\" fetchpriority=\"auto\" decoding=\"auto\"\/>    <\/p>\n<p>Skoda Polska<\/p>\n<p>           16  \/  17   Skoda Peaq 2026       <img class=\"ods-a-photo ods-a-photo--background\" src=\"https:\/\/www.europesays.com\/pl\/wp-content\/uploads\/2026\/06\/mebk9lBaHR0cHM6Ly9vY2RuLmV1L3B1bHNjbXMvTURBXy80MDFhMTgyYjFlNWFkMjQwM2FmZjE2ZDJjNGFhOTA5OC5qcGeRkwXNB.jpeg\" height=\"529\" width=\"940\" alt=\"Skoda Peaq 2026\" loading=\"lazy\" fetchpriority=\"auto\" decoding=\"auto\"\/>    <\/p>\n<p>Skoda Polska<\/p>\n<p>                  17  \/  17   Skoda Peaq 2026       <img class=\"ods-a-photo ods-a-photo--background\" src=\"https:\/\/www.europesays.com\/pl\/wp-content\/uploads\/2026\/06\/rfFk9lBaHR0cHM6Ly9vY2RuLmV1L3B1bHNjbXMvTURBXy8zZDc5NDI1MTQ0MDY4YTI5ZGRmNWUzZjY0ZmZkMzFiZi5qcGeRkwXNB.jpeg\" height=\"529\" width=\"940\" alt=\"Skoda Peaq 2026\" loading=\"lazy\" fetchpriority=\"auto\" decoding=\"auto\"\/>    <\/p>\n<p>Skoda Polska<\/p>\n","protected":false},"excerpt":{"rendered":"Na prezentacji nowej Skody Peaq jest redaktor Maciej i w\u0142a\u015bnie przygotowuje dla was obszerny materia\u0142 ze swoimi wra\u017ceniami.&hellip;\n","protected":false},"author":2,"featured_media":513786,"comment_status":"","ping_status":"","sticky":false,"template":"","format":"standard","meta":{"footnotes":"","_share_on_mastodon":"0"},"categories":[16],"tags":[113,61195,112,2263,48,46,42,38,40,39,41,649,650,47,3771,2261,26],"class_list":["post-513785","post","type-post","status-publish","format-standard","has-post-thumbnail","category-biznes","tag-biznes","tag-bottomfeed_styl","tag-business","tag-elektryk","tag-nat_styl","tag-omp","tag-pl","tag-poland","tag-polish","tag-polska","tag-polski","tag-premiera","tag-premiery","tag-screening_general","tag-skoda","tag-suv","tag-wiadomosci"],"share_on_mastodon":{"url":"https:\/\/pubeurope.com\/@pl\/116804735971988922","error":""},"_links":{"self":[{"href":"https:\/\/www.europesays.com\/pl\/wp-json\/wp\/v2\/posts\/513785","targetHints":{"allow":["GET"]}}],"collection":[{"href":"https:\/\/www.europesays.com\/pl\/wp-json\/wp\/v2\/posts"}],"about":[{"href":"https:\/\/www.europesays.com\/pl\/wp-json\/wp\/v2\/types\/post"}],"author":[{"embeddable":true,"href":"https:\/\/www.europesays.com\/pl\/wp-json\/wp\/v2\/users\/2"}],"replies":[{"embeddable":true,"href":"https:\/\/www.europesays.com\/pl\/wp-json\/wp\/v2\/comments?post=513785"}],"version-history":[{"count":0,"href":"https:\/\/www.europesays.com\/pl\/wp-json\/wp\/v2\/posts\/513785\/revisions"}],"wp:featuredmedia":[{"embeddable":true,"href":"https:\/\/www.europesays.com\/pl\/wp-json\/wp\/v2\/media\/513786"}],"wp:attachment":[{"href":"https:\/\/www.europesays.com\/pl\/wp-json\/wp\/v2\/media?parent=513785"}],"wp:term":[{"taxonomy":"category","embeddable":true,"href":"https:\/\/www.europesays.com\/pl\/wp-json\/wp\/v2\/categories?post=513785"},{"taxonomy":"post_tag","embeddable":true,"href":"https:\/\/www.europesays.com\/pl\/wp-json\/wp\/v2\/tags?post=513785"}],"curies":[{"name":"wp","href":"https:\/\/api.w.org\/{rel}","templated":true}]}}