{"id":513898,"date":"2026-06-24T12:07:13","date_gmt":"2026-06-24T12:07:13","guid":{"rendered":"https:\/\/www.europesays.com\/pl\/513898\/"},"modified":"2026-06-24T12:07:13","modified_gmt":"2026-06-24T12:07:13","slug":"zuzel-oto-lista-transferowa-szefa-polonii-bydgoszcz-znamy-wszystkie-nazwiska-pobandzie","status":"publish","type":"post","link":"https:\/\/www.europesays.com\/pl\/513898\/","title":{"rendered":"\u017bu\u017cel. Oto lista transferowa szefa Polonii Bydgoszcz! Znamy wszystkie nazwiska! &#8211; PoBandzie"},"content":{"rendered":"<p>Abramczyk Polonia Bydgoszcz idzie obecnie jak walec przez rozgrywki Metalkas 2. Ekstraligi, wygrywaj\u0105c wszystkie dotychczasowe spotkania. Bydgoszczanie s\u0105 na dobrej drodze do upragnionego awansu i w tegorocznej kampanii wydaj\u0105 si\u0119 przygotowani na wszystkie mo\u017cliwe scenariusze. Szerokie pole manewru ma r\u00f3wnie\u017c prezes klubu, Jerzy Kanclerz, kt\u00f3ry zdradzi\u0142 nazwiska ze swojej listy \u017cycze\u0144 pod k\u0105tem przysz\u0142ego sezonu \u2013 potencjalnie ju\u017c w PGE Ekstralidze. Jest ich sze\u015b\u0107.<\/p>\n<p data-path-to-node=\"8\">Szybkie dzia\u0142anie na gie\u0142dzie pozwala zbudowa\u0107 konkurencyjny sk\u0142ad, a nie jedynie zbiera\u0107 przys\u0142owiowe och\u0142apy z rynku, by po roku zn\u00f3w z hukiem wr\u00f3ci\u0107 na zaplecze najlepszej \u017cu\u017clowej ligi \u015bwiata. Dla samych zawodnik\u00f3w rozmowy z Poloni\u0105 Bydgoszcz na tym etapie r\u00f3wnie\u017c nie wi\u0105\u017c\u0105 si\u0119 z du\u017cym ryzykiem, poniewa\u017c ekipa z wojew\u00f3dztwa kujawsko-pomorskiego po prostu deklasuje rywali na drugim szczeblu rozgrywkowym.<\/p>\n<p data-path-to-node=\"8\"><a href=\"https:\/\/po-bandzie.com.pl\/zuzel-nowa-dluga-nazwa-stali-rzeszow-oto-sponsor-tytularny\/\" rel=\"nofollow noopener\" target=\"_blank\">\u017bu\u017cel. Nowa, d\u0142uga nazwa Stali Rzesz\u00f3w! Oto sponsor tytularny!<\/a><\/p>\n<p data-path-to-node=\"8\"><a href=\"https:\/\/po-bandzie.com.pl\/zuzel-co-z-powrotem-lindgrena-na-falubaz-sa-nowe-wiesci\/\" rel=\"nofollow noopener\" target=\"_blank\">\u017bu\u017cel. Co z powrotem Lindgrena na Falubaz? S\u0105 nowe wie\u015bci!<\/a><\/p>\n<p data-path-to-node=\"9\">W kuluarach du\u017co m\u00f3wi si\u0119 o potencjalnym transferze Maxa Fricke\u2019a, kt\u00f3ry nie jedzie najlepszego sezonu w GKM-ie Grudzi\u0105dz i mo\u017ce szuka\u0107 nowego pracodawcy. W Bydgoszczy my\u015bl\u0105 tak\u017ce o Maksymie Drabiku. Zawodnik ten niejednokrotnie prezentowa\u0142 swoje nieprzeci\u0119tne umiej\u0119tno\u015bci jazdy, a w Grudzi\u0105dzu \u2013 szczeg\u00f3lnie na domowym torze, kt\u00f3ry kompletnie nie jest skrojony pod jego atuty \u2013 ewidentnie si\u0119 m\u0119czy.<\/p>\n<p data-path-to-node=\"9\">\u2013 Maxowi przede wszystkim pasuje bydgoski tor, ale to jest zawodnik z takim potencja\u0142em, \u017ce te dwucyfr\u00f3wki mo\u017ce zdobywa\u0107 w ka\u017cdym meczu, w ko\u0144cu wygra\u0142 rund\u0119 SGP w Manchesterze. Natomiast dyspozycja, je\u017celi chodzi o Grudzi\u0105dz, jest taka, a nie inna. Podobnie jest z Maksymem Drabikiem, kt\u00f3remu tamtejszy tor nie le\u017cy, a na wyjazdach spisuje si\u0119 du\u017co, du\u017co lepiej. Czytam w mediach, \u017ce Fricke jest jedn\u0105 nog\u0105 w Bydgoszczy i zaprzeczam temu. Oczywi\u015bcie by\u0142y rozmowy przyk\u0142adowo w Manchesterze, ale \u017cadnych podpis\u00f3w ani deklaracji s\u0142ownych nie by\u0142o \u2013 stwierdzi\u0142 Jerzy Kanclerz w Kolegium \u017bu\u017clowym Canal Plus.<\/p>\n<p data-path-to-node=\"9\"><a href=\"https:\/\/po-bandzie.com.pl\/zuzel-bewley-wroci-szybciej-sa-nowe-swietne-wiesci-ze-sparty\/\" rel=\"nofollow noopener\" target=\"_blank\">\u017bu\u017cel. Bewley wr\u00f3ci szybciej? Mamy nowe informacje!<\/a><\/p>\n<p data-path-to-node=\"9\"><a href=\"https:\/\/po-bandzie.com.pl\/zuzel-na-terenie-polonii-bydgoszcz-czuje-sie-jak-u-siebie-zdradzil-swoj-przepis\/\" rel=\"nofollow noopener\" target=\"_blank\">\u017bu\u017cel. Na terenie Polonii Bydgoszcz czuje si\u0119 jak u siebie. Zdradzi\u0142 sw\u00f3j przepis<\/a><\/p>\n<p data-path-to-node=\"11\">Rozchwytywany na rynku jest tak\u017ce Ryan Douglas, notuj\u0105cy kolejny fantastyczny rok w Metalkas 2. Ekstralidze. Australijczyk r\u00f3wnie\u017c znalaz\u0142 si\u0119 w wizjach prezesa \u201eGryf\u00f3w\u201d. Nieco mniej oczywistymi kandydatami z pierwszoligowego frontu s\u0105 Jan Kvech, b\u0119d\u0105cy aktualnie najlepszym \u017cu\u017clowcem w rankingu zaplecza Ekstraligi, oraz Jason Doyle, kt\u00f3ry w barwach Wilk\u00f3w Krosno jedzie poni\u017cej oczekiwa\u0144. Na li\u015bcie \u017cycze\u0144 nie zabrak\u0142o r\u00f3wnie\u017c \u015bwiatowej gwiazdy. Jerzy Kanclerz zwr\u00f3ci\u0142 uwag\u0119 na Andersa Thomsena, kt\u00f3ry od lat jest bezapelacyjnym liderem w najwy\u017cszej klasie rozgrywkowej.<\/p>\n<p data-path-to-node=\"11\">\u2013 Perspektywicznie z dw\u00f3jki Fricke i Douglas lepszy jest Ryan, natomiast pozostaje kwestia gwarancji punktowej. Douglasa chcia\u0142oby jednak par\u0119 klub\u00f3w i mam te\u017c orientacj\u0119, jakie dru\u017cyny dzwoni\u0105 w\u0142a\u015bnie do Ryana. Je\u017celi mia\u0142bym dzisiaj ja wybiera\u0107 jako Jerzy Kanclerz, sternik bydgoskiego klubu, to wybra\u0142bym Ryana Douglasa \u2013 doda\u0142 Kanclerz.<\/p>\n<p data-path-to-node=\"12\">Wszystkie te nazwiska pad\u0142y z ust Jerzego Kanclerza. Prezes bydgoskiego klubu b\u0119dzie rozpatrywa\u0142 wymian\u0119 dw\u00f3ch lub trzech \u017cu\u017clowc\u00f3w z obecnego zestawienia. Je\u015bli dojdzie do roszad, nowymi twarzami w Polonii ma by\u0107 kto\u015b z wymienionej wy\u017cej sz\u00f3stki.<\/p>\n<p>Lista \u017cycze\u0144 Abramczyk Polonii Bydgoszcz na PGE Ekstralig\u0119:<\/p>\n<p data-path-to-node=\"12\">Max Fricke<\/p>\n<p data-path-to-node=\"12\">Ryan Douglas<\/p>\n<p data-path-to-node=\"12\">Jason Doyle<\/p>\n<p data-path-to-node=\"12\">Jan Kvech<\/p>\n<p data-path-to-node=\"12\">Maksym Drabik<\/p>\n<p data-path-to-node=\"12\">Anders Thomsen<\/p>\n","protected":false},"excerpt":{"rendered":"Abramczyk Polonia Bydgoszcz idzie obecnie jak walec przez rozgrywki Metalkas 2. Ekstraligi, wygrywaj\u0105c wszystkie dotychczasowe spotkania. Bydgoszczanie s\u0105&hellip;\n","protected":false},"author":2,"featured_media":513899,"comment_status":"","ping_status":"","sticky":false,"template":"","format":"standard","meta":{"footnotes":"","_share_on_mastodon":"0"},"categories":[51613],"tags":[883,1326,59377,7132,3972,12376,14759,3418,10063,11738,3497,979,42,9704,9705,9706,38,40,39,41,34248,882,3977,9709,9712,3983,3984],"class_list":["post-513898","post","type-post","status-publish","format-standard","has-post-thumbnail","category-bydgoszcz","tag-abramczyk-polonia-bydgoszcz","tag-anders-thomsen","tag-bahnsport","tag-bydgoszcz","tag-google-news","tag-google-upday","tag-google-zuzel","tag-jan-kvech","tag-jason-doyle","tag-maksym-drabik","tag-max-fricke","tag-metalkas-2-ekstraliga","tag-pl","tag-po-bandzie","tag-pobandzie","tag-pobandzie-portal","tag-poland","tag-polish","tag-polska","tag-polski","tag-ryan-douglas","tag-speedway","tag-sport-zuzlowy","tag-upday","tag-zuzel-pobandzie","tag-zuzel-tv","tag-zuzel-wyniki"],"share_on_mastodon":{"url":"https:\/\/pubeurope.com\/@pl\/116805006053191377","error":""},"_links":{"self":[{"href":"https:\/\/www.europesays.com\/pl\/wp-json\/wp\/v2\/posts\/513898","targetHints":{"allow":["GET"]}}],"collection":[{"href":"https:\/\/www.europesays.com\/pl\/wp-json\/wp\/v2\/posts"}],"about":[{"href":"https:\/\/www.europesays.com\/pl\/wp-json\/wp\/v2\/types\/post"}],"author":[{"embeddable":true,"href":"https:\/\/www.europesays.com\/pl\/wp-json\/wp\/v2\/users\/2"}],"replies":[{"embeddable":true,"href":"https:\/\/www.europesays.com\/pl\/wp-json\/wp\/v2\/comments?post=513898"}],"version-history":[{"count":0,"href":"https:\/\/www.europesays.com\/pl\/wp-json\/wp\/v2\/posts\/513898\/revisions"}],"wp:featuredmedia":[{"embeddable":true,"href":"https:\/\/www.europesays.com\/pl\/wp-json\/wp\/v2\/media\/513899"}],"wp:attachment":[{"href":"https:\/\/www.europesays.com\/pl\/wp-json\/wp\/v2\/media?parent=513898"}],"wp:term":[{"taxonomy":"category","embeddable":true,"href":"https:\/\/www.europesays.com\/pl\/wp-json\/wp\/v2\/categories?post=513898"},{"taxonomy":"post_tag","embeddable":true,"href":"https:\/\/www.europesays.com\/pl\/wp-json\/wp\/v2\/tags?post=513898"}],"curies":[{"name":"wp","href":"https:\/\/api.w.org\/{rel}","templated":true}]}}