{"id":513994,"date":"2026-06-24T13:04:13","date_gmt":"2026-06-24T13:04:13","guid":{"rendered":"https:\/\/www.europesays.com\/pl\/513994\/"},"modified":"2026-06-24T13:04:13","modified_gmt":"2026-06-24T13:04:13","slug":"zmarl-janusz-daszczynski-byly-dyrektor-tvp-gdansk-i-prezes-tvp","status":"publish","type":"post","link":"https:\/\/www.europesays.com\/pl\/513994\/","title":{"rendered":"Zmar\u0142 Janusz Daszczy\u0144ski, by\u0142y dyrektor TVP Gda\u0144sk i prezes TVP"},"content":{"rendered":"<p>            <a href=\"https:\/\/s-trojmiasto.pl\/zdj\/c\/n\/9\/4355\/1500x0\/4355170-Janusz-Daszczynski__c_0_180_1500_743.webp\" target=\"_blank\" data-slide-name=\"846691\" data-lightbox-target=\"photo full\" data-sub-html=\"&lt;h4&gt;Janusz Daszczy\u0144ski.&lt;\/h4&gt;&lt;p&gt;fot. Edyta Ste\u0107\/Trojmiasto.pl&lt;\/p&gt;&#010;\" class=\"photoMarker__link\" data-filter-brightness=\"brightness--100\" rel=\"nofollow noopener\"><\/p>\n<p>    <img decoding=\"async\" style=\"height:371px; aspect-ratio: 2.01884\/1; filter:brightness(1);\" alt=\"Janusz Daszczy\u0144ski.\" src=\"https:\/\/www.europesays.com\/pl\/wp-content\/uploads\/2026\/06\/4355170-Janusz-Daszczynski__c_0_180_1500_743.webp\" class=\"photoMarker__img \" data-slider=\"img\" fetchpriority=\"high\"\/><\/p>\n<p>            <\/a><\/p>\n<p class=\"lead\">By\u0142 dyrektorem i\u00a0redaktorem naczelnym TVP Gda\u0144sk, p\u00f3\u017aniej wiceprezesem i\u00a0prezesem zarz\u0105du Telewizji Polskiej. Janusz Daszczy\u0144ski, dziennikarz, mened\u017cer i\u00a0jedna z\u00a0wa\u017cnych postaci pomorskiego \u015brodowiska medialnego, zmar\u0142 we wtorek, 23 czerwca, w\u00a0Warszawie. Mia\u0142 73 lata.<\/p>\n<p>In\u017cynier z\u00a0Wrzeszcza zwi\u0105za\u0142 si\u0119 z\u00a0mediami<\/p>\n<p>Janusz Daszczy\u0144ski urodzi\u0142 si\u0119 13 wrze\u015bnia 1952 r. w\u00a0Gdyni, ale od najm\u0142odszych lat zwi\u0105zany by\u0142 z\u00a0Gda\u0144skiem. Dorasta\u0142 we Wrzeszczu, uczy\u0142 si\u0119 w\u00a0III Liceum Og\u00f3lnokszta\u0142c\u0105cym, a\u00a0nast\u0119pnie uko\u0144czy\u0142 Wydzia\u0142 Elektroniki <a href=\"https:\/\/www.trojmiasto.pl\/Politechnika-Gdanska-o689.html\" class=\"parse-link\" title=\"PG\" rel=\"nofollow noopener\" target=\"_blank\">Politechniki Gda\u0144skiej<\/a>. Z\u00a0wykszta\u0142cenia by\u0142 in\u017cynierem, ale zawodowo zwi\u0105za\u0142 si\u0119 z\u00a0mediami.<\/p>\n<p>Prac\u0119 w\u00a0gda\u0144skim o\u015brodku telewizyjnym rozpocz\u0105\u0142 w\u00a01977 r. jako in\u017cynier studia i\u00a0realizator efekt\u00f3w audiowizualnych. Na prze\u0142omie lat 70. i\u00a080. pracowa\u0142 w\u00a0dwutygodniku &#8222;<a href=\"https:\/\/www.trojmiasto.pl\/dom\/Horyzont-i697.html\" class=\"parse-link\" title=\"Horyzont\" rel=\"nofollow noopener\" target=\"_blank\">Horyzont<\/a>&#8222;, a\u00a0p\u00f3\u017aniej nale\u017ca\u0142 do grona wsp\u00f3\u0142pracownik\u00f3w Lecha <a href=\"https:\/\/www.trojmiasto.pl\/dom\/Badkowskiego-i845.html\" class=\"parse-link\" title=\"B\u0105dkowskiego\" rel=\"nofollow noopener\" target=\"_blank\">B\u0105dkowskiego<\/a>. By\u0142 zast\u0119pc\u0105 redaktora naczelnego &#8222;Tygodnika Samorz\u0105dno\u015b\u0107&#8221;, kt\u00f3rego wydawanie przerwa\u0142o wprowadzenie stanu wojennego.<\/p>\n<p>W latach 80. uczestniczy\u0142 w\u00a0tworzeniu diecezjalnego dwutygodnika &#8222;Gwiazda Morza&#8221;. Przed wyborami kontraktowymi w\u00a01989 r. by\u0142 zast\u0119pc\u0105 kierownika zespo\u0142u medialnego Komitetu Obywatelskiego &#8222;Solidarno\u015b\u0107&#8221;. P\u00f3\u017aniej pracowa\u0142 m.in. w\u00a0&#8222;Gazecie Gda\u0144skiej&#8221;.<\/p>\n<p>Z Gda\u0144ska do zarz\u0105du TVP<\/p>\n<p>Po prze\u0142omie ustrojowym kierowa\u0142 gda\u0144skim o\u015brodkiem Telewizji Polskiej jako dyrektor-redaktor naczelny. W\u00a0kolejnych latach by\u0142 zast\u0119pc\u0105 dyrektora TV Polonia, dyrektorem generalnym Krajowej Rady Radiofonii i\u00a0Telewizji, a\u00a0w latach 1994-1999 wiceprezesem zarz\u0105du Telewizji Polskiej.<\/p>\n<p>Do TVP wr\u00f3ci\u0142 na najwy\u017csze stanowisko w\u00a02015 r., kiedy zosta\u0142 prezesem zarz\u0105du Telewizji Polskiej. Funkcj\u0119 pe\u0142ni\u0142 do stycznia 2016 r.<\/p>\n<p>Dzia\u0142alno\u015b\u0107 kulturalna i\u00a0spo\u0142eczna<\/p>\n<p>Janusz Daszczy\u0144ski by\u0142 tak\u017ce zwi\u0105zany z\u00a0Tr\u00f3jmiastem poza mediami publicznymi. Pracowa\u0142 w\u00a0sopockiej Ergo Hestii, wsp\u00f3\u0142organizowa\u0142 festiwal &#8222;Dwa Teatry&#8221;, kierowa\u0142 polskim pawilonem podczas Expo 2010 w\u00a0Szanghaju, a\u00a0przy Expo 2015 w\u00a0Mediolanie by\u0142 zast\u0119pc\u0105 komisarza generalnego Sekcji Polskiej.<\/p>\n<p>Pogrzeb Janusza Daszczy\u0144skiego<\/p>\n<p>Pogrzeb Janusza Daszczy\u0144skiego odb\u0119dzie si\u0119 w\u00a0Sopocie. Rodzina ma poinformowa\u0107 o\u00a0dacie ostatniego po\u017cegnania w\u00a0najbli\u017cszych dniach.<\/p>\n<p>                                    <a data-tklik=\"619589\" href=\"https:\/\/katalog.trojmiasto.pl\/uslugi\/zaklady_pogrzebowe\/\" rel=\"nofollow noopener\" target=\"_blank\"><br \/>\n                                                    Katalog.trojmiasto.pl \u2013<br \/>\n                                                                    zak\u0142ady pogrzebowe<br \/>\n                                                                    <\/a><\/p>\n<p>                <a data-tklik=\"619589\" href=\"https:\/\/katalog.trojmiasto.pl\/uslugi\/zaklady_pogrzebowe\/\" rel=\"nofollow noopener\" target=\"_blank\"><br \/>\n                    wi\u0119cej<\/p>\n<p>                <\/a><\/p>\n","protected":false},"excerpt":{"rendered":"By\u0142 dyrektorem i\u00a0redaktorem naczelnym TVP Gda\u0144sk, p\u00f3\u017aniej wiceprezesem i\u00a0prezesem zarz\u0105du Telewizji Polskiej. Janusz Daszczy\u0144ski, dziennikarz, mened\u017cer i\u00a0jedna z\u00a0wa\u017cnych&hellip;\n","protected":false},"author":2,"featured_media":513995,"comment_status":"","ping_status":"","sticky":false,"template":"","format":"standard","meta":{"footnotes":"","_share_on_mastodon":"0"},"categories":[51610],"tags":[22950,100235,100236,10556,8060,1048,1064,100237,100239,10782,91256,42,38,40,39,41,2414,2849,91255,4036,511,1063,591,507,506,100238,435,42967,10313,3806,4827,15772],"class_list":["post-513994","post","type-post","status-publish","format-standard","has-post-thumbnail","category-gdansk","tag-czerwiec","tag-daszczynsi","tag-daszczynski","tag-dyrektor","tag-dziennikarz","tag-gdansk","tag-gdynia","tag-janusz-daszczynski","tag-medialny","tag-menedzer","tag-naczelny","tag-pl","tag-poland","tag-polish","tag-polska","tag-polski","tag-postac","tag-prezes","tag-redaktor","tag-rok","tag-smierc","tag-sopot","tag-srodowisko","tag-telewizja-polska","tag-tvp","tag-tvp-gdansk","tag-warszawa","tag-wiceprezes","tag-wtorek","tag-zarzad","tag-zgon","tag-zmarl"],"share_on_mastodon":{"url":"https:\/\/pubeurope.com\/@pl\/116805230807281940","error":""},"_links":{"self":[{"href":"https:\/\/www.europesays.com\/pl\/wp-json\/wp\/v2\/posts\/513994","targetHints":{"allow":["GET"]}}],"collection":[{"href":"https:\/\/www.europesays.com\/pl\/wp-json\/wp\/v2\/posts"}],"about":[{"href":"https:\/\/www.europesays.com\/pl\/wp-json\/wp\/v2\/types\/post"}],"author":[{"embeddable":true,"href":"https:\/\/www.europesays.com\/pl\/wp-json\/wp\/v2\/users\/2"}],"replies":[{"embeddable":true,"href":"https:\/\/www.europesays.com\/pl\/wp-json\/wp\/v2\/comments?post=513994"}],"version-history":[{"count":0,"href":"https:\/\/www.europesays.com\/pl\/wp-json\/wp\/v2\/posts\/513994\/revisions"}],"wp:featuredmedia":[{"embeddable":true,"href":"https:\/\/www.europesays.com\/pl\/wp-json\/wp\/v2\/media\/513995"}],"wp:attachment":[{"href":"https:\/\/www.europesays.com\/pl\/wp-json\/wp\/v2\/media?parent=513994"}],"wp:term":[{"taxonomy":"category","embeddable":true,"href":"https:\/\/www.europesays.com\/pl\/wp-json\/wp\/v2\/categories?post=513994"},{"taxonomy":"post_tag","embeddable":true,"href":"https:\/\/www.europesays.com\/pl\/wp-json\/wp\/v2\/tags?post=513994"}],"curies":[{"name":"wp","href":"https:\/\/api.w.org\/{rel}","templated":true}]}}