{"id":514072,"date":"2026-06-24T13:49:10","date_gmt":"2026-06-24T13:49:10","guid":{"rendered":"https:\/\/www.europesays.com\/pl\/514072\/"},"modified":"2026-06-24T13:49:10","modified_gmt":"2026-06-24T13:49:10","slug":"karol-nawrocki-opublikowal-osobisty-wpis-nawiazal-do-rodziny","status":"publish","type":"post","link":"https:\/\/www.europesays.com\/pl\/514072\/","title":{"rendered":"Karol Nawrocki opublikowa\u0142 osobisty wpis. Nawi\u0105za\u0142 do rodziny"},"content":{"rendered":"<p itemprop=\"description\">We wtorek, 23 czerwca obchodzili\u015bmy Dzie\u0144 Ojca. Z tej okazji prezydent Karol Nawrocki opublikowa\u0142 w mediach spo\u0142eczno\u015bciowych osobisty wpis. Wspomnia\u0142 o swojej rodzinie i roli nie tylko ojca, ale tak\u017ce m\u0119\u017ca. Do wpisu do\u0142\u0105czy\u0142 archiwalne zdj\u0119cie z dzieci\u0144stwa.<\/p>\n<p>    <img decoding=\"async\" src=\"https:\/\/www.europesays.com\/pl\/wp-content\/uploads\/2026\/06\/karol-nawrocki-w-osobistym-wyznaniu-prezydent-mowi-o-swojej-rodzinie.jpg\" data-action=\"load-&gt;publisher-image-placeholder#load error-&gt;publisher-image-placeholder#error\" data-publisher-image-placeholder-target=\"image\" width=\"1200\" height=\"800\" alt=\"Karol Nawrocki w osobistym wyznaniu. Prezydent m\u00f3wi o swojej rodzinie\" class=\"publisher-image__img\" fetchpriority=\"high\" loading=\"eager\"\/><\/p>\n<p class=\"copyright\">Mateusz Kotowicz\/REPORTER<\/p>\n<p>Karol Nawrocki uczci\u0142 Dzie\u0144 Ojca bardzo prywatnym akcentem. Opublikowa\u0142 w mediach spo\u0142eczno\u015bciowych osobisty wpis i do\u0142\u0105czy\u0142 zdj\u0119cie z dzieci\u0144stwa. Na fotografii wida\u0107 go jako ch\u0142opca u boku taty, Ryszarda. Prezydent Polski zaznaczy\u0142 przy tym, jak wa\u017cna jest rola ojca i dlaczego w jego podej\u015bciu do rodziny nie ma miejsca na kalkulacje.<\/p>\n<p>            <img decoding=\"async\" alt=\"player placeholder\" class=\"player-graybox\" src=\"data:image\/png;base64,iVBORw0KGgoAAAANSUhEUgAAAoAAAAFoCAIAAABIUN0GAAAACXBIWXMAAA7EAAAOxAGVKw4bAAAEf0lEQVR42u3VMQEAIADDsIJ\/jdOCC65EQp+ebQEAf10JAMCAAcCAAQADBgADBgAMGAAMGAAwYAAwYADAgAHAgAHAgAEAAwYAAwYADBgADBgAMGAAMGAAwIABwIABwIABAAMGAAMGAAwYAAwYADBgADBgAMCAAcCAAcCAAQADBgADBgAMGAAMGAAwYAAwYADAgAHAgAHAgAEAAwYAAwYADBgADBgAMGAAMGAAwIABwIABwIABAAMGAAMGAAwYAAwYADBgADBgAMCAAcCAAcCAAQADBgADBgAMGAAMGAAwYAAwYADAgAHAgAHAgAEAAwYAAwYADBgADBgAMGAAMGAAwIABwIABwIABAAMGAAMGAAwYAAwYADBgADBgAMCAAcCAAcCAAQADBgADBgAMGAAMGAAwYAAwYADAgAHAgAEAAwYAAwYAAwYADBgADBgAMGAAMGAAwIABwIABAAMGAAMGAAMGAAwYAAwYADBgADBgAMCAAcCAAQADBgADBgADBgAMGAAMGAAwYAAwYADAgAHAgAEAAwYAAwYAAwYADBgADBgAMGAAMGAAwIABwIABAAMGAAMGAAMGAAwYAAwYADBgADBgAMCAAcCAAQADBgADBgADBgAMGAAMGAAwYAAwYADAgAHAgAEAAwYAAwYAAwYADBgADBgAMGAAMGAAwIABwIABAAMGAAMGAAMGAAwYAAwYADBgADBgAMCAAcCAAQADBgADBgADBgAMGAAMGAAwYAAwYADAgAHAgAEAAwYAAwYADBgADBgADBgAMGAAMGAAwIABwIABAAMGAAMGAAwYAAwYAAwYADBgADBgAMCAAcCAAQADBgADBgAMGAAMGAAMGAAwYAAwYADAgAHAgAEAAwYAAwYADBgADBgADBgAMGAAMGAAwIABwIABAAMGAAMGAAwYAAwYAAwYADBgADBgAMCAAcCAAQADBgADBgAMGAAMGAAMGAAwYAAwYADAgAHAgAEAAwYAAwYADBgADBgADBgAMGAAMGAAwIABwIABAAMGAAMGAAwYAAwYAAwYADBgADBgAMCAAcCAAQADBgADBgAMGAAMGAAMGAAwYAAwYADAgAHAgAEAAwYAAwYADBgADBgADFgCADBgADBgAMCAAcCAAQADBgADBgAMGAAMGAAwYAAwYAAwYADAgAHAgAEAAwYAAwYADBgADBgAMGAAMGAAMGAAwIABwIABAAMGAAMGAAwYAAwYADBgADBgADBgAMCAAcCAAQADBgADBgAMGAAMGAAwYAAwYAAwYADAgAHAgAEAAwYAAwYADBgADBgAMGAAMGAAMGAAwIABwIABAAMGAAMGAAwYAAwYADBgADBgADBgAMCAAcCAAQADBgADBgAMGAAMGAAwYAAwYAAwYADAgAHAgAEAAwYAAwYADBgADBgAMGAAMGAAMGAAwIABwIABAAMGAAMGAAwYAAwYADBgADBgADBgAMCAAcCAAQADBgADBgAMGAAMGAAwYAAwYADAgAHAgAHAgAEAAwYAAwYADBgADBgAMGAAMGAAoOoBvh0FaqwwF9kAAAAASUVORK5CYII=\"\/><\/p>\n<p>Karol Nawrocki opublikowa\u0142 archiwalne zdj\u0119cie z dzieci\u0144stwa<\/p>\n<p>W dniu, gdy Internet tradycyjnie zalewa fala rodzinnych kadr\u00f3w, Karol Nawrocki postawi\u0142 na prosty, ale mocny przekaz. Pokaza\u0142 fotografi\u0119 z dzieci\u0144stwa z ojcem i tym jednym ruchem przeni\u00f3s\u0142 dyskusj\u0119 z poziomu oficjalnych \u017cycze\u0144 na bardziej osobisty grunt.<\/p>\n<p>Rola ojca w \u017cyciu ka\u017cdego cz\u0142owieka jest fundamentalna<br \/>&#8211;\u00a0rozpocz\u0105\u0142 wpis prezydent RP.<\/p>\n<p>W swoim wpisie Nawrocki podkre\u015bli\u0142, \u017ce wcze\u015bnie zosta\u0142 m\u0119\u017cem i ojcem. Zaznaczy\u0142 te\u017c, \u017ce nigdy nie rozpatrywa\u0142 rodziny w kategoriach op\u0142acalno\u015bci, tylko traktowa\u0142 j\u0105 jako co\u015b, czego chce i co jest dla niego naturalnym wyborem. Najmocniej wybrzmiewa jednak to, jak nazywa sam\u0105 rol\u0119 ojca: jako obowi\u0105zek, a nie opcj\u0119.<\/p>\n<p>W m\u0142odym wieku zosta\u0142em m\u0119\u017cem i ojcem. Nigdy nie kalkulowa\u0142em, czy rodzina mi si\u0119 \u201eop\u0142aci\u201d. Zawsze tego chcia\u0142em i wiedzia\u0142em jedno: bycie ojcem to m\u00f3j obowi\u0105zek. Z okazji Dnia Ojca sk\u0142adam wszystkim Tatom najserdeczniejsze \u017cyczenia. \u017bycz\u0119 Wam zdrowia, niespo\u017cytej energii oraz niez\u0142omnej wytrwa\u0142o\u015bci w tej wyj\u0105tkowej roli!<br \/>&#8211;\u00a0przekaza\u0142 Karol Nawrocki.<\/p>\n<p>Warto przypomnie\u0107, \u017ce niedawno pisali\u015bmy o nie\u0142atwej historii prezydenta RP i jego rodziny. Nie wszyscy wiedz\u0105, \u017ce <a href=\"https:\/\/party.pl\/newsy\/prezydent-karol-nawrocki-przez-lata-nie-widywal-ojca-tak-mowil-o-ich-relacji\/\" rel=\"nofollow noopener\" target=\"_blank\">Karol Nawrocki przez lata nie widywa\u0142 swojego ojca<\/a>.<\/p>\n<p>Karol Nawrocki wspomina ojca<\/p>\n<p>Na zdj\u0119ciu Nawrocki jest z ojcem Ryszardem. W materiale podano, \u017ce by\u0142 on tokarzem oraz opozycjonist\u0105 w okresie PRL. Ten detal od razu dopowiada szerszy kontekst rodzinny, bez wchodzenia w sensacj\u0119 czy wielkie deklaracje. To raczej przypomnienie, \u017ce rodzinne historie maj\u0105 swoje drugie dno, czyli codzienn\u0105 prac\u0119, twarde realia i do\u015bwiadczenia, kt\u00f3re zostaj\u0105 z cz\u0142owiekiem na d\u0142ugo.<\/p>\n<p>W 2005 r. Karol Nawrocki zwi\u0105za\u0142 si\u0119 z Mart\u0105 Nawrock\u0105 z domu Smole\u0144, a pi\u0119\u0107 lat p\u00f3\u017aniej para wzi\u0119\u0142a \u015blub. Wsp\u00f3lnie wychowuj\u0105 troje dzieci: Antoniego, urodzonego w 2010 r., Katarzyn\u0119, kt\u00f3ra przysz\u0142a na \u015bwiat osiem lat p\u00f3\u017aniej, oraz Daniela, adoptowanego syna \u017cony z poprzedniego zwi\u0105zku.<\/p>\n<p>Zobacz tak\u017ce:<\/p>\n<p>\u00a0<\/p>\n","protected":false},"excerpt":{"rendered":"We wtorek, 23 czerwca obchodzili\u015bmy Dzie\u0144 Ojca. Z tej okazji prezydent Karol Nawrocki opublikowa\u0142 w mediach spo\u0142eczno\u015bciowych osobisty&hellip;\n","protected":false},"author":2,"featured_media":514073,"comment_status":"","ping_status":"","sticky":false,"template":"","format":"standard","meta":{"footnotes":"","_share_on_mastodon":"0"},"categories":[62712],"tags":[32,100248,509,8504,690,1005,100247],"class_list":["post-514072","post","type-post","status-publish","format-standard","has-post-thumbnail","category-karol-nawrocki","tag-breaking-news","tag-dzieu0144-ojca","tag-gwiazdy","tag-instagram","tag-karol-nawrocki","tag-prezydent","tag-zdju0119cia-gwiazd"],"share_on_mastodon":{"url":"https:\/\/pubeurope.com\/@pl\/116805407493254706","error":""},"_links":{"self":[{"href":"https:\/\/www.europesays.com\/pl\/wp-json\/wp\/v2\/posts\/514072","targetHints":{"allow":["GET"]}}],"collection":[{"href":"https:\/\/www.europesays.com\/pl\/wp-json\/wp\/v2\/posts"}],"about":[{"href":"https:\/\/www.europesays.com\/pl\/wp-json\/wp\/v2\/types\/post"}],"author":[{"embeddable":true,"href":"https:\/\/www.europesays.com\/pl\/wp-json\/wp\/v2\/users\/2"}],"replies":[{"embeddable":true,"href":"https:\/\/www.europesays.com\/pl\/wp-json\/wp\/v2\/comments?post=514072"}],"version-history":[{"count":0,"href":"https:\/\/www.europesays.com\/pl\/wp-json\/wp\/v2\/posts\/514072\/revisions"}],"wp:featuredmedia":[{"embeddable":true,"href":"https:\/\/www.europesays.com\/pl\/wp-json\/wp\/v2\/media\/514073"}],"wp:attachment":[{"href":"https:\/\/www.europesays.com\/pl\/wp-json\/wp\/v2\/media?parent=514072"}],"wp:term":[{"taxonomy":"category","embeddable":true,"href":"https:\/\/www.europesays.com\/pl\/wp-json\/wp\/v2\/categories?post=514072"},{"taxonomy":"post_tag","embeddable":true,"href":"https:\/\/www.europesays.com\/pl\/wp-json\/wp\/v2\/tags?post=514072"}],"curies":[{"name":"wp","href":"https:\/\/api.w.org\/{rel}","templated":true}]}}