{"id":514121,"date":"2026-06-24T14:23:11","date_gmt":"2026-06-24T14:23:11","guid":{"rendered":"https:\/\/www.europesays.com\/pl\/514121\/"},"modified":"2026-06-24T14:23:11","modified_gmt":"2026-06-24T14:23:11","slug":"male-miasto-wielkie-talenty-projekt-kulturalny-orlen-zakonczyl-sie-sukcesem","status":"publish","type":"post","link":"https:\/\/www.europesays.com\/pl\/514121\/","title":{"rendered":"Ma\u0142e miasto, wielkie talenty. Projekt Kulturalny ORLEN zako\u0144czy\u0142 si\u0119 sukcesem"},"content":{"rendered":"<p class=\"news__lead\">Przez osiem miesi\u0119cy dzieci i m\u0142odzie\u017c z Gminy Korsze rozwija\u0142y swoje talenty w ramach projektu \u201ePoznajemy r\u00f3\u017cne kultury\u201d, realizowanego przez Miejski O\u015brodek Kultury w Korszach dzi\u0119ki wsparciu Fundacji ORLEN im. Ignacego \u0141ukasiewicza w ramach programu Kulturalny ORLEN. <\/p>\n<p>Projekt rozpocz\u0105\u0142 si\u0119 w pa\u017adzierniku 2025 roku. W tym czasie uczestnicy brali udzia\u0142 w regularnych zaj\u0119ciach\u00a0breakdance, ta\u0144ca\u00a0hip-hop, warsztatach teatralnych, wokalnych i plastycznych. By\u0142y to setki godzin zaj\u0119\u0107 prowadzonych przez do\u015bwiadczonych instruktor\u00f3w, podczas kt\u00f3rych dzieci i m\u0142odzie\u017c rozwija\u0142y swoje pasje, zdobywa\u0142y nowe umiej\u0119tno\u015bci i budowa\u0142y pewno\u015b\u0107 siebie. Do projektu do\u0142\u0105cza\u0142y r\u00f3wnie\u017c nowe osoby, kt\u00f3re w kr\u00f3tkim czasie wykona\u0142y ogromny post\u0119p artystyczny.\u00a0<\/p>\n<p>Zwie\u0144czeniem dzia\u0142a\u0144 by\u0142o interdyscyplinarne widowisko\u00a0\u201ePoznajemy r\u00f3\u017cne kultury\u201d, \u0142\u0105cz\u0105ce teatr, taniec, \u015bpiew, dzia\u0142ania plastyczne oraz projekcje multimedialne. Na scenie wyst\u0105pi\u0142o 30 m\u0142odych wykonawc\u00f3w, kt\u00f3rzy zabrali widz\u00f3w w podr\u00f3\u017c przez r\u00f3\u017cne kultury \u015bwiata.\u00a0<\/p>\n<p>Dzie\u0144 premiery, 16 czerwca 2026 roku, by\u0142 wyj\u0105tkowy. Spektakl zosta\u0142 zaprezentowany a\u017c trzykrotnie. W godzinach przedpo\u0142udniowych odby\u0142y si\u0119 dwa pokazy dla dzieci z\u00a0Przedszkola Miejskiego w Korszach\u00a0oraz uczni\u00f3w\u00a0Szko\u0142y Podstawowej im. Marii Konopnickiej w Korszach. Wieczorem odby\u0142a si\u0119 uroczysta premiera dla mieszka\u0144c\u00f3w, rodzin uczestnik\u00f3w oraz zaproszonych go\u015bci.\u00a0<\/p>\n<p>Sala widowiskowa Miejskiego O\u015brodka Kultury w Korszach wype\u0142ni\u0142a si\u0119 po brzegi. W\u015br\u00f3d go\u015bci obecni byli m.in.\u00a0Burmistrz Korsz Jan Adamowicz\u00a0oraz\u00a0Sekretarz Gminy Ewa\u00a0Wronisz. Publiczno\u015b\u0107 nagrodzi\u0142a m\u0142odych artyst\u00f3w owacjami na stoj\u0105co, kt\u00f3re by\u0142y najpi\u0119kniejszym podsumowaniem o\u015bmiu miesi\u0119cy pracy.\u00a0<\/p>\n<p>Projekt nie zako\u0144czy\u0142 si\u0119 jednak wraz z premier\u0105. W dniach\u00a017\u201319 czerwca 2026 roku\u00a0uczestnicy wzi\u0119li udzia\u0142 w wyje\u017adzie do Moniek. Widowisko \u201ePoznajemy r\u00f3\u017cne kultury\u201d zosta\u0142o zaprezentowane w\u00a0Mediatece\u00a0w Mo\u0144kach, a jego odbiorcami by\u0142y dzieci z przedszkoli oraz uczniowie szk\u00f3\u0142 z terenu gminy Mo\u0144ki. Spektakl zosta\u0142 bardzo ciep\u0142o przyj\u0119ty przez publiczno\u015b\u0107, kt\u00f3ra z du\u017cym zainteresowaniem \u015bledzi\u0142a artystyczn\u0105 podr\u00f3\u017c przez r\u00f3\u017cne kultury \u015bwiata.\u00a0<\/p>\n<p>Pobyt w Mo\u0144kach by\u0142 jednak czym\u015b wi\u0119cej ni\u017c tylko prezentacj\u0105 spektaklu. We wsp\u00f3\u0142pracy z\u00a0Monieckim O\u015brodkiem Kultury\u00a0zorganizowano warsztaty rozwijaj\u0105ce talenty oraz dzia\u0142ania integracyjne dla m\u0142odzie\u017cy z Korsz i Moniek. Wa\u017cnym elementem wyjazdu by\u0142o r\u00f3wnie\u017c wsp\u00f3lne ognisko integracyjne, kt\u00f3re pozwoli\u0142o uczestnikom wyjazdy nawi\u0105za\u0107 relacje z m\u0142odzie\u017c\u0105 z Moniek.\u00a0<\/p>\n<p>Serdeczne podzi\u0119kowania kierujemy do\u00a0Dariusza Gwiazdy \u2013 Dyrektora Monieckiego O\u015brodka Kultury\u00a0za wsp\u00f3\u0142prac\u0119, \u017cyczliwe przyj\u0119cie oraz pomoc organizacyjn\u0105 przy realizacji wyjazdu.\u00a0<\/p>\n<p>Na zako\u0144czenie pobytu uczestnicy odwiedzili r\u00f3wnie\u017c\u00a0Bia\u0142ystok, gdzie zwiedzili Pa\u0142ac Branickich oraz zabytkow\u0105 cz\u0119\u015b\u0107 miasta.\u00a0<\/p>\n<p>Za sukces projektu odpowiada zesp\u00f3\u0142 instruktor\u00f3w:\u00a0Jaros\u0142aw Olejnik, Katarzyna\u00a0\u017bwiere\u0142\u0142o, Dominika\u00a0Tami\u0142a, Robert\u00a0Grynis\u00a0oraz Martyna\u00a0Matyjasek, kt\u00f3rzy przez wiele miesi\u0119cy rozwijali talenty m\u0142odych uczestnik\u00f3w.\u00a0<\/p>\n<p>Pomys\u0142odawc\u0105 i koordynatorem projektu by\u0142\u00a0Piotr Fr\u0105ckiewicz \u2013 Dyrektor Miejskiego O\u015brodka Kultury w Korszach, autor koncepcji przedsi\u0119wzi\u0119cia oraz wniosku konkursowego do programu Kulturalny ORLEN.\u00a0<\/p>\n<p>Projekt \u201ePoznajemy r\u00f3\u017cne kultury\u201d udowodni\u0142, \u017ce r\u00f3wnie\u017c w ma\u0142ych miejscowo\u015bciach mo\u017cna realizowa\u0107 ambitne przedsi\u0119wzi\u0119cia kulturalne. Najwa\u017cniejszym efektem nie jest jednak sam spektakl, ale m\u0142odzi ludzie, kt\u00f3rzy dzi\u0119ki projektowi odkryli swoje talenty, zdobyli nowe do\u015bwiadczenia i uwierzyli we w\u0142asne mo\u017cliwo\u015bci.<\/p>\n<p>                                                                                                                                                                                                        ]]><\/p>\n","protected":false},"excerpt":{"rendered":"Przez osiem miesi\u0119cy dzieci i m\u0142odzie\u017c z Gminy Korsze rozwija\u0142y swoje talenty w ramach projektu \u201ePoznajemy r\u00f3\u017cne kultury\u201d,&hellip;\n","protected":false},"author":2,"featured_media":514122,"comment_status":"","ping_status":"","sticky":false,"template":"","format":"standard","meta":{"footnotes":"","_share_on_mastodon":"0"},"categories":[52097],"tags":[10556,100251,27253,1158,2948,774,42,38,40,39,41],"class_list":["post-514121","post","type-post","status-publish","format-standard","has-post-thumbnail","category-orlen","tag-dyrektor","tag-jaroslaw-olejnik","tag-korsze","tag-media","tag-olsztyn","tag-orlen","tag-pl","tag-poland","tag-polish","tag-polska","tag-polski"],"share_on_mastodon":{"url":"https:\/\/pubeurope.com\/@pl\/116805540622107726","error":""},"_links":{"self":[{"href":"https:\/\/www.europesays.com\/pl\/wp-json\/wp\/v2\/posts\/514121","targetHints":{"allow":["GET"]}}],"collection":[{"href":"https:\/\/www.europesays.com\/pl\/wp-json\/wp\/v2\/posts"}],"about":[{"href":"https:\/\/www.europesays.com\/pl\/wp-json\/wp\/v2\/types\/post"}],"author":[{"embeddable":true,"href":"https:\/\/www.europesays.com\/pl\/wp-json\/wp\/v2\/users\/2"}],"replies":[{"embeddable":true,"href":"https:\/\/www.europesays.com\/pl\/wp-json\/wp\/v2\/comments?post=514121"}],"version-history":[{"count":0,"href":"https:\/\/www.europesays.com\/pl\/wp-json\/wp\/v2\/posts\/514121\/revisions"}],"wp:featuredmedia":[{"embeddable":true,"href":"https:\/\/www.europesays.com\/pl\/wp-json\/wp\/v2\/media\/514122"}],"wp:attachment":[{"href":"https:\/\/www.europesays.com\/pl\/wp-json\/wp\/v2\/media?parent=514121"}],"wp:term":[{"taxonomy":"category","embeddable":true,"href":"https:\/\/www.europesays.com\/pl\/wp-json\/wp\/v2\/categories?post=514121"},{"taxonomy":"post_tag","embeddable":true,"href":"https:\/\/www.europesays.com\/pl\/wp-json\/wp\/v2\/tags?post=514121"}],"curies":[{"name":"wp","href":"https:\/\/api.w.org\/{rel}","templated":true}]}}