{"id":514394,"date":"2026-06-24T17:03:11","date_gmt":"2026-06-24T17:03:11","guid":{"rendered":"https:\/\/www.europesays.com\/pl\/514394\/"},"modified":"2026-06-24T17:03:11","modified_gmt":"2026-06-24T17:03:11","slug":"szef-nato-doradcy-trumpa-pracuja-nad-planem-pokojowym-dla-ukrainy","status":"publish","type":"post","link":"https:\/\/www.europesays.com\/pl\/514394\/","title":{"rendered":"Szef NATO: doradcy Trumpa pracuj\u0105 nad planem pokojowym dla Ukrainy"},"content":{"rendered":"<p>We wtorkowym wywiadzie dla stacji Fox News Rutte wymieni\u0142 sekretarza stanu USA Marco Rubio, specjalnego wys\u0142annika Steve\u2019a Witkoffa oraz doradc\u0119 prezydenta Jareda Kushnera jako osoby zaanga\u017cowane w dzia\u0142ania dyplomatyczne maj\u0105ce na celu zako\u0144czenie pe\u0142nej inwazji Rosji na Ukrain\u0119.<\/p>\n<p>Podczas wywiadu w programie &#8222;Special Report&#8221; (ang. &#8222;Raport specjalny&#8221;) Rutte pochwali\u0142 r\u00f3wnie\u017c decyzje Trumpa w zakresie polityki zagranicznej, w szczeg\u00f3lno\u015bci ostatnie dzia\u0142ania USA wymierzone w ira\u0144ski program j\u0105drowy.<\/p>\n<p>&#8222;Uwa\u017cam, \u017ce prezydent robi dok\u0142adnie to, co jest konieczne, os\u0142abiaj\u0105c potencja\u0142 j\u0105drowy Iranu&#8221; \u2014 stwierdzi\u0142 szef NATO.<\/p>\n<p>&#8222;Potraficie sobie wyobrazi\u0107, co by by\u0142o, gdyby Iran wszed\u0142 w posiadanie broni j\u0105drowej? To kraj eksportuj\u0105cy chaos. To kraj eksportuj\u0105cy terroryzm. To by\u0142oby katastrofalne dla regionu i dla ca\u0142ego \u015bwiata \u2014 doda\u0142.<\/p>\n<p>Rutte argumentowa\u0142, \u017ce przyw\u00f3dztwo Trumpa przyczyni\u0142o si\u0119 do wzmocnienia zobowi\u0105za\u0144 obronnych w ramach NATO i zach\u0119ci\u0142o pa\u0144stwa cz\u0142onkowskie do zwi\u0119kszenia wydatk\u00f3w na wojsko.<\/p>\n<p>&#8222;Kiedy spojrzy si\u0119 na kwoty, jakie kraje NATO obecnie inwestuj\u0105 we w\u0142asn\u0105 obron\u0119, s\u0105 one osza\u0142amiaj\u0105ce&#8221; \u2014 powiedzia\u0142 w rozmowie z Fox News.<\/p>\n<p> Dalszy ci\u0105g artyku\u0142u pod materia\u0142em wideo Napi\u0119cia w NATO<\/p>\n<p>Wypowied\u017a Rutte&#8217;a pojawi\u0142a si\u0119 po tym, jak Trump skrytykowa\u0142 sojusznik\u00f3w z NATO za to, co okre\u015bli\u0142 jako niewystarczaj\u0105ce wsparcie dla Stan\u00f3w Zjednoczonych [podczas wywo\u0142anego przez niego i Izrael konfliktu w Iranie].<\/p>\n<p>\u2014 Wydajemy na NATO szalone kwoty, a oni nas nie wsparli \u2014 powiedzia\u0142 Trump w poniedzia\u0142ek.<\/p>\n<p>Odpowiadaj\u0105c na te uwagi, Rutte stwierdzi\u0142, \u017ce rozumie frustracj\u0119 Trumpa, ale argumentowa\u0142, \u017ce sojusznicy z NATO zapewnili znacz\u0105ce wsparcie dla ameryka\u0144skich operacji wojskowych.<\/p>\n<p>Zaznaczy\u0142, \u017ce podczas operacji Epicka Furia [rozpoczynaj\u0105cej inwazj\u0119 na Iran] oko\u0142o 500 ameryka\u0144skich samolot\u00f3w korzysta\u0142o z w\u0142oskich baz, a Rumunia dostosowa\u0142a cywilne operacje lotnicze, aby wesprze\u0107 ameryka\u0144sk\u0105 logistyk\u0119 wojskow\u0105.<\/p>\n<p>Rutte doda\u0142 r\u00f3wnie\u017c, \u017ce europejscy sojusznicy nadal pomagaj\u0105 w zabezpieczaniu cie\u015bniny Ormuz. &#8222;Widzimy teraz, jak pot\u0119\u017cni europejscy sojusznicy rozmieszczaj\u0105 swoje si\u0142y w pobli\u017cu cie\u015bniny, aby m\u00f3c pom\u00f3c na przyk\u0142ad w rozminowywaniu&#8221; \u2014 powiedzia\u0142.<\/p>\n","protected":false},"excerpt":{"rendered":"We wtorkowym wywiadzie dla stacji Fox News Rutte wymieni\u0142 sekretarza stanu USA Marco Rubio, specjalnego wys\u0142annika Steve\u2019a Witkoffa&hellip;\n","protected":false},"author":2,"featured_media":514395,"comment_status":"","ping_status":"","sticky":false,"template":"","format":"standard","meta":{"footnotes":"","_share_on_mastodon":"0"},"categories":[14],"tags":[61195,32,33,44,27,34,35,13445,28,31,48,160,25,46,40,41,47,80,29,30,415,26,82,83,84],"class_list":["post-514394","post","type-post","status-publish","format-standard","has-post-thumbnail","category-swiat","tag-bottomfeed_styl","tag-breaking-news","tag-breakingnews","tag-donald_trump","tag-headlines","tag-latest-news","tag-latestnews","tag-mark_rutte","tag-naglowki","tag-najwazniejsze-artykuly","tag-nat_styl","tag-nato","tag-news","tag-omp","tag-polish","tag-polski","tag-screening_general","tag-swiat","tag-top-stories","tag-topstories","tag-ukraina","tag-wiadomosci","tag-world","tag-world-news","tag-worldnews"],"share_on_mastodon":{"url":"https:\/\/pubeurope.com\/@pl\/116806169874654231","error":""},"_links":{"self":[{"href":"https:\/\/www.europesays.com\/pl\/wp-json\/wp\/v2\/posts\/514394","targetHints":{"allow":["GET"]}}],"collection":[{"href":"https:\/\/www.europesays.com\/pl\/wp-json\/wp\/v2\/posts"}],"about":[{"href":"https:\/\/www.europesays.com\/pl\/wp-json\/wp\/v2\/types\/post"}],"author":[{"embeddable":true,"href":"https:\/\/www.europesays.com\/pl\/wp-json\/wp\/v2\/users\/2"}],"replies":[{"embeddable":true,"href":"https:\/\/www.europesays.com\/pl\/wp-json\/wp\/v2\/comments?post=514394"}],"version-history":[{"count":0,"href":"https:\/\/www.europesays.com\/pl\/wp-json\/wp\/v2\/posts\/514394\/revisions"}],"wp:featuredmedia":[{"embeddable":true,"href":"https:\/\/www.europesays.com\/pl\/wp-json\/wp\/v2\/media\/514395"}],"wp:attachment":[{"href":"https:\/\/www.europesays.com\/pl\/wp-json\/wp\/v2\/media?parent=514394"}],"wp:term":[{"taxonomy":"category","embeddable":true,"href":"https:\/\/www.europesays.com\/pl\/wp-json\/wp\/v2\/categories?post=514394"},{"taxonomy":"post_tag","embeddable":true,"href":"https:\/\/www.europesays.com\/pl\/wp-json\/wp\/v2\/tags?post=514394"}],"curies":[{"name":"wp","href":"https:\/\/api.w.org\/{rel}","templated":true}]}}