{"id":514510,"date":"2026-06-24T18:18:11","date_gmt":"2026-06-24T18:18:11","guid":{"rendered":"https:\/\/www.europesays.com\/pl\/514510\/"},"modified":"2026-06-24T18:18:11","modified_gmt":"2026-06-24T18:18:11","slug":"awaria-na-kolei-pociagi-we-wroclawiu-maja-duze-opoznienia","status":"publish","type":"post","link":"https:\/\/www.europesays.com\/pl\/514510\/","title":{"rendered":"Awaria na kolei. Poci\u0105gi we Wroc\u0142awiu maj\u0105 du\u017ce op\u00f3\u017anienia"},"content":{"rendered":"<p>Powa\u017cne utrudnienia dla pasa\u017cer\u00f3w poci\u0105g\u00f3w kieruj\u0105cych si\u0119 do i z Wroc\u0142awia<\/p>\n<p>\/fot. RW<\/p>\n<p>Na wysoko\u015bci stacji Wroc\u0142aw So\u0142tysowice dosz\u0142o do awarii technicznej poci\u0105gu 66237\/6 POLREGIO w relacji Wroc\u0142aw G\u0142\u00f3wny &#8211; Kluczbork. Mog\u0105 wyst\u0105pi\u0107 utrudnienia dla wielu poci\u0105g\u00f3w we Wroc\u0142awiu. To nie wszystkie problemy na kolei.<\/p>\n<p style=\"text-align: justify;\">Na dolno\u015bl\u0105skiej kolei dosz\u0142o do kilku usterek, przez co wiele poci\u0105g\u00f3w kursuj\u0105cych do Wroc\u0142awia, jak i wyje\u017cd\u017caj\u0105cych ze stolicy Dolnego \u015al\u0105ska, mo\u017ce mie\u0107 op\u00f3\u017anienia. Wi\u0119kszo\u015b\u0107 poci\u0105g\u00f3w poruszaj\u0105cych si\u0119 po trasach, na kt\u00f3rych wyst\u0105pi\u0142y problemy, ma ju\u017c ponad 30 minut op\u00f3\u017anienia. Cz\u0119\u015b\u0107 z po\u0142\u0105cze\u0144 zosta\u0142o odwo\u0142anych do czasu naprawienia usterki.\u00a0<a href=\"https:\/\/portalpasazera.pl\/WynikiWyszukiwania\/ZnajdzPociag?sid=R0FQU0tJ3scc2B09p3fzMe6Ffe9b0TOVscc2FlEguw1z8WuzhbVWltgICqw2rD9eZoFvIgIJk5RoVuL2IGhTiOMskRC5df68KvkO8cQ0BN4ts1UZ3s94K5cZQxUscc2S&amp;p=2\" target=\"_blank\" rel=\"nofollow noopener\">Op\u00f3\u017anienia mo\u017cna \u015bledzi\u0107 tutaj.<\/a><\/p>\n<p>Wroc\u0142aw So\u0142tysowice &#8211; Waroc\u0142aw Swojczyce<\/p>\n<p style=\"text-align: justify;\">Awaria sieci trakcyjnej pomi\u0119dzy stacjami oraz awaria poci\u0105gu POLREGIO na wysoko\u015bci stacji Wroc\u0142aw So\u0142tysowice.<\/p>\n<p>Wroc\u0142aw &#8211; Siechnice &#8211; Jelcz-Laskowice &#8211; Biskupice O\u0142awskie<\/p>\n<p style=\"text-align: justify;\">Usterka sieci trakcyjnej na odcinku: Siechnice- Czernica Wroc\u0142awska. Podr\u00f3\u017cni jad\u0105cy do Jelcza Laskowic jad\u0105 drog\u0105 okr\u0119\u017cn\u0105 przez Wroc\u0142aw Nadodrze, Wroc\u0142aw Wojn\u00f3w.<\/p>\n<p style=\"text-align: justify;\">Na odcinku Siechnice &#8211; Jelcz Laskowice Zosta\u0142a uruchomiona Zast\u0119pcz Komunikacja Autobusowa z pomini\u0119ciem przystanku: Zakrz\u00f3w Kotowice.<\/p>\n<p>Wroc\u0142aw &#8211; Dobrzykowice &#8211; Jelcz-Laskowice<\/p>\n<p style=\"text-align: justify;\">Usterka sieci trakcyjnej na odcinku: Siechnice- Czernica Wroc\u0142awska. Podr\u00f3\u017cni jad\u0105cy do Jelcza Laskowic jad\u0105 drog\u0105 okr\u0119\u017cn\u0105 przez Wroc\u0142aw Nadodrze, Wroc\u0142aw Wojn\u00f3w.<\/p>\n<p style=\"text-align: justify;\">Na odcinku Siechnice &#8211; Jelcz Laskowice Zosta\u0142a uruchomiona Zast\u0119pcz Komunikacja Autobusowa Z pomini\u0119ciem przystanku: Zakrz\u00f3w Kotowice.<\/p>\n<p style=\"text-align: justify;\">Przekazujemy komunikaty Kolei Dolno\u015bl\u0105skich: <\/p>\n<p style=\"text-align: justify;\">&#8211; W dniu dzisiejszym poci\u0105g 69325\/4 relacji Wroc\u0142aw G\u0142\u00f3wny (18:47)-Jelcz-Laskowice (19:37) zosta\u0142 odwo\u0142any bez zast\u0119pczej komunikacji autobusowej.<\/p>\n<p style=\"text-align: justify;\">&#8211; W zwi\u0105zku z przerw\u0105 w ruchu poci\u0105g 69375\/4 relacji Jelcz Laskowice (20:22)-Wroc\u0142aw G\u0142\u00f3wny (21:17) zosta\u0142 odwo\u0142any bez zast\u0119pczej komunikacji autobusowej.<\/p>\n<p style=\"text-align: justify;\">&#8211; W dniu dzisiejszym poci\u0105g 69342 relacji Wroc\u0142aw Nadodrze (18:34)-Dobrzykowice Wrov\u0142awskie (18:54) zosta\u0142 odwo\u0142any.<\/p>\n<p style=\"text-align: justify;\">&#8211; W dniu dzisiejszym poci\u0105g 69393\/2 relacji Dobrzykowice Wroc\u0142awskie (19:45)-Wroc\u0142aw G\u0142\u00f3wny (20:18) zosta\u0142 odwo\u0142any bez zast\u0119pczej komunikacji autobusowej.<\/p>\n<p>Wroc\u0142aw &#8211; Trzebnica<\/p>\n<p style=\"text-align: justify;\">Usterka sieci trakcyjnej, utrudnienia w ruchu. Od godz. 16:04 zamkni\u0119ty tor nr 2 w stacji Wroc\u0142aw So\u0142tysowice &#8211; poci\u0105gi kursuj\u0105ce na szlaku doznaj\u0105 znacznych op\u00f3\u017anie\u0144.<\/p>\n<p>Wroc\u0142aw &#8211; Ole\u015bnica &#8211; Namys\u0142\u00f3w i Wroc\u0142aw &#8211; Ole\u015bnica \u2013 Krotoszyn<\/p>\n<p style=\"text-align: justify;\">Usterka sieci trakcyjnej, utrudnienia w ruchu. Od godz. 16:04 zamkni\u0119ty tor nr 2 w stacji Wroc\u0142aw So\u0142tysowice &#8211; poci\u0105gi kursuj\u0105ce na szlaku doznaj\u0105 znacznych op\u00f3\u017anie\u0144.<\/p>\n","protected":false},"excerpt":{"rendered":"Powa\u017cne utrudnienia dla pasa\u017cer\u00f3w poci\u0105g\u00f3w kieruj\u0105cych si\u0119 do i z Wroc\u0142awia \/fot. RW Na wysoko\u015bci stacji Wroc\u0142aw So\u0142tysowice&hellip;\n","protected":false},"author":2,"featured_media":514511,"comment_status":"","ping_status":"","sticky":false,"template":"","format":"standard","meta":{"footnotes":"","_share_on_mastodon":"0"},"categories":[51607],"tags":[4657,66397,80733,194,34720,9138,42,12015,38,40,39,41,55110,1853,55111],"class_list":["post-514510","post","type-post","status-publish","format-standard","has-post-thumbnail","category-wroclaw","tag-awaria","tag-duze","tag-kolei","tag-maja","tag-na","tag-opoznienia","tag-pl","tag-pociagi","tag-poland","tag-polish","tag-polska","tag-polski","tag-we","tag-wroclaw","tag-wroclawiu"],"share_on_mastodon":{"url":"https:\/\/pubeurope.com\/@pl\/116806464764428708","error":""},"_links":{"self":[{"href":"https:\/\/www.europesays.com\/pl\/wp-json\/wp\/v2\/posts\/514510","targetHints":{"allow":["GET"]}}],"collection":[{"href":"https:\/\/www.europesays.com\/pl\/wp-json\/wp\/v2\/posts"}],"about":[{"href":"https:\/\/www.europesays.com\/pl\/wp-json\/wp\/v2\/types\/post"}],"author":[{"embeddable":true,"href":"https:\/\/www.europesays.com\/pl\/wp-json\/wp\/v2\/users\/2"}],"replies":[{"embeddable":true,"href":"https:\/\/www.europesays.com\/pl\/wp-json\/wp\/v2\/comments?post=514510"}],"version-history":[{"count":0,"href":"https:\/\/www.europesays.com\/pl\/wp-json\/wp\/v2\/posts\/514510\/revisions"}],"wp:featuredmedia":[{"embeddable":true,"href":"https:\/\/www.europesays.com\/pl\/wp-json\/wp\/v2\/media\/514511"}],"wp:attachment":[{"href":"https:\/\/www.europesays.com\/pl\/wp-json\/wp\/v2\/media?parent=514510"}],"wp:term":[{"taxonomy":"category","embeddable":true,"href":"https:\/\/www.europesays.com\/pl\/wp-json\/wp\/v2\/categories?post=514510"},{"taxonomy":"post_tag","embeddable":true,"href":"https:\/\/www.europesays.com\/pl\/wp-json\/wp\/v2\/tags?post=514510"}],"curies":[{"name":"wp","href":"https:\/\/api.w.org\/{rel}","templated":true}]}}