{"id":514914,"date":"2026-06-24T22:44:14","date_gmt":"2026-06-24T22:44:14","guid":{"rendered":"https:\/\/www.europesays.com\/pl\/514914\/"},"modified":"2026-06-24T22:44:14","modified_gmt":"2026-06-24T22:44:14","slug":"z-0-2-na-3-2-polska-pokonuje-belgie-super-nowosci","status":"publish","type":"post","link":"https:\/\/www.europesays.com\/pl\/514914\/","title":{"rendered":"Z 0-2 na 3-2 Polska pokonuje Belgi\u0119 &#8211; Super Nowo\u015bci"},"content":{"rendered":"<p> 0 <img fetchpriority=\"high\" decoding=\"async\" width=\"1024\" height=\"682\" src=\"https:\/\/www.europesays.com\/pl\/wp-content\/uploads\/2026\/06\/pol-1024x682.jpg\" alt=\"\" class=\" penci-lazy wp-image-111357\"  \/>Fot. volleyballworld <\/p>\n<p class=\"has-medium-font-size wp-block-paragraph\">Reprezentacja Polski mimo \u017ce przegrywa\u0142a 0-2 pokona\u0142a Belgi\u0119 po tie-breaku w swoim pierwszym meczu turnieju Ligi Narod\u00f3w w Gliwicach. W czwartek rywalami zespo\u0142u trenera Nikoli Grbicia b\u0119d\u0105 Turcy, w sobot\u0119 Niemcy, za\u015b w niedziel\u0119 Argenty\u0144czycy.<\/p>\n<p class=\"wp-block-paragraph\">SIATK\u00d3WKA. LIGA NAROD\u00d3W<\/p>\n<p class=\"wp-block-paragraph\">Szkoleniowiec Bia\u0142o-Czerwonych bardzo szybko zdecydowa\u0142 si\u0119 na pierwsz\u0105 zmian\u0119 w zespole. Gdy by\u0142o 6:7 zszed\u0142 Aliaksei Nasevich, a na boisku zameldowa\u0142 si\u0119 Bart\u0142omiej Bo\u0142\u0105d\u017a. Reprezentacja Polski w inauguracyjnej ods\u0142onie toczy\u0142a zaci\u0119ty b\u00f3j do po\u0142owy seta (5:5, 11:11, 13:14). Przy stanie 13:16 szkoleniowiec Polski poprosi\u0142 o czas. Po wznowieniu gry jego podopieczni wygrali akcj\u0119, a po chwili dwa razy zmniejszyli straty do punktu (18:19, 19:22). Jednak w ko\u0144c\u00f3wce rywale byli skuteczniejszy. Po tym jak Bart\u0142omiej Lema\u0144ski zepsu\u0142 atak \u015brodkiem, by\u0142o 20:24. Belgowie nie wykorzystali pierwszej pi\u0142ki setowej. Jednak kolejn\u0105 akcj\u0119 Artur Szalpuk tak rozpocz\u0105\u0142, \u017ce pi\u0142ka poszybowa\u0142a w aut.<\/p>\n<p class=\"wp-block-paragraph\">Zupe\u0142nie inaczej wygl\u0105da\u0142a druga ods\u0142ona. Polacy na jej pocz\u0105tku dobrze zagrywali, jak i zdobywali punkty blokiem. Po tym, jak Jakub Nowak popisa\u0142 si\u0119 asem serwisowym, by\u0142o 8:3. Rywale szybko jednak doprowadzili do remisu 10:10. Polska prowadzi\u0142a 20:19, ale ponownie w ko\u0144c\u00f3wce lepsi byli Belgowie. W trzecim secie pierwsi punkt zdobyli Bia\u0142o-C. Potem prowadzili 10:4, 14:8. Tym razem Belgom nie uda\u0142o si\u0119 odrobi\u0107 strat. Polacy doprowadzili do tie-breaka, chocia\u017c czwart\u0105 ods\u0142on\u0119 wygrali dopiero po grze na przewagi (wcze\u015bniej prowadzili 24:20).<\/p>\n<p> <img loading=\"lazy\" decoding=\"async\" width=\"1024\" height=\"682\" src=\"https:\/\/www.europesays.com\/pl\/wp-content\/uploads\/2026\/06\/pol2-1024x682.jpg\" alt=\"\" class=\" penci-lazy wp-image-111359\"  \/>Fot. volleyballworld <\/p>\n<p class=\"wp-block-paragraph\">D\u0142ugo trwa\u0142a zaci\u0119ta walka w ostatniej cz\u0119\u015bci spotkania. Belgowie mieli szans\u0119 wyj\u015b\u0107 na prowadzenie 13:11 ale jej nie wykorzystali i zrobi\u0142o si\u0119 12:12, a po chwili 14:12. Pierwszej okazji do zako\u0144czenia spotkania gospodarze nie wykorzystali, ale w kolejnej akcji dobrym atakiem popisa\u0142 si\u0119 Aleksander \u015aliwka.<\/p>\n<p class=\"wp-block-paragraph\">Przed meczem Polski z Belgi\u0105 rozegrano w Gliwicach dwa spotkania LN: Turcja \u2013 Chiny 3-0, Argentyna \u2013 Niemcy 3-2. W czwartek Bia\u0142o-Czerwoni zmierz\u0105 si\u0119 z Turcj\u0105 (godz. 20). Wcze\u015bniej Chiny zagraj\u0105 z Belgi\u0105 (16.30).<\/p>\n<p class=\"wp-block-paragraph\">Polska \u2013 Belgia 3-2 (21:25, 23:25, 25:19, 28:26, 15:13).<\/p>\n<p class=\"wp-block-paragraph\">Polska: Komenda, \u015aliwka 12, Nowak 14, Nasevich, Szalpuk 17, Lema\u0144ski 1 oraz Granieczny (libero), Bo\u0142\u0105d\u017a 24, Sawicki 1, Gier\u017cot, Jakubiszak 3, Firlej 1, Por\u0119ba 5, Ciunajtis.<\/p>\n<p class=\"wp-block-paragraph\">Belgia: Valkiers 1, Perin 3, D\u2019heer 12, Reggers 34, Rotty 18, Fafchamps 7 oraz Verwimp (libero) , Lantsoght (libero), Baetens, Fransen 3, Plaskie 10, van Hoyweghen, van Genechten 1, Vandecruys.<\/p>\n<p class=\"wp-block-paragraph\">PRZECZYTAJ TE\u017b: <a href=\"https:\/\/supernowosci24.pl\/sport\/siatkowka\/dwoch-resoviakow-w-kadrze-na-turniej-ligi-narodow-w-gliwicach\/\" rel=\"nofollow noopener\" target=\"_blank\">Dw\u00f3ch resoviak\u00f3w w kadrze na turniej Ligi Narod\u00f3w w Gliwicach<\/a><\/p>\n<p> <img loading=\"lazy\" decoding=\"async\" width=\"1024\" height=\"682\" src=\"https:\/\/www.europesays.com\/pl\/wp-content\/uploads\/2026\/06\/pol3-1024x682.jpg\" alt=\"\" class=\" penci-lazy wp-image-111358\"  \/>Fot. volleyballworld   <\/p>\n<p> Mo\u017ce Ci\u0119 zainteresowa\u0107<\/p>\n","protected":false},"excerpt":{"rendered":"0 Fot. volleyballworld Reprezentacja Polski mimo \u017ce przegrywa\u0142a 0-2 pokona\u0142a Belgi\u0119 po tie-breaku w swoim pierwszym meczu turnieju&hellip;\n","protected":false},"author":2,"featured_media":514915,"comment_status":"","ping_status":"","sticky":false,"template":"","format":"standard","meta":{"footnotes":"","_share_on_mastodon":"0"},"categories":[12],"tags":[100415,70055,12614,33631,3159,42,6242,38,40,39,41,15549,66125,51615],"class_list":["post-514914","post","type-post","status-publish","format-standard","has-post-thumbnail","category-polska","tag-artur-szalpuk","tag-asseco-resovia","tag-liga-narodow","tag-mateusz-poreba","tag-nikola-grbic","tag-pl","tag-plusliga","tag-poland","tag-polish","tag-polska","tag-polski","tag-pzps","tag-vnl","tag-volleyball"],"share_on_mastodon":{"url":"https:\/\/pubeurope.com\/@pl\/116807511290975136","error":""},"_links":{"self":[{"href":"https:\/\/www.europesays.com\/pl\/wp-json\/wp\/v2\/posts\/514914","targetHints":{"allow":["GET"]}}],"collection":[{"href":"https:\/\/www.europesays.com\/pl\/wp-json\/wp\/v2\/posts"}],"about":[{"href":"https:\/\/www.europesays.com\/pl\/wp-json\/wp\/v2\/types\/post"}],"author":[{"embeddable":true,"href":"https:\/\/www.europesays.com\/pl\/wp-json\/wp\/v2\/users\/2"}],"replies":[{"embeddable":true,"href":"https:\/\/www.europesays.com\/pl\/wp-json\/wp\/v2\/comments?post=514914"}],"version-history":[{"count":0,"href":"https:\/\/www.europesays.com\/pl\/wp-json\/wp\/v2\/posts\/514914\/revisions"}],"wp:featuredmedia":[{"embeddable":true,"href":"https:\/\/www.europesays.com\/pl\/wp-json\/wp\/v2\/media\/514915"}],"wp:attachment":[{"href":"https:\/\/www.europesays.com\/pl\/wp-json\/wp\/v2\/media?parent=514914"}],"wp:term":[{"taxonomy":"category","embeddable":true,"href":"https:\/\/www.europesays.com\/pl\/wp-json\/wp\/v2\/categories?post=514914"},{"taxonomy":"post_tag","embeddable":true,"href":"https:\/\/www.europesays.com\/pl\/wp-json\/wp\/v2\/tags?post=514914"}],"curies":[{"name":"wp","href":"https:\/\/api.w.org\/{rel}","templated":true}]}}