{"id":514920,"date":"2026-06-24T22:47:12","date_gmt":"2026-06-24T22:47:12","guid":{"rendered":"https:\/\/www.europesays.com\/pl\/514920\/"},"modified":"2026-06-24T22:47:12","modified_gmt":"2026-06-24T22:47:12","slug":"pkp-plk-zbuduje-nowy-przystanek-kolejowy-warszawa-ulrychow","status":"publish","type":"post","link":"https:\/\/www.europesays.com\/pl\/514920\/","title":{"rendered":"PKP PLK zbuduje nowy przystanek kolejowy Warszawa Ulrych\u00f3w"},"content":{"rendered":"<p>Na styku Bemowa i Woli powstanie nowy przystanek Warszawa Ulrych\u00f3w. Polskie Linie Kolejowe podpisa\u0142y umow\u0119 z firm\u0105 Trakcja na zaprojektowanie i budow\u0119 obiektu. Na przystanku b\u0119d\u0105 zatrzymywa\u0107 si\u0119 poci\u0105gi dalekobie\u017cne podczas remontu stacji Warszawa Wschodnia. Warto\u015b\u0107 inwestycji finansowanej z bud\u017cetu wynosi 41 mln z\u0142 netto. <\/p>\n<p>W pierwszym etapie wykonawca \u2013 firma Trakcja \u2013 skoncentruje si\u0119 na przygotowaniu dokumentacji projektowej oraz uzyskaniu niezb\u0119dnych decyzji administracyjnych. Zakres inwestycji, opr\u00f3cz budowy peron\u00f3w, obejmuje m.in. wymian\u0119 rozjazd\u00f3w, przebudow\u0119 sieci trakcyjnej oraz urz\u0105dze\u0144 sterowania ruchem kolejowym. Pierwsi podr\u00f3\u017cni skorzystaj\u0105 z przystanku ju\u017c w grudniu tego roku, jednak prace b\u0119d\u0105 kontynuowane do drugiej po\u0142owy 2027 roku.<\/p>\n<p>Nowy przystanek Warszawa Ulrych\u00f3w b\u0119dzie 49. obiektem z \u201eWarszaw\u0105\u201d w nazwie. Powstanie pod wiaduktem w ci\u0105gu ulicy G\u00f3rczewskiej, co u\u0142atwi dojazd do pobliskich osiedli oraz centrum handlowego Wola Park, a tak\u017ce zapewni wygodne przesiadki z kolei do metra.<\/p>\n<p>Na oba perony prowadzi\u0107 b\u0119d\u0105 m.in. schody i windy, dzi\u0119ki czemu przystanek b\u0119dzie w pe\u0142ni dost\u0119pny dla wszystkich podr\u00f3\u017cnych. Na peronach znajd\u0105 si\u0119 wiaty, \u0142awki, tablice informacyjne oraz system dynamicznej informacji pasa\u017cerskiej.<\/p>\n<p>Przystanek Warszawa Ulrych\u00f3w zostanie przystosowany do obs\u0142ugi poci\u0105g\u00f3w dalekobie\u017cnych, co usprawni komunikacj\u0119 na Warszawskim W\u0119\u017ale Kolejowym, szczeg\u00f3lnie w trakcie prac na linii \u015brednicowej oraz modernizacji stacji Warszawa Wschodnia, kt\u00f3ra rozpocznie si\u0119 r\u00f3wnie\u017c w grudniu br. Koszt inwestycji wynosi 41 mln z\u0142 netto i jest ona finansowana ze \u015brodk\u00f3w bud\u017cetowych.<\/p>\n","protected":false},"excerpt":{"rendered":"Na styku Bemowa i Woli powstanie nowy przystanek Warszawa Ulrych\u00f3w. Polskie Linie Kolejowe podpisa\u0142y umow\u0119 z firm\u0105 Trakcja&hellip;\n","protected":false},"author":2,"featured_media":514921,"comment_status":"","ping_status":"","sticky":false,"template":"","format":"standard","meta":{"footnotes":"","_share_on_mastodon":"0"},"categories":[51605],"tags":[1201,1205,1203,1200,2801,42,38,40,39,41,1202,1204,1206,13314,100416,435,100177],"class_list":["post-514920","post","type-post","status-publish","format-standard","has-post-thumbnail","category-warszawa","tag-intercity","tag-kolej","tag-koleje-mazowieckie","tag-pkp","tag-pkp-plk","tag-pl","tag-poland","tag-polish","tag-polska","tag-polski","tag-przewozy-regionalne","tag-rozklady-jazdy-pkp","tag-rynek-kolejowy","tag-trakcja","tag-trakcja-s-a","tag-warszawa","tag-warszawa-ulrychow"],"share_on_mastodon":{"url":"https:\/\/pubeurope.com\/@pl\/116807522199974795","error":""},"_links":{"self":[{"href":"https:\/\/www.europesays.com\/pl\/wp-json\/wp\/v2\/posts\/514920","targetHints":{"allow":["GET"]}}],"collection":[{"href":"https:\/\/www.europesays.com\/pl\/wp-json\/wp\/v2\/posts"}],"about":[{"href":"https:\/\/www.europesays.com\/pl\/wp-json\/wp\/v2\/types\/post"}],"author":[{"embeddable":true,"href":"https:\/\/www.europesays.com\/pl\/wp-json\/wp\/v2\/users\/2"}],"replies":[{"embeddable":true,"href":"https:\/\/www.europesays.com\/pl\/wp-json\/wp\/v2\/comments?post=514920"}],"version-history":[{"count":0,"href":"https:\/\/www.europesays.com\/pl\/wp-json\/wp\/v2\/posts\/514920\/revisions"}],"wp:featuredmedia":[{"embeddable":true,"href":"https:\/\/www.europesays.com\/pl\/wp-json\/wp\/v2\/media\/514921"}],"wp:attachment":[{"href":"https:\/\/www.europesays.com\/pl\/wp-json\/wp\/v2\/media?parent=514920"}],"wp:term":[{"taxonomy":"category","embeddable":true,"href":"https:\/\/www.europesays.com\/pl\/wp-json\/wp\/v2\/categories?post=514920"},{"taxonomy":"post_tag","embeddable":true,"href":"https:\/\/www.europesays.com\/pl\/wp-json\/wp\/v2\/tags?post=514920"}],"curies":[{"name":"wp","href":"https:\/\/api.w.org\/{rel}","templated":true}]}}