{"id":515023,"date":"2026-06-25T00:12:41","date_gmt":"2026-06-25T00:12:41","guid":{"rendered":"https:\/\/www.europesays.com\/pl\/515023\/"},"modified":"2026-06-25T00:12:41","modified_gmt":"2026-06-25T00:12:41","slug":"fire-light-w-lublinie-dwa-wieczory-ognia-swiatla-i-widowiskowych-pokazow-w-centrum-miasta","status":"publish","type":"post","link":"https:\/\/www.europesays.com\/pl\/515023\/","title":{"rendered":"FIRE &#038; LIGHT w Lublinie. Dwa wieczory ognia, \u015bwiat\u0142a i widowiskowych pokaz\u00f3w w centrum miasta"},"content":{"rendered":"<p data-pm-slice=\"1 1 []\">Lublin stanie si\u0119 miejscem wyj\u0105tkowego spotkania pasjonat\u00f3w ognia, \u015bwiat\u0142a i sztuk performatywnych. Przez dwa dni, 26 i 27 czerwca, mieszka\u0144cy oraz tury\u015bci b\u0119d\u0105 mogli wzi\u0105\u0107 udzia\u0142 w plenerowym mini festiwalu FIRE &amp; LIGHT, kt\u00f3ry wype\u0142ni centrum miasta widowiskow\u0105 energi\u0105, kreatywno\u015bci\u0105 i niezwyk\u0142\u0105 atmosfer\u0105.<\/p>\n<p>G\u0142\u00f3wnym punktem programu b\u0119dzie wielkoformatowy spektakl FIRE &amp; LIGHT, wykorzystuj\u0105cy ogie\u0144, efekty pirotechniczne oraz nowoczesne technologie o\u015bwietleniowe. Organizatorzy zapowiadaj\u0105 wydarzenie, kt\u00f3re po\u0142\u0105czy rozrywk\u0119, sztuk\u0119 uliczn\u0105 i integracj\u0119 \u015brodowiska fireshow oraz flow arts.<\/p>\n<p>Spektakl g\u0142\u00f3wny i otwarta scena ogniowa<\/p>\n<p>Pierwsza ods\u0142ona festiwalu odb\u0119dzie si\u0119 w pi\u0105tek, 26 czerwca. W godzinach 21:00\u201322:00 publiczno\u015b\u0107 zobaczy spektakl g\u0142\u00f3wny FIRE &amp; LIGHT. Pokaz ma by\u0107 efektownym po\u0142\u0105czeniem choreografii, ognia, \u015bwiat\u0142a i pirotechniki.<\/p>\n<p>Drugi dzie\u0144 wydarzenia, sobota 27 czerwca, b\u0119dzie jeszcze bardziej rozbudowany. Jednym z najwa\u017cniejszych punkt\u00f3w programu b\u0119dzie Fire Jam, czyli otwarta scena ogniowa. W godzinach 19:00\u201320:30 zar\u00f3wno pocz\u0105tkuj\u0105cy, jak i do\u015bwiadczeni arty\u015bci stworz\u0105 wsp\u00f3lne widowisko pe\u0142ne energii i spontanicznej ekspresji.<\/p>\n<p>Warsztaty fireshow i flow arts dla uczestnik\u00f3w 16+<\/p>\n<p>W programie znalaz\u0142y si\u0119 r\u00f3wnie\u017c otwarte warsztaty FireStarter na FIRE &amp; LIGHT. Odb\u0119d\u0105 si\u0119 one 27 czerwca w godzinach 14:00\u201317:00 na placu przed Centrum Kultury przy ul. Peowiak\u00f3w w Lublinie.<\/p>\n<p>Zaj\u0119cia skierowane s\u0105 do os\u00f3b powy\u017cej 16. roku \u017cycia, niezale\u017cnie od poziomu zaawansowania. Uczestnicy b\u0119d\u0105 mogli spr\u00f3bowa\u0107 swoich si\u0142 w manipulacji r\u00f3\u017cnorodnymi rekwizytami, pozna\u0107 podstawy fireshow i flow arts oraz wej\u015b\u0107 w \u015brodowisko os\u00f3b zajmuj\u0105cych si\u0119 ta\u0144cem z ogniem i \u015bwiat\u0142em.<\/p>\n<p>Program FIRE &amp; LIGHT w Lublinie<\/p>\n<p>26 czerwca, pi\u0105tek<\/p>\n<p>21:00\u201322:00<br \/>FIRE &amp; LIGHT \u2013 spektakl g\u0142\u00f3wny<\/p>\n<p>27 czerwca, sobota<\/p>\n<p>14:00\u201317:00<br \/>FireStarter na FIRE &amp; LIGHT \u2013 otwarte warsztaty fireshow i flow arts<br \/>Miejsce: plac przed Centrum Kultury przy ul. Peowiak\u00f3w w Lublinie<br \/>Dla os\u00f3b 16+<br \/>Obowi\u0105zuj\u0105 zapisy<\/p>\n<p>19:00\u201320:30<br \/>Fire Jam \u2013 otwarta scena ogniowa<\/p>\n<p>21:00\u201322:00<br \/>FIRE &amp; LIGHT \u2013 spektakl g\u0142\u00f3wny<\/p>\n<p>Na wszystkie wydarzenia obowi\u0105zuje wst\u0119p wolny.<\/p>\n<p>Lublin w blasku ognia i \u015bwiat\u0142a<\/p>\n<p>FIRE &amp; LIGHT to propozycja dla os\u00f3b szukaj\u0105cych niecodziennej plenerowej rozrywki, ale tak\u017ce dla tych, kt\u00f3rzy chc\u0105 pozna\u0107 kulisy sztuki fireshow i flow arts. Festiwal \u0142\u0105czy widowiskowo\u015b\u0107, edukacj\u0119 i integracj\u0119, tworz\u0105c przestrze\u0144 do wsp\u00f3lnego \u015bwi\u0119towania w centrum Lublina.<\/p>\n<p>Przez dwa dni uczestnicy wydarzenia b\u0119d\u0105 mogli zobaczy\u0107 profesjonalne pokazy, wzi\u0105\u0107 udzia\u0142 w warsztatach i do\u015bwiadczy\u0107 atmosfery budowanej przez artyst\u00f3w oraz pasjonat\u00f3w ognia i \u015bwiat\u0142a.<\/p>\n<p>\u0179r\u00f3d\u0142o: Fundacja Sztukmistrze<\/p>\n","protected":false},"excerpt":{"rendered":"Lublin stanie si\u0119 miejscem wyj\u0105tkowego spotkania pasjonat\u00f3w ognia, \u015bwiat\u0142a i sztuk performatywnych. Przez dwa dni, 26 i 27&hellip;\n","protected":false},"author":2,"featured_media":515024,"comment_status":"","ping_status":"","sticky":false,"template":"","format":"standard","meta":{"footnotes":"","_share_on_mastodon":"0"},"categories":[51612],"tags":[100351,100432,100433,100434,100435,1081,42,100436,38,40,39,41,88297],"class_list":["post-515023","post","type-post","status-publish","format-standard","has-post-thumbnail","category-lublin","tag-centrum-kultury-w-lublinie","tag-fire-light","tag-fire-jam","tag-fireshow","tag-flow-arts","tag-lublin","tag-pl","tag-pokaz-ognia","tag-poland","tag-polish","tag-polska","tag-polski","tag-wydarzenia-lublin"],"share_on_mastodon":{"url":"https:\/\/pubeurope.com\/@pl\/116807856694510271","error":""},"_links":{"self":[{"href":"https:\/\/www.europesays.com\/pl\/wp-json\/wp\/v2\/posts\/515023","targetHints":{"allow":["GET"]}}],"collection":[{"href":"https:\/\/www.europesays.com\/pl\/wp-json\/wp\/v2\/posts"}],"about":[{"href":"https:\/\/www.europesays.com\/pl\/wp-json\/wp\/v2\/types\/post"}],"author":[{"embeddable":true,"href":"https:\/\/www.europesays.com\/pl\/wp-json\/wp\/v2\/users\/2"}],"replies":[{"embeddable":true,"href":"https:\/\/www.europesays.com\/pl\/wp-json\/wp\/v2\/comments?post=515023"}],"version-history":[{"count":0,"href":"https:\/\/www.europesays.com\/pl\/wp-json\/wp\/v2\/posts\/515023\/revisions"}],"wp:featuredmedia":[{"embeddable":true,"href":"https:\/\/www.europesays.com\/pl\/wp-json\/wp\/v2\/media\/515024"}],"wp:attachment":[{"href":"https:\/\/www.europesays.com\/pl\/wp-json\/wp\/v2\/media?parent=515023"}],"wp:term":[{"taxonomy":"category","embeddable":true,"href":"https:\/\/www.europesays.com\/pl\/wp-json\/wp\/v2\/categories?post=515023"},{"taxonomy":"post_tag","embeddable":true,"href":"https:\/\/www.europesays.com\/pl\/wp-json\/wp\/v2\/tags?post=515023"}],"curies":[{"name":"wp","href":"https:\/\/api.w.org\/{rel}","templated":true}]}}