{"id":515044,"date":"2026-06-25T00:26:15","date_gmt":"2026-06-25T00:26:15","guid":{"rendered":"https:\/\/www.europesays.com\/pl\/515044\/"},"modified":"2026-06-25T00:26:15","modified_gmt":"2026-06-25T00:26:15","slug":"koniec-marzen-zegnaja-sie-z-mundialem","status":"publish","type":"post","link":"https:\/\/www.europesays.com\/pl\/515044\/","title":{"rendered":"Koniec marze\u0144. \u017begnaj\u0105 si\u0119 z mundialem"},"content":{"rendered":"\n<p class=\"contentpart contentpart--default contentpart--text\" data-position=\"0\">Bo\u015bniacy teoretycznie wci\u0105\u017c nie s\u0105 pewni gry w fazie pucharowej mistrzostw \u015bwiata 2026. Teraz musz\u0105 znale\u017a\u0107 si\u0119 w\u015br\u00f3d o\u015bmiu najlepszych dru\u017cyn z trzecich miejsc z 12. grup mundialu. Na koncie maj\u0105 4 punkty, co wed\u0142ug wcze\u015bniejszych wylicze\u0144 powinno da\u0107 im awans.<\/p>\n<p class=\"contentpart contentpart--default contentpart--text\" data-position=\"1\">Prze\u0142om w meczu nast\u0105pi\u0142 w 29. minucie. 18-letni Kerim Alajbegovic przedar\u0142 si\u0119 mi\u0119dzy rywalami i uderzy\u0142 sprzed pola karnego tak, \u017ce bramkarz Mahmud Abunada nie mia\u0142 szans na interwencj\u0119. Gol nap\u0119dzi\u0142 Bo\u015bni\u0119 i Hercegowin\u0119, a na trybunach dominowali jej kibice.<\/p>\n<p>  <img decoding=\"async\" src=\"https:\/\/v.wpimg.pl\/X3dwLnN2d1IFFTpdYUl6R0ZNbgcnEHQREVV2TGEGbUtRT2MdOlZ2RBQUKABgQjQcDRotCStBd1IAAWMeIlM7VgwYIAorQAdEFFk_GCkQJQ\" alt=\"\" width=\"45\" height=\"58\" loading=\"lazy\"\/>  <\/p>\n<p class=\"contentpart contentpart--default contentpart--text\" data-position=\"2\">Chwil\u0119 p\u00f3\u017aniej europejska dru\u017cyna do\u0142o\u017cy\u0142a drugie trafienie. Po do\u015brodkowaniu kapitana Edina Dzeko, kt\u00f3ry rozgrywa\u0142 150. mecz w kadrze, pi\u0142ka odbi\u0142a si\u0119 od obro\u0144cy i wpad\u0142a do siatki, co zapisano jako gol samob\u00f3jczy.<\/p>\n<p class=\"contentpart contentpart--default contentpart--text\" data-position=\"3\">ZOBACZ WIDEO: Przebudzenie Ronaldo. &#8222;Zamkn\u0105\u0142 usta krytykom&#8221;<\/p>\n<p class=\"contentpart contentpart--default contentpart--text\" data-position=\"5\">Bo\u015bnia i Hercegowina d\u0142ugo kontrolowa\u0142a wydarzenia na boisku. Dzeko m\u00f3g\u0142 jeszcze podwy\u017cszy\u0107 prowadzenie, jednak trafi\u0142 w s\u0142upek. Katar z\u0142apa\u0142 kontakt tu\u017c przed przerw\u0105: Hassan Al-Haydos wyko\u0144czy\u0142 akcj\u0119 z bliskiej odleg\u0142o\u015bci i zmniejszy\u0142 straty, daj\u0105c swojej dru\u017cynie nadziej\u0119 na odwr\u00f3cenie los\u00f3w spotkania.<\/p>\n<p class=\"contentpart contentpart--default contentpart--text\" data-position=\"6\">W ko\u0144c\u00f3wce pierwszej po\u0142owy Katar pr\u00f3bowa\u0142 p\u00f3j\u015b\u0107 za ciosem. Pedro Miguel uderzy\u0142 w s\u0142upek w doliczonym czasie, ale do przerwy wynik nie uleg\u0142 ju\u017c zmianie.<\/p>\n<p>  <img decoding=\"async\" src=\"https:\/\/v.wpimg.pl\/X3dwLnN2d1IFFTpdYUl6R0ZNbgcnEHQREVV2TGEGbUtRT2MdOlZ2RBQUKABgQjQcDRotCStBd1IAAWMeIlM7VgwYIAorQAdEFFk_GCkQJQ\" alt=\"\" width=\"45\" height=\"58\" loading=\"lazy\"\/>  <\/p>\n<p class=\"contentpart contentpart--default contentpart--text\" data-position=\"7\">Po zmianie stron spotkanie zrobi\u0142o si\u0119 nerwowe. Bo\u015bnia i Hercegowina cofn\u0119\u0142a si\u0119 g\u0142\u0119biej, a Katar cz\u0119\u015bciej utrzymywa\u0142 si\u0119 przy pi\u0142ce i naciska\u0142, tak\u017ce po wej\u015bciu Almoeza Alego, kt\u00f3ry jest rekordzist\u0105 kadry pod wzgl\u0119dem liczby bramek. Mimo przewagi w posiadaniu gospodarze nie potrafili jednak stworzy\u0107 klarownych sytuacji.<\/p>\n<p class=\"contentpart contentpart--default contentpart--text\" data-position=\"8\">Decyduj\u0105cy cios zada\u0142 rezerwowy Ermin Mahmic. Na ok. 10 minut przed ko\u0144cem dopad\u0142 do lu\u017anej pi\u0142ki w polu karnym i pokona\u0142 Abunad\u0119, ustalaj\u0105c wynik na 3:1.<\/p>\n<p class=\"contentpart contentpart--default contentpart--text\" data-position=\"9\">Wygrana oznacza, \u017ce Katar ko\u0144czy turniej na dnie tabeli, cho\u0107 ma te\u017c na koncie pierwszy punkt w historii swoich wyst\u0119p\u00f3w na mundialu. Dla Bo\u015bni i Hercegowiny rezultat jest kluczowy w kontek\u015bcie uk\u0142adu tabeli trzecich miejsc i mo\u017cliwego awansu do 1\/16 fina\u0142u.<\/p>\n<p class=\"contentpart contentpart--default contentpart--text\" data-position=\"10\"><a href=\"https:\/\/sportowefakty.wp.pl\/pilka-nozna\/bosnia-i-hercegowina\" rel=\"nofollow noopener\" target=\"_blank\">Bo\u015bnia i Hercegowina<\/a>\u00a0&#8211; <a href=\"https:\/\/sportowefakty.wp.pl\/pilka-nozna\/reprezentacja-kataru\" rel=\"nofollow noopener\" target=\"_blank\">Katar<\/a>\u00a03:1 (2:1)<br \/>1:0 &#8211; Kerim Alajbegovi\u0107 29&#8242;<br \/>2:0 &#8211; Sultan Al-Brake (sam.) 34&#8242;<br \/>2:1 &#8211; Hasan Al-Haydos 42&#8242;<br \/>3:1 &#8211; Ermin Mahmi\u0107 80&#8242;<\/p>\n<p>  <img decoding=\"async\" src=\"https:\/\/v.wpimg.pl\/X3dwLnN2d1IFFTpdYUl6R0ZNbgcnEHQREVV2TGEGbUtRT2MdOlZ2RBQUKABgQjQcDRotCStBd1IAAWMeIlM7VgwYIAorQAdEFFk_GCkQJQ\" alt=\"\" width=\"45\" height=\"58\" loading=\"lazy\"\/>  <\/p>\n<p class=\"contentpart contentpart--default contentpart--text\" data-position=\"11\">Sk\u0142ady:<\/p>\n<p class=\"contentpart contentpart--default contentpart--text\" data-position=\"12\">Bo\u015bnia i Hercegowina: Nikola Vasilj &#8211;\u00a0Stjepan Radelji\u0107,\u00a0Nikola Kati\u0107 (64&#8242; Dennis Hadzikaduni\u0107),\u00a0Arjan Mali\u0107 (46&#8242; Amar Memi\u0107),\u00a0Sead Kolasinac,\u00a0Esmir Bajraktarevi\u0107,\u00a0Ivan Sunji\u0107 (46&#8242; Benjamin Tahirovi\u0107),\u00a0Ivan Basi\u0107,\u00a0Kerim Alajbegovi\u0107 (83&#8242; Dzenis Burni\u0107),\u00a0Ermedin Demirovi\u0107,\u00a0Edin D\u017ceko (64&#8242; Ermin Mahmic).<\/p>\n<p class=\"contentpart contentpart--default contentpart--text\" data-position=\"13\">Katar:\u00a0Mahmud Abunada &#8211; Pedro Miguel, Boualem Khoukhi, Issa Laye, Sultan Al-Brake, Jassem Gaber (46&#8242; Abdulaziz Hatem), Ahmed Fathy (79&#8242; Mohamed Al-Mannai), Karim Boudiaf (72&#8242; Almoez Ali), Hasan Al-Haydos (56&#8242; Ahmed Al-Ganehi), Akram Afif, Edmilson Junior (79&#8242; Ahmed Alaaeldin).<\/p>\n<p class=\"contentpart contentpart--default contentpart--text\" data-position=\"14\">\u017b\u00f3\u0142te kartki:\u00a0Ermin Mahmic (Bo\u015bnia i Hercegowina) i Ahmed Fathy (Katar).<\/p>\n<p class=\"contentpart contentpart--default contentpart--text\" data-position=\"15\">S\u0119dzia:\u00a0Jesus Valenzuela (Wenezuela).<\/p>\n","protected":false},"excerpt":{"rendered":"Bo\u015bniacy teoretycznie wci\u0105\u017c nie s\u0105 pewni gry w fazie pucharowej mistrzostw \u015bwiata 2026. Teraz musz\u0105 znale\u017a\u0107 si\u0119 w\u015br\u00f3d&hellip;\n","protected":false},"author":2,"featured_media":515045,"comment_status":"","ping_status":"","sticky":false,"template":"","format":"standard","meta":{"footnotes":"","_share_on_mastodon":"0"},"categories":[24],"tags":[23973,3057,3037,9090,989,269,278,42,38,40,39,41,23908,13649,127,126,97570],"class_list":["post-515044","post","type-post","status-publish","format-standard","has-post-thumbnail","category-sport","tag-bosnia-i-hercegowina","tag-katar","tag-mistrzostwa-swiata","tag-mistrzostwa-swiata-2026","tag-pilka-na-swiecie","tag-pilka-nozna","tag-pilka-w-europie","tag-pl","tag-poland","tag-polish","tag-polska","tag-polski","tag-reprezentacja-bosni-i-hercegowiny","tag-reprezentacja-kataru","tag-sport","tag-sports","tag-studio-mundial"],"share_on_mastodon":{"url":"https:\/\/pubeurope.com\/@pl\/116807912311570089","error":""},"_links":{"self":[{"href":"https:\/\/www.europesays.com\/pl\/wp-json\/wp\/v2\/posts\/515044","targetHints":{"allow":["GET"]}}],"collection":[{"href":"https:\/\/www.europesays.com\/pl\/wp-json\/wp\/v2\/posts"}],"about":[{"href":"https:\/\/www.europesays.com\/pl\/wp-json\/wp\/v2\/types\/post"}],"author":[{"embeddable":true,"href":"https:\/\/www.europesays.com\/pl\/wp-json\/wp\/v2\/users\/2"}],"replies":[{"embeddable":true,"href":"https:\/\/www.europesays.com\/pl\/wp-json\/wp\/v2\/comments?post=515044"}],"version-history":[{"count":0,"href":"https:\/\/www.europesays.com\/pl\/wp-json\/wp\/v2\/posts\/515044\/revisions"}],"wp:featuredmedia":[{"embeddable":true,"href":"https:\/\/www.europesays.com\/pl\/wp-json\/wp\/v2\/media\/515045"}],"wp:attachment":[{"href":"https:\/\/www.europesays.com\/pl\/wp-json\/wp\/v2\/media?parent=515044"}],"wp:term":[{"taxonomy":"category","embeddable":true,"href":"https:\/\/www.europesays.com\/pl\/wp-json\/wp\/v2\/categories?post=515044"},{"taxonomy":"post_tag","embeddable":true,"href":"https:\/\/www.europesays.com\/pl\/wp-json\/wp\/v2\/tags?post=515044"}],"curies":[{"name":"wp","href":"https:\/\/api.w.org\/{rel}","templated":true}]}}