{"id":51505,"date":"2025-10-16T06:44:08","date_gmt":"2025-10-16T06:44:08","guid":{"rendered":"https:\/\/www.europesays.com\/pl\/51505\/"},"modified":"2025-10-16T06:44:08","modified_gmt":"2025-10-16T06:44:08","slug":"slowa-to-za-malo-tusk-przegrywa-w-starciu-z-morawieckim-sondaz-onet","status":"publish","type":"post","link":"https:\/\/www.europesays.com\/pl\/51505\/","title":{"rendered":"S\u0142owa to za ma\u0142o. Tusk przegrywa w starciu z Morawieckim [SONDA\u017b] &#8211; Onet"},"content":{"rendered":"<ol>\n<li><a href=\"https:\/\/news.google.com\/rss\/articles\/CBMixgFBVV95cUxOQXZIai1UYXVzbmlGcnBzSEktWWpFUzBiWGg2UHVfTFMzVTRKRHR0RUZuc1RmQk5lWVpnYmRUZnh5aEZJMXBHN2JMNVJycTBOX2RUN2Y4Ml9BMmM1VXM4MHhHMzRybnhwYkVJUFp1cDBqbW5Va0t6Tlc3ZTl3Tm4wT0JhWEd0amdhMnBTY2dwNndrM280bDA5T1hmMkl1UEVUR1hCU01Wd1llV1BXdllWTkMxS0RLb19zdlNaUDlCUW9iWGs4cFE?oc=5\" target=\"_blank\" rel=\"nofollow noopener\">S\u0142owa to za ma\u0142o. Tusk przegrywa w starciu z Morawieckim [SONDA\u017b]<\/a>&nbsp;&nbsp;Onet<\/li>\n<li><a href=\"https:\/\/news.google.com\/rss\/articles\/CBMiuwFBVV95cUxNdDVkOE5wRTBuZlkzcllma2liZ0hOOTNfTnBEaXZFVHNBOTlYTEZ0eUFHbXp4N1F6WFVNTk1DS2JFTVUtZmNqMHlKSUlZNUl0ekJqc3pQNWJsQ1l2WGRQd3hjRHE1VFVlYS1jSUhRZnhmSjZaUXhTQXVuQWVBdTZwTEUyUHhJOXV4c1VQdnZXR2Jwcktic2p5QjM5M1lxeF8zOUUwVVJBWnc2NDQ0N2ZFUEhQY3ZxWjlGQ0cw?oc=5\" target=\"_blank\" rel=\"nofollow noopener\">Winy Tuska. Premier prowadzi sw\u00f3j ob\u00f3z do utraty w\u0142adzy [OPINIA]<\/a>&nbsp;&nbsp;Onet Wiadomo\u015bci<\/li>\n<li><a href=\"https:\/\/news.google.com\/rss\/articles\/CBMivAFBVV95cUxNdHZLakduT0liT2Z2SjEwUjItSTQ2LUZWaTMtSWFfWmY0dG9qUHRLdW9ENjYzYzM0UVZIQmdINjdENUxVd0VxNEVpTll3Ykl6eHV1VF9ZeWJ1SVBiZ2VEZExRd3dwcDl3UHVkTEV0VWFicGlYNHZCUGtOOEVpdVlHczREWFdmR212V293amdqUVgybzF0VUstcjV0ekNFaTd4RHQxNjRMVXdzc2w1aWg2VzhLV2kwa0xtMXBiLQ?oc=5\" target=\"_blank\" rel=\"nofollow noopener\">Donald Tusk czy Mateusz Morawiecki? Kto lepiej spe\u0142nia\u0142 obietnice [SONDA\u017b]<\/a>&nbsp;&nbsp;Business Insider Polska<\/li>\n<li><a href=\"https:\/\/news.google.com\/rss\/articles\/CBMipAFBVV95cUxOLUR2QnN5TmxLNWtWck5FazlXSDlvWF9SZkRkNVFKOTlJVGxuaE45b1hKWUZ0ZmdRVGhMNTJRQkdvenNrWU4tdlg2QnNJbUlOYnpNSGJrSWxuSEpwVDNwc0dRRktxdEI1MHFPZ2VJeTA5UjZ3a2NlZkhBRGlOcWlleWVvejE3YXNMUUpHQm5yenBxM3hSb2xIb3pyTG5XVlNsS2dtbQ?oc=5\" target=\"_blank\" rel=\"nofollow noopener\">&#8222;Tusk i tak nie utrzyma w\u0142adzy&#8221; &#8211; ciesz\u0105 si\u0119 w PiS. Ale partia Kaczy\u0144skiego ma sw\u00f3j problem<\/a>&nbsp;&nbsp;Newsweek<\/li>\n<li><a href=\"https:\/\/news.google.com\/rss\/articles\/CBMihAFBVV95cUxQWlpHUVVYQzJXZmdXdUJFSy1uZEFkY3VtU3FpY05YYXBlX3ltWHYzZzd1QnNBMGswcGRvVkphd2hTNHZMeWlKZXdJSHFmc0gtcXFLbVhTaC1LdnAxcmNMc1o0NVlrX0NFWDZlMVVzQXNWUy1QaXFzR1hsZ0VhMG54WW00dVE?oc=5\" target=\"_blank\" rel=\"nofollow noopener\">Czy koalicji ci\u0105gle si\u0119 chce? [OPINIA]<\/a>&nbsp;&nbsp;WP Wiadomo\u015bci<\/li>\n<\/ol>\n","protected":false},"excerpt":{"rendered":"S\u0142owa to za ma\u0142o. Tusk przegrywa w starciu z Morawieckim [SONDA\u017b]&nbsp;&nbsp;Onet Winy Tuska. Premier prowadzi sw\u00f3j ob\u00f3z do&hellip;\n","protected":false},"author":2,"featured_media":51506,"comment_status":"","ping_status":"","sticky":false,"template":"","format":"standard","meta":{"footnotes":""},"categories":[5],"tags":[32,33,244,200,36,37,66,27,67,6122,1119,34,35,1656,28,31,53,25,52,68,51,55,42,38,40,39,41,868,47,366,1129,29,30,50,26],"class_list":{"0":"post-51505","1":"post","2":"type-post","3":"status-publish","4":"format-standard","5":"has-post-thumbnail","7":"category-naglowki","8":"tag-breaking-news","9":"tag-breakingnews","10":"tag-ctr_tst","11":"tag-donald_tusk_polityk","12":"tag-featured-news","13":"tag-featurednews","14":"tag-give_me_perspective","15":"tag-headlines","16":"tag-intextvideo_splayer","17":"tag-koalicja_15_pazdziernika","18":"tag-koalicja_obywatelska_ko","19":"tag-latest-news","20":"tag-latestnews","21":"tag-mateusz_morawiecki_polityk","22":"tag-naglowki","23":"tag-najwazniejsze-artykuly","24":"tag-new_header","25":"tag-news","26":"tag-onet3","27":"tag-onet3d","28":"tag-onet3d_2i","29":"tag-phx","30":"tag-pl","31":"tag-poland","32":"tag-polish","33":"tag-polska","34":"tag-polski","35":"tag-prawo_i_sprawiedliwosc_pis","36":"tag-screening_general","37":"tag-sondaz","38":"tag-sondaze_sondaz","39":"tag-top-stories","40":"tag-topstories","41":"tag-v2021","42":"tag-wiadomosci"},"share_on_mastodon":{"url":"","error":""},"_links":{"self":[{"href":"https:\/\/www.europesays.com\/pl\/wp-json\/wp\/v2\/posts\/51505","targetHints":{"allow":["GET"]}}],"collection":[{"href":"https:\/\/www.europesays.com\/pl\/wp-json\/wp\/v2\/posts"}],"about":[{"href":"https:\/\/www.europesays.com\/pl\/wp-json\/wp\/v2\/types\/post"}],"author":[{"embeddable":true,"href":"https:\/\/www.europesays.com\/pl\/wp-json\/wp\/v2\/users\/2"}],"replies":[{"embeddable":true,"href":"https:\/\/www.europesays.com\/pl\/wp-json\/wp\/v2\/comments?post=51505"}],"version-history":[{"count":0,"href":"https:\/\/www.europesays.com\/pl\/wp-json\/wp\/v2\/posts\/51505\/revisions"}],"wp:featuredmedia":[{"embeddable":true,"href":"https:\/\/www.europesays.com\/pl\/wp-json\/wp\/v2\/media\/51506"}],"wp:attachment":[{"href":"https:\/\/www.europesays.com\/pl\/wp-json\/wp\/v2\/media?parent=51505"}],"wp:term":[{"taxonomy":"category","embeddable":true,"href":"https:\/\/www.europesays.com\/pl\/wp-json\/wp\/v2\/categories?post=51505"},{"taxonomy":"post_tag","embeddable":true,"href":"https:\/\/www.europesays.com\/pl\/wp-json\/wp\/v2\/tags?post=51505"}],"curies":[{"name":"wp","href":"https:\/\/api.w.org\/{rel}","templated":true}]}}