{"id":515302,"date":"2026-06-25T03:58:12","date_gmt":"2026-06-25T03:58:12","guid":{"rendered":"https:\/\/www.europesays.com\/pl\/515302\/"},"modified":"2026-06-25T03:58:12","modified_gmt":"2026-06-25T03:58:12","slug":"kto-by-sie-tego-spodziewal-sensacja-sa-w-1-16-finalu","status":"publish","type":"post","link":"https:\/\/www.europesays.com\/pl\/515302\/","title":{"rendered":"Kto by si\u0119 tego spodziewa\u0142? Sensacja! S\u0105 w 1\/16 fina\u0142u!"},"content":{"rendered":"\n<p class=\"contentpart contentpart--default contentpart--text\" data-position=\"0\">Zesp\u00f3\u0142 &#8222;Bafana Bafana&#8221; po raz pierwszy w historii awansowa\u0142 do fazy pucharowej. Zdecydowa\u0142a o tym bramka Thapelo Maseko, kt\u00f3r\u0105 zdoby\u0142 w 63. minucie spotkania. We wcze\u015bniejszych trzech startach w M\u015a Republika Po\u0142udniowej Afryki odpada\u0142a z turnieju po rundzie grupowej.<\/p>\n<p class=\"contentpart contentpart--default contentpart--text\" data-position=\"1\">Korea\u0144czykom, kt\u00f3rzy mieli na koncie trzy punkty (wygrana z Czechami 2:1), w ostatnim pojedynku wystarczy\u0142by remis, by zaj\u0105\u0107 miejsce premiowane awansem do 1\/16 fina\u0142u. Azjaci zaj\u0119li trzeci\u0105 lokat\u0119 w tabeli i musz\u0105 czeka\u0107 na rozstrzygni\u0119cia w innych grupach, po kt\u00f3rych oka\u017ce si\u0119, czy znale\u017ali si\u0119 w\u015br\u00f3d o\u015bmiu najlepszych ekip z tych miejsc, kt\u00f3re r\u00f3wnie\u017c pozostan\u0105 w grze.<\/p>\n<p>  <img decoding=\"async\" src=\"https:\/\/v.wpimg.pl\/X3dwLnN2d1IFFTpdYUl6R0ZNbgcnEHQREVV2TGEGbUtRT2MdOlZ2RBQUKABgQjQcDRotCStBd1IAAWMeIlM7VgwYIAorQAdEFFk_GCkQJQ\" alt=\"\" width=\"45\" height=\"58\" loading=\"lazy\"\/>  <\/p>\n<p class=\"contentpart contentpart--default contentpart--text\" data-position=\"2\">ZOBACZ WIDEO: Przebudzenie Ronaldo. &#8222;Zamkn\u0105\u0142 usta krytykom&#8221;<\/p>\n<p class=\"contentpart contentpart--default contentpart--text\" data-position=\"4\">Mecz nie by\u0142 pasjonuj\u0105cym widowiskiem, cho\u0107 wi\u0119cej ochoty do kreowania akcji ofensywnych przejawiali pi\u0142karze RPA. Korea\u0144czycy jedynie na pocz\u0105tku spotkania powa\u017cniej zagrozili bramce rywala &#8211; w drugiej minucie Kim Minjae g\u0142ow\u0105 by\u0142 bliski otwarcia wyniku, lecz jego uderzenie obroni\u0142 obro\u0144ca Aubrey Modiba. Potem to reprezentacja RPA cz\u0119\u015bciej utrzymywa\u0142a si\u0119 przy pi\u0142ce i szuka\u0142a swoich szans. Bardzo aktywny by\u0142 Maseko, kt\u00f3ry sprawia\u0142 przeciwnikom sporo k\u0142opot\u00f3w.<\/p>\n<p class=\"contentpart contentpart--default contentpart--text\" data-position=\"5\">W 17. min Evidence Makgopy nieczysto uderzy\u0142 g\u0142ow\u0105 i pi\u0142ka poszybowa\u0142a obok s\u0142upka. Jeszcze lepsz\u0105 okazj\u0119 zmarnowa\u0142 ten sam zawodnik, gdy jego dobitka &#8211; po strzale Thalente Mbathy &#8211; trafi\u0142a w le\u017c\u0105cego bramkarza.<\/p>\n<p class=\"contentpart contentpart--default contentpart--text\" data-position=\"6\">Jedyny gol pad\u0142 w 65. minucie po akcji wprowadzonego kilkadziesi\u0105t sekund wcze\u015bniej Tshepanga Moremiego. Maseko mia\u0142 sporo czasu w polu karnym, by przyj\u0105\u0107 pi\u0142k\u0119 i dok\u0142adnie przymierzy\u0107 przy samym s\u0142upku. Korea\u0144ski golkiper Kim Seunggyu nie si\u0119gn\u0105\u0142 futbol\u00f3wki.<\/p>\n<p>  <img decoding=\"async\" src=\"https:\/\/v.wpimg.pl\/X3dwLnN2d1IFFTpdYUl6R0ZNbgcnEHQREVV2TGEGbUtRT2MdOlZ2RBQUKABgQjQcDRotCStBd1IAAWMeIlM7VgwYIAorQAdEFFk_GCkQJQ\" alt=\"\" width=\"45\" height=\"58\" loading=\"lazy\"\/>  <\/p>\n<p class=\"contentpart contentpart--default contentpart--text\" data-position=\"7\">Azjaci dopiero po stracie gola zacz\u0119li gra\u0107 intensywniej, ale defensywa &#8222;Bafana Bafana&#8221; spisywa\u0142a si\u0119 niemal bezb\u0142\u0119dnie.<\/p>\n<p class=\"contentpart contentpart--default contentpart--text\" data-position=\"8\">Pi\u0142karze RPA w 1\/16 fina\u0142u zmierz\u0105 si\u0119 z drugim zespo\u0142em grupy B &#8211; Kanad\u0105. To spotkanie odb\u0119dzie si\u0119 w niedziel\u0119 o godz. 21 w Los Angeles. (PAP)<\/p>\n<p class=\"contentpart contentpart--default contentpart--text\" data-position=\"9\"><a href=\"https:\/\/sportowefakty.wp.pl\/pilka-nozna\/rpa\" rel=\"nofollow noopener\" target=\"_blank\">Republika Po\u0142udniowej Afryki<\/a>\u00a0&#8211; <a href=\"https:\/\/sportowefakty.wp.pl\/pilka-nozna\/korea-pld\" rel=\"nofollow noopener\" target=\"_blank\">Korea Po\u0142udniowa<\/a>\u00a01:0 (0:0)<br \/>1:0 &#8211;\u00a0Thapelo Maseko 63&#8242;<\/p>\n<p class=\"contentpart contentpart--default contentpart--text\" data-position=\"10\">Sk\u0142ady:<\/p>\n<p class=\"contentpart contentpart--default contentpart--text\" data-position=\"11\">Republika Po\u0142udniowej Afryki: Ronwen Williams &#8211;\u00a0Khuliso Mudau,\u00a0Ime Okon,\u00a0Mbekezile Mbokazi,\u00a0Aubrey Modiba,\u00a0Thalente Mbatha,\u00a0Yaya Sithole,\u00a0Thapelo Maseko (75&#8242; Iqraam Rayners),\u00a0Relebohile Mofokeng (80&#8242; Jayden Adams),\u00a0Oswin Appollis (62&#8242; Tshepang Moremi),\u00a0Evidence Makgopa<\/p>\n<p>  <img decoding=\"async\" src=\"https:\/\/v.wpimg.pl\/X3dwLnN2d1IFFTpdYUl6R0ZNbgcnEHQREVV2TGEGbUtRT2MdOlZ2RBQUKABgQjQcDRotCStBd1IAAWMeIlM7VgwYIAorQAdEFFk_GCkQJQ\" alt=\"\" width=\"45\" height=\"58\" loading=\"lazy\"\/>  <\/p>\n<p class=\"contentpart contentpart--default contentpart--text\" data-position=\"12\">Korea Po\u0142udniowa: Seung-Gyu Kim &#8211;\u00a0Han-Beom Lee,\u00a0Min-Jae Kim (66&#8242; Jin-Seob Park),\u00a0Gi-Hyuk Lee,\u00a0Young-Woo Seol,\u00a0Seung-Ho Paik (46&#8242; Jin-Gyu Kim),\u00a0In-Beom Hwang,\u00a0Tae-Seok Lee (46&#8242; Jens Castrop),\u00a0Kang-In Lee,\u00a0Hee-Chan Hwang (46&#8242; Heung-Min Son),\u00a0Hyeon-Gyu Oh (74&#8242; Gue-Sung Cho)<\/p>\n<p class=\"contentpart contentpart--default contentpart--text\" data-position=\"13\">\u017b\u00f3\u0142te kartki: Aubrey Modiba (RPA) i\u00a0Gue-Sung Cho (Korea Po\u0142udniowa)<\/p>\n<p class=\"contentpart contentpart--default contentpart--text\" data-position=\"14\">S\u0119dzia: Facundo Tello (Argentyna)<\/p>\n","protected":false},"excerpt":{"rendered":"Zesp\u00f3\u0142 &#8222;Bafana Bafana&#8221; po raz pierwszy w historii awansowa\u0142 do fazy pucharowej. Zdecydowa\u0142a o tym bramka Thapelo Maseko,&hellip;\n","protected":false},"author":2,"featured_media":515303,"comment_status":"","ping_status":"","sticky":false,"template":"","format":"standard","meta":{"footnotes":"","_share_on_mastodon":"0"},"categories":[24],"tags":[965,3037,9090,989,269,42,38,40,39,41,13412,57019,3266,127,126,97570],"class_list":["post-515302","post","type-post","status-publish","format-standard","has-post-thumbnail","category-sport","tag-korea-poludniowa","tag-mistrzostwa-swiata","tag-mistrzostwa-swiata-2026","tag-pilka-na-swiecie","tag-pilka-nozna","tag-pl","tag-poland","tag-polish","tag-polska","tag-polski","tag-reprezentacja-korei-poludniowej","tag-reprezentacja-republiki-poludniowej-afryki","tag-rpa","tag-sport","tag-sports","tag-studio-mundial"],"share_on_mastodon":{"url":"https:\/\/pubeurope.com\/@pl\/116808745846429589","error":""},"_links":{"self":[{"href":"https:\/\/www.europesays.com\/pl\/wp-json\/wp\/v2\/posts\/515302","targetHints":{"allow":["GET"]}}],"collection":[{"href":"https:\/\/www.europesays.com\/pl\/wp-json\/wp\/v2\/posts"}],"about":[{"href":"https:\/\/www.europesays.com\/pl\/wp-json\/wp\/v2\/types\/post"}],"author":[{"embeddable":true,"href":"https:\/\/www.europesays.com\/pl\/wp-json\/wp\/v2\/users\/2"}],"replies":[{"embeddable":true,"href":"https:\/\/www.europesays.com\/pl\/wp-json\/wp\/v2\/comments?post=515302"}],"version-history":[{"count":0,"href":"https:\/\/www.europesays.com\/pl\/wp-json\/wp\/v2\/posts\/515302\/revisions"}],"wp:featuredmedia":[{"embeddable":true,"href":"https:\/\/www.europesays.com\/pl\/wp-json\/wp\/v2\/media\/515303"}],"wp:attachment":[{"href":"https:\/\/www.europesays.com\/pl\/wp-json\/wp\/v2\/media?parent=515302"}],"wp:term":[{"taxonomy":"category","embeddable":true,"href":"https:\/\/www.europesays.com\/pl\/wp-json\/wp\/v2\/categories?post=515302"},{"taxonomy":"post_tag","embeddable":true,"href":"https:\/\/www.europesays.com\/pl\/wp-json\/wp\/v2\/tags?post=515302"}],"curies":[{"name":"wp","href":"https:\/\/api.w.org\/{rel}","templated":true}]}}