{"id":515318,"date":"2026-06-25T04:07:08","date_gmt":"2026-06-25T04:07:08","guid":{"rendered":"https:\/\/www.europesays.com\/pl\/515318\/"},"modified":"2026-06-25T04:07:08","modified_gmt":"2026-06-25T04:07:08","slug":"podpisy-prezydenta-pod-ustawami-karol-nawrocki-ujawnia-szczegoly","status":"publish","type":"post","link":"https:\/\/www.europesays.com\/pl\/515318\/","title":{"rendered":"Podpisy prezydenta pod ustawami. Karol Nawrocki ujawnia szczeg\u00f3\u0142y"},"content":{"rendered":"<p>Jak wskaza\u0142 prezydent, podpisane zosta\u0142y nast\u0119puj\u0105ce ustawy:<\/p>\n<p>  Uproszczenia w rozliczaniu podatk\u00f3w.  Nowelizacja integruj\u0105c\u0105 interpretacje podatkowe w jednym serwisie.  Ustawa dopasowuj\u0105c\u0105 zarz\u0105dzanie kryzysowe do wsp\u00f3\u0142czesnych zagro\u017ce\u0144.  Utworzenie s\u0142u\u017cb lotniczych w Policji i Stra\u017cy Granicznej.  Powo\u0142anie Wojskowej Akademii Medycznej w \u0141odzi.  Ustawa chroni\u0105c\u0105 Polak\u00f3w przed uciszaniem krytyki w debacie publicznej.    <\/p>\n<p>&#8222;229 \u2014 ustaw podpisa\u0142em, 37 \u2014 ustaw zawetowa\u0142em. Ponad 85 proc. ustaw uzyska\u0142o moj\u0105 akceptacj\u0119. Zabieram si\u0119 do dalszych obowi\u0105zk\u00f3w i \u017cycz\u0119 wszystkim mi\u0142ego dnia&#8221; \u2014 zako\u0144czy\u0142 sw\u00f3j wpis Karol Nawrocki.<\/p>\n<p>     Prezydent podpisa\u0142 ustaw\u0119 o interpretacji przepis\u00f3w o podatkach lokalnych<\/p>\n<p>Celem nowelizacji Ordynacji podatkowej jest, by interpretacje podatkowe wydawane przez w\u00f3jt\u00f3w, burmistrz\u00f3w i prezydent\u00f3w miast, a dotycz\u0105ce podatk\u00f3w lokalnych, by\u0142y publikowane w jednej og\u00f3lnopolskiej bazie \u2014 czyli w prowadzonym przez Krajow\u0105 Administracj\u0119 Skarbow\u0105 systemie Informacji Celno-Skarbowej Eureka.<\/p>\n<p>Dzi\u0119ki temu \u2014 wed\u0142ug autor\u00f3w tej regulacji \u2014 podatnicy z ca\u0142ej Polski b\u0119d\u0105 mogli \u0142atwo sprawdzi\u0107, jak samorz\u0105dy stosuj\u0105 przepisy dotycz\u0105ce podatk\u00f3w i op\u0142at.<\/p>\n<p>Dotychczas interpretacje w sprawach podatku od nieruchomo\u015bci, podatku rolnego czy op\u0142at lokalnych by\u0142y publikowane oddzielnie w Biuletynach Informacji Publicznej poszczeg\u00f3lnych gmin. Nowe przepisy maj\u0105 wej\u015b\u0107 w \u017cycie po up\u0142ywie 3 miesi\u0119cy od dnia og\u0142oszenia.<\/p>\n","protected":false},"excerpt":{"rendered":"Jak wskaza\u0142 prezydent, podpisane zosta\u0142y nast\u0119puj\u0105ce ustawy: Uproszczenia w rozliczaniu podatk\u00f3w. Nowelizacja integruj\u0105c\u0105 interpretacje podatkowe w jednym serwisie.&hellip;\n","protected":false},"author":2,"featured_media":515319,"comment_status":"","ping_status":"","sticky":false,"template":"","format":"standard","meta":{"footnotes":"","_share_on_mastodon":"0"},"categories":[62712],"tags":[61195,690,43,49,48,46,3801,47,8206],"class_list":["post-515318","post","type-post","status-publish","format-standard","has-post-thumbnail","category-karol-nawrocki","tag-bottomfeed_styl","tag-karol-nawrocki","tag-karol_nawrocki","tag-kraj","tag-nat_styl","tag-omp","tag-podpis","tag-screening_general","tag-weto"],"share_on_mastodon":{"url":"https:\/\/pubeurope.com\/@pl\/116808780551337052","error":""},"_links":{"self":[{"href":"https:\/\/www.europesays.com\/pl\/wp-json\/wp\/v2\/posts\/515318","targetHints":{"allow":["GET"]}}],"collection":[{"href":"https:\/\/www.europesays.com\/pl\/wp-json\/wp\/v2\/posts"}],"about":[{"href":"https:\/\/www.europesays.com\/pl\/wp-json\/wp\/v2\/types\/post"}],"author":[{"embeddable":true,"href":"https:\/\/www.europesays.com\/pl\/wp-json\/wp\/v2\/users\/2"}],"replies":[{"embeddable":true,"href":"https:\/\/www.europesays.com\/pl\/wp-json\/wp\/v2\/comments?post=515318"}],"version-history":[{"count":0,"href":"https:\/\/www.europesays.com\/pl\/wp-json\/wp\/v2\/posts\/515318\/revisions"}],"wp:featuredmedia":[{"embeddable":true,"href":"https:\/\/www.europesays.com\/pl\/wp-json\/wp\/v2\/media\/515319"}],"wp:attachment":[{"href":"https:\/\/www.europesays.com\/pl\/wp-json\/wp\/v2\/media?parent=515318"}],"wp:term":[{"taxonomy":"category","embeddable":true,"href":"https:\/\/www.europesays.com\/pl\/wp-json\/wp\/v2\/categories?post=515318"},{"taxonomy":"post_tag","embeddable":true,"href":"https:\/\/www.europesays.com\/pl\/wp-json\/wp\/v2\/tags?post=515318"}],"curies":[{"name":"wp","href":"https:\/\/api.w.org\/{rel}","templated":true}]}}