{"id":515460,"date":"2026-06-25T06:02:12","date_gmt":"2026-06-25T06:02:12","guid":{"rendered":"https:\/\/www.europesays.com\/pl\/515460\/"},"modified":"2026-06-25T06:02:12","modified_gmt":"2026-06-25T06:02:12","slug":"fifa-reaguje-na-sensacyjny-awans-w-ms-2026-nie-moglo-byc-inaczej","status":"publish","type":"post","link":"https:\/\/www.europesays.com\/pl\/515460\/","title":{"rendered":"FIFA reaguje na sensacyjny awans w M\u015a 2026. Nie mog\u0142o by\u0107 inaczej"},"content":{"rendered":"<p>Po pora\u017cce z Meksykiem 0:2 i remisie z Czechami 1:1 zesp\u00f3\u0142 z Afryki zosta\u0142 okrzykni\u0119ty jedn\u0105 z najgorzej graj\u0105cych zespo\u0142\u00f3w na tym mundialu. Wielu krytykowa\u0142o tak\u017ce nowy format, dodaj\u0105c, \u017ce RPA nie powinno zagra\u0107 na tak wa\u017cnym turnieju bez gwiazd i odpowiedniej jako\u015bci. Teraz pr\u00f3\u017cno szuka\u0107 krytykant\u00f3w.<\/p>\n<p> Dalszy ci\u0105g artyku\u0142u pod materia\u0142em wideo W Polsce wschodzi\u0142o s\u0142o\u0144ce, gdy <a href=\"https:\/\/przegladsportowy.onet.pl\/pilka-nozna\/mistrzostwa-swiata-2026\/wielka-niespodzianka-na-ms-2026-w-ich-awans-nikt-nie-chcial-wierzyc\/exwq4d8\" id=\"9da8d461-dd13-4b9c-9b97-008fe381a422\" rel=\"nofollow noopener\" target=\"_blank\">RPA strzeli\u0142o jedyn\u0105 bramk\u0119 w meczu z Kore\u0105 Po\u0142udniow\u0105<\/a>. Thapelo Maseko wykorzysta\u0142 podanie Tshepang Moremiego i uton\u0105\u0142 w obj\u0119ciach koleg\u00f3w. Korea Po\u0142udniowa nie odwr\u00f3ci\u0142a los\u00f3w meczu.W takim stylu awansowali z grupy M\u015a! &#8222;Obrzydliwy futbol&#8221;<\/p>\n<p>Bafana Bafana po raz pierwszy w historii awansowa\u0142o do fazy pucharowej M\u015a i w trzecim spotkaniu wypad\u0142o zdecydowanie lepiej, ni\u017c w dw\u00f3ch poprzednich meczach. &#8222;RPA masakruje Kore\u0119 p\u00f3ki co, s\u0142abiutko wygl\u0105daj\u0105 Azjaci, drugi ju\u017c mecz z rz\u0119du&#8221; \u2014 pisa\u0142 jeszcze podczas rywalizacji Jan Piekutowski z Meczyk\u00f3w.<\/p>\n<p>&#8222;RPA, kt\u00f3re okrzykn\u0119li\u015bmy najgorsza dru\u017cyna mistrzostw, wychodzi z drugiego miejsca. Korea, kt\u00f3ra mia\u0142a by\u0107 czarnym koniem, poczeka sobie na rozstrzygni\u0119cia w innych grupach. A Czesi wci\u0105\u017c najgorsi na turnieju\u2026&#8221; \u2014 twierdzi Piotr S\u0142onka znany na X jako BuckarooBanzai.<\/p>\n<p>&#8222;Po meczu otwarcia bardziej prawdopodobne ni\u017c taki obrazek wydawa\u0142o si\u0119 chyba nawet pojednanie Andrzeja Strejlaua z Jackiem Gmochem. Mundial&#8221; \u2014 por\u00f3wnuje w swoim stylu dziennikarz Wesz\u0142o Wojciech Piela. <\/p>\n<p>&#8222;Przed meczem RPA &#8211; Korea Po\u0142udniowa. mia\u0142em o RPA z\u0142e zdanie. W meczach z Meksykiem i Czechami Bafana Bafana gra\u0142a obrzydliwy futbol. Na boisku ich zesp\u00f3\u0142 by\u0142 niezorganizowany pod ka\u017cdym wzgl\u0119dem. Mecz z Kore\u0105 jednak zmieni\u0142 wszystko. Po\u0142udniowoafryka\u0144czycy zagrali \u015bwietne spotkanie, w kt\u00f3rym pokazali si\u0119 z jak najlepszej strony. Walczyli jak lwy i zas\u0142u\u017cenie pokonali tragicznych dzi\u015b Korea\u0144czyk\u00f3w. Wygrana da\u0142a im historyczny awans do fazy pucharowej, gdzie czeka na nich Kanada. Ten mecz wydaje si\u0119 formalno\u015bci\u0105, cho\u0107 jak pokaza\u0142 ten turniej, w przypadku RPA nic nie jest pewne. W ko\u0144cu czy kto\u015b zak\u0142ada\u0142 ich wyj\u015bcie z grupy?&#8221; \u2014 analizuje dziennikarz iGol.pl Karol Tyniec.<\/p>\n<p>Tu\u017c po ko\u0144cowym gwizdku FIFA podj\u0119\u0142a jedyn\u0105 mo\u017cliw\u0105 decyzj\u0119. Bohater meczu RPA z Azjatami by\u0142 jeden. &#8222;Thapelo Maseko, pi\u0142karz meczu w rywalizacji RPA z Korea Po\u0142udniow\u0105&#8221; \u2014 cytuje decyzj\u0119 \u015bwiatowej federacji Fabrizio Romano.<\/p>\n<p>&#8222;Reprezentacja RPA po raz PIERWSZY W HISTORII awansowa\u0142a do fazy pucharowej M\u015a. <\/p>\n<ul class=\"ods-m-bullet-list\">\n<li class=\"ods-a-bullet ods-a-bullet--normal\"> 1998 &#8211; 3. miejsce (grupa C)  <\/li>\n<li class=\"ods-a-bullet ods-a-bullet--normal\"> 2002 &#8211; 3. miejsce (B)  <\/li>\n<li class=\"ods-a-bullet ods-a-bullet--normal\"> 2010 &#8211; 3. miejsce (A)  <\/li>\n<li class=\"ods-a-bullet ods-a-bullet--normal\"> 2026 &#8211; 2. miejsce (A)&#8221; \u2014 przypomina historyczne wyniki Cezary Kawecki. <\/li>\n<\/ul>\n","protected":false},"excerpt":{"rendered":"Po pora\u017cce z Meksykiem 0:2 i remisie z Czechami 1:1 zesp\u00f3\u0142 z Afryki zosta\u0142 okrzykni\u0119ty jedn\u0105 z najgorzej&hellip;\n","protected":false},"author":2,"featured_media":515461,"comment_status":"","ping_status":"","sticky":false,"template":"","format":"standard","meta":{"footnotes":"","_share_on_mastodon":"0"},"categories":[24],"tags":[61195,1285,7409,11781,48,46,948,42,38,40,39,41,3266,47,127,126,130],"class_list":["post-515460","post","type-post","status-publish","format-standard","has-post-thumbnail","category-sport","tag-bottomfeed_styl","tag-fifa","tag-mistrzostwa_swiata_2026","tag-mundial_2026","tag-nat_styl","tag-omp","tag-pilka_nozna","tag-pl","tag-poland","tag-polish","tag-polska","tag-polski","tag-rpa","tag-screening_general","tag-sport","tag-sports","tag-wiadomosci_sportowe"],"share_on_mastodon":{"url":"https:\/\/pubeurope.com\/@pl\/116809232943651391","error":""},"_links":{"self":[{"href":"https:\/\/www.europesays.com\/pl\/wp-json\/wp\/v2\/posts\/515460","targetHints":{"allow":["GET"]}}],"collection":[{"href":"https:\/\/www.europesays.com\/pl\/wp-json\/wp\/v2\/posts"}],"about":[{"href":"https:\/\/www.europesays.com\/pl\/wp-json\/wp\/v2\/types\/post"}],"author":[{"embeddable":true,"href":"https:\/\/www.europesays.com\/pl\/wp-json\/wp\/v2\/users\/2"}],"replies":[{"embeddable":true,"href":"https:\/\/www.europesays.com\/pl\/wp-json\/wp\/v2\/comments?post=515460"}],"version-history":[{"count":0,"href":"https:\/\/www.europesays.com\/pl\/wp-json\/wp\/v2\/posts\/515460\/revisions"}],"wp:featuredmedia":[{"embeddable":true,"href":"https:\/\/www.europesays.com\/pl\/wp-json\/wp\/v2\/media\/515461"}],"wp:attachment":[{"href":"https:\/\/www.europesays.com\/pl\/wp-json\/wp\/v2\/media?parent=515460"}],"wp:term":[{"taxonomy":"category","embeddable":true,"href":"https:\/\/www.europesays.com\/pl\/wp-json\/wp\/v2\/categories?post=515460"},{"taxonomy":"post_tag","embeddable":true,"href":"https:\/\/www.europesays.com\/pl\/wp-json\/wp\/v2\/tags?post=515460"}],"curies":[{"name":"wp","href":"https:\/\/api.w.org\/{rel}","templated":true}]}}