{"id":515474,"date":"2026-06-25T06:09:14","date_gmt":"2026-06-25T06:09:14","guid":{"rendered":"https:\/\/www.europesays.com\/pl\/515474\/"},"modified":"2026-06-25T06:09:14","modified_gmt":"2026-06-25T06:09:14","slug":"powinien-ja-politycznie-zabic-frustracja-biernoscia-tuska","status":"publish","type":"post","link":"https:\/\/www.europesays.com\/pl\/515474\/","title":{"rendered":"&#8222;Powinien j\u0105 politycznie zabi\u0107&#8221;. Frustracja bierno\u015bci\u0105 Tuska"},"content":{"rendered":"\n<p>&#13;<br \/>\n<a href=\"https:\/\/dorzeczy.pl\/opinie\/905416\/warzecha-szpital-poludniowy-to-symbol-upadku-calego-systemu.html\" title=\"Szpital Po\u0142udniowy to\u00a0symbol upadku ca\u0142ego systemu\" rel=\"nofollow noopener\" target=\"_blank\">Pot\u0119\u017cna skala nieprawid\u0142owo\u015bci<\/a> w\u00a0zarz\u0105dzanym przez warszawski magistrat Szpitalu Po\u0142udniowym sta\u0142a si\u0119 politycznym obci\u0105\u017ceniem dla\u00a0partii Donalda Tuska. Jak na\u00a0razie, opr\u00f3cz deprecjonowania ujawnionych fakt\u00f3w, politycy KO nie\u00a0maj\u0105 pomys\u0142u na\u00a0to, jak poradzi\u0107 sobie zarz\u0105dzaniem afer\u0105. Jak pisze Wirtualna Polska, w\u00a0partii narasta frustracja, poniewa\u017c nie\u00a0ma\u00a0ludzi, kt\u00f3rzy mogliby wyst\u0105pi\u0107 w\u00a0mediach i\u00a0pr\u00f3bowa\u0107 przedstawia\u0107 narracj\u0119 korzystn\u0105 dla\u00a0rz\u0105du. &#13;\n<\/p>\n<p>&#13;<br \/>\n\u2013 Ch\u0119tnie by\u015bmy to\u00a0zrobili, ale\u00a0przecie\u017c resort zdrowia, decyzj\u0105 premiera, odpolityczniono i\u00a0nie mamy tam swoich ludzi, kt\u00f3rzy mogliby wyj\u015b\u0107 przed kamery. Mamy pos\u0142\u00f3w zwi\u0105zanych z\u00a0obszarem zdrowia, ale\u00a0oni nie\u00a0s\u0105 na\u00a0tyle biegli i\u00a0medialnie obyci, by\u00a0to\u00a0ogarn\u0105\u0107 \u2013\u00a0m\u00f3wi jeden z\u00a0polityk\u00f3w koalicji. &#13;\n<\/p>\n<p>Koalicjanci chc\u0105 rozlicze\u0144<\/p>\n<p>&#13;<br \/>\nW KO narasta prze\u015bwiadczenie, \u017ce\u00a0naszed\u0142 czas na\u00a0twarde polityczne rozliczenia. O\u00a0ile pozycja Marcina Kierwi\u0144skiego, szefa warszawskich struktur partii i\u00a0ministra spraw wewn\u0119trznych i\u00a0administracji wydaje si\u0119 nie\u00a0by\u0107 zagro\u017cona, o\u00a0tyle minister zdrowia Jolanta Sobiera\u0144ska-Grenda jest ju\u017c politycznie spisana na\u00a0straty. &#13;\n<\/p>\n<p>&#13;<br \/>\n\u2013 Je\u015bli premiera nie\u00a0zawi\u00f3d\u0142 instynkt, to\u00a0powinien j\u0105 politycznie zabi\u0107. Bo\u00a0albo b\u0119dzie szybkie ci\u0119cie, pewnie po\u0142\u0105czone z\u00a0reform\u0105, albo b\u0119dziemy si\u0119 w\u00a0tej sprawie tapla\u0107 do\u00a0przysz\u0142orocznych wybor\u00f3w \u2013\u00a0m\u00f3wi pose\u0142 Lewicy. &#13;\n<\/p>\n<p>&#13;<br \/>\nKoalicjant\u00f3w KO frustruje niemal ca\u0142kowity brak aktywno\u015bci szefowej resortu zdrowia. Pojawi\u0142y si\u0119 nawet plotki o\u00a0tym, \u017ce\u00a0Sobiera\u0144ska-Grenda wyjecha\u0142a na\u00a0urlop. Ministerstwo szybko je\u00a0jednak zdementowa\u0142o. &#13;\n<\/p>\n<p>&#13;<br \/>\nZ\u0142o\u015b\u0107 polityk\u00f3w partii tworz\u0105cych rz\u0105d kieruje si\u0119 tak\u017ce ku\u00a0Narodowemu Funduszowi Zdrowia. Tam te\u017c mog\u0105 posypa\u0107 si\u0119 dymisje. &#13;\n<\/p>\n<p>&#13;<br \/>\n\u2013 NFZ, jak chce, to\u00a0potrafi skontrolowa\u0107 sytuacj\u0119 w\u00a0szpitalach czy\u00a0kwestie wynagrodze\u0144 lekarzy, ma\u00a0do\u00a0tego narz\u0119dzia \u2013\u00a0m\u00f3wi rozm\u00f3wca portalu. &#13;\n<\/p>\n<p>&#13;<br \/>\nCzytaj te\u017c:<br \/><a href=\"https:\/\/dorzeczy.pl\/kraj\/905923\/zandberg-kpi-z-tuska-jaka-szkoda-ze-nie-jest-premierem.html\" rel=\"follow nofollow noopener\" data-schema=\"DORZECZY\" data-image=\"https:\/\/img.dorzeczy.pl\/_thumb\/dd\/f8\/2a062a2b0b6453605d80641de7dc.jpeg\" target=\"_blank\">Zandberg kpi z\u00a0Tuska. &#8222;Jaka szkoda, \u017ce\u00a0facet nie\u00a0jest premierem!&#8221;<\/a>Czytaj te\u017c:<br \/><a href=\"https:\/\/dorzeczy.pl\/kraj\/905947\/zukowska-wbija-szpile-w-tuska-poszlo-o-jedrzejewskiego.html\" rel=\"follow nofollow noopener\" data-schema=\"DORZECZY\" data-image=\"https:\/\/img.dorzeczy.pl\/_thumb\/da\/5e\/4af02c8de7809ff07ab3374ac678.jpeg\" target=\"_blank\">\u017bukowska wbija szpil\u0119 w\u00a0Tuska. &#8222;To\u00a0b\u0119dzie zadanie s\u0105du&#8221;<\/a>&#13;<\/p>\n","protected":false},"excerpt":{"rendered":"&#13; Pot\u0119\u017cna skala nieprawid\u0142owo\u015bci w\u00a0zarz\u0105dzanym przez warszawski magistrat Szpitalu Po\u0142udniowym sta\u0142a si\u0119 politycznym obci\u0105\u017ceniem dla\u00a0partii Donalda Tuska. Jak&hellip;\n","protected":false},"author":2,"featured_media":515475,"comment_status":"","ping_status":"","sticky":false,"template":"","format":"standard","meta":{"footnotes":"","_share_on_mastodon":"0"},"categories":[62713],"tags":[11215,1345,98,3940,49,601,11341,102,5602,99],"class_list":["post-515474","post","type-post","status-publish","format-standard","has-post-thumbnail","category-donald-tusk","tag-afera","tag-donald-tusk","tag-dorzeczy","tag-ko","tag-kraj","tag-marcin-bugaj","tag-ministerstwo-zdrowia","tag-opinie","tag-szpital","tag-tusk"],"share_on_mastodon":{"url":"https:\/\/pubeurope.com\/@pl\/116809260634516380","error":""},"_links":{"self":[{"href":"https:\/\/www.europesays.com\/pl\/wp-json\/wp\/v2\/posts\/515474","targetHints":{"allow":["GET"]}}],"collection":[{"href":"https:\/\/www.europesays.com\/pl\/wp-json\/wp\/v2\/posts"}],"about":[{"href":"https:\/\/www.europesays.com\/pl\/wp-json\/wp\/v2\/types\/post"}],"author":[{"embeddable":true,"href":"https:\/\/www.europesays.com\/pl\/wp-json\/wp\/v2\/users\/2"}],"replies":[{"embeddable":true,"href":"https:\/\/www.europesays.com\/pl\/wp-json\/wp\/v2\/comments?post=515474"}],"version-history":[{"count":0,"href":"https:\/\/www.europesays.com\/pl\/wp-json\/wp\/v2\/posts\/515474\/revisions"}],"wp:featuredmedia":[{"embeddable":true,"href":"https:\/\/www.europesays.com\/pl\/wp-json\/wp\/v2\/media\/515475"}],"wp:attachment":[{"href":"https:\/\/www.europesays.com\/pl\/wp-json\/wp\/v2\/media?parent=515474"}],"wp:term":[{"taxonomy":"category","embeddable":true,"href":"https:\/\/www.europesays.com\/pl\/wp-json\/wp\/v2\/categories?post=515474"},{"taxonomy":"post_tag","embeddable":true,"href":"https:\/\/www.europesays.com\/pl\/wp-json\/wp\/v2\/tags?post=515474"}],"curies":[{"name":"wp","href":"https:\/\/api.w.org\/{rel}","templated":true}]}}