{"id":515578,"date":"2026-06-25T07:17:41","date_gmt":"2026-06-25T07:17:41","guid":{"rendered":"https:\/\/www.europesays.com\/pl\/515578\/"},"modified":"2026-06-25T07:17:41","modified_gmt":"2026-06-25T07:17:41","slug":"wstrzas-w-widzewie-lodz-trzy-kluczowe-osoby-odchodza","status":"publish","type":"post","link":"https:\/\/www.europesays.com\/pl\/515578\/","title":{"rendered":"Wstrz\u0105s w Widzewie \u0141\u00f3d\u017a. Trzy kluczowe osoby odchodz\u0105"},"content":{"rendered":"<p>W Widzewie \u0141\u00f3d\u017a opada powoli kurz po fatalnym sezonie, kt\u00f3ry o w\u0142os nie zako\u0144czy\u0142 si\u0119 sensacyjnym spadkiem z PKO Bank Polski Ekstraklasy. Przy al. Pi\u0142sudskiego na dobre trwaj\u0105 w\u0142a\u015bnie rozliczenia.<\/p>\n<p> Dalszy ci\u0105g artyku\u0142u pod materia\u0142em wideo <\/p>\n<p>Z funkcji prezesa odwo\u0142any zosta\u0142 Micha\u0142 Rydz, a w\u0142a\u015bciciel i tymczasowy prezes Robert Dobrzycki \u015bci\u0105\u0142 &#8222;g\u0142owy&#8221; kolejnych os\u00f3b, kt\u00f3re zarz\u0105dza\u0142y klubem w ostatnich miesi\u0105cach.<\/p>\n<p> Czystki w strukturach Widzewa. Dobrzycki podj\u0105\u0142 stanowcze decyzje<\/p>\n<p>Z oficjalnego komunikatu klubu dowiadujemy si\u0119, \u017ce z Widzewem rozstaj\u0105 si\u0119 Dariusz Adamczuk (pe\u0142nomocnik zarz\u0105du ds. sportu), Piotr Burlikowski (dyrektor ds. pionu sportowego) i S\u0142awomir Rafa\u0142owicz (koordynator ds. rekrutacji).<\/p>\n<p>&#8222;Wszyscy trzej do\u0142\u0105czyli do Pionu Sportowego Widzewa jesieni\u0105 2025 roku. W okresie swojej pracy uczestniczyli w dzia\u0142aniach zwi\u0105zanych z organizacj\u0105 i rozwojem obszaru sportowego, procesami rekrutacyjnymi oraz funkcjonowaniem pierwszej dru\u017cyny i struktur sportowych Klubu&#8221; \u2014 czytamy w oficjalnym komunikacie.<\/p>\n<p> \u0141ukasz Mas\u0142owski i Artur P\u0142atek do\u0142\u0105czaj\u0105 do Widzewa<\/p>\n<p>\u0141\u00f3dzki klub b\u0142yskawicznie poinformowa\u0142 natomiast o ich nast\u0119pcach. Od 10 sierpnia funkcj\u0119 dyrektora pionu sportowego obejmie \u0141ukasz Mas\u0142owski, a do klubu do\u0142\u0105cz\u0105 tak\u017ce Artur P\u0142atek i Piotr Kosiorowski. Pierwszy z nich b\u0119dzie dyrektorem sportowym, a Kosiorowski przej\u0105\u0142 funkcj\u0119 dyrektora scoutingu i rekrutacji.<\/p>\n","protected":false},"excerpt":{"rendered":"W Widzewie \u0141\u00f3d\u017a opada powoli kurz po fatalnym sezonie, kt\u00f3ry o w\u0142os nie zako\u0144czy\u0142 si\u0119 sensacyjnym spadkiem z&hellip;\n","protected":false},"author":2,"featured_media":515579,"comment_status":"","ping_status":"","sticky":false,"template":"","format":"standard","meta":{"footnotes":"","_share_on_mastodon":"0"},"categories":[51608],"tags":[61195,9097,274,3652,48,46,948,7906,42,38,40,39,41,9096,47,130,3469],"class_list":["post-515578","post","type-post","status-publish","format-standard","has-post-thumbnail","category-lodz","tag-bottomfeed_styl","tag-dariusz_adamczuk","tag-ekstraklasa","tag-lodz","tag-nat_styl","tag-omp","tag-pilka_nozna","tag-piotr_burlikowski","tag-pl","tag-poland","tag-polish","tag-polska","tag-polski","tag-robert_dobrzycki","tag-screening_general","tag-wiadomosci_sportowe","tag-widzew_lodz"],"share_on_mastodon":{"url":"https:\/\/pubeurope.com\/@pl\/116809527763975402","error":""},"_links":{"self":[{"href":"https:\/\/www.europesays.com\/pl\/wp-json\/wp\/v2\/posts\/515578","targetHints":{"allow":["GET"]}}],"collection":[{"href":"https:\/\/www.europesays.com\/pl\/wp-json\/wp\/v2\/posts"}],"about":[{"href":"https:\/\/www.europesays.com\/pl\/wp-json\/wp\/v2\/types\/post"}],"author":[{"embeddable":true,"href":"https:\/\/www.europesays.com\/pl\/wp-json\/wp\/v2\/users\/2"}],"replies":[{"embeddable":true,"href":"https:\/\/www.europesays.com\/pl\/wp-json\/wp\/v2\/comments?post=515578"}],"version-history":[{"count":0,"href":"https:\/\/www.europesays.com\/pl\/wp-json\/wp\/v2\/posts\/515578\/revisions"}],"wp:featuredmedia":[{"embeddable":true,"href":"https:\/\/www.europesays.com\/pl\/wp-json\/wp\/v2\/media\/515579"}],"wp:attachment":[{"href":"https:\/\/www.europesays.com\/pl\/wp-json\/wp\/v2\/media?parent=515578"}],"wp:term":[{"taxonomy":"category","embeddable":true,"href":"https:\/\/www.europesays.com\/pl\/wp-json\/wp\/v2\/categories?post=515578"},{"taxonomy":"post_tag","embeddable":true,"href":"https:\/\/www.europesays.com\/pl\/wp-json\/wp\/v2\/tags?post=515578"}],"curies":[{"name":"wp","href":"https:\/\/api.w.org\/{rel}","templated":true}]}}