{"id":515618,"date":"2026-06-25T07:39:09","date_gmt":"2026-06-25T07:39:09","guid":{"rendered":"https:\/\/www.europesays.com\/pl\/515618\/"},"modified":"2026-06-25T07:39:09","modified_gmt":"2026-06-25T07:39:09","slug":"zuzel-polonia-bydgoszcz-ruszyla-na-lowy-chca-transferu-oto-lista-nazwisk","status":"publish","type":"post","link":"https:\/\/www.europesays.com\/pl\/515618\/","title":{"rendered":"\u017bu\u017cel. Polonia Bydgoszcz ruszy\u0142a na \u0142owy. Chc\u0105 transferu. Oto lista nazwisk"},"content":{"rendered":"\n<p class=\"contentpart contentpart--default contentpart--text\" data-position=\"0\">Klub z Bydgoszczy jest niepokonany i mknie jak burza przez rozgrywki <a href=\"https:\/\/sportowefakty.wp.pl\/zuzel\/i-liga\" rel=\"nofollow noopener\" target=\"_blank\">Metalkas 2. Ekstraligi<\/a>. Tak naprawd\u0119 tylko kataklizm i niesamowity pech m\u00f3g\u0142by odebra\u0107 im awans do <a href=\"https:\/\/sportowefakty.wp.pl\/zuzel\/pge-ekstraliga\" rel=\"nofollow noopener\" target=\"_blank\">PGE Ekstraligi<\/a>. Prezes <a href=\"https:\/\/sportowefakty.wp.pl\/zuzel\/polonia-bydgoszcz\" rel=\"nofollow noopener\" target=\"_blank\">Abramczyk Polonii<\/a>\u00a0nie pr\u00f3\u017cnuje, wiedz\u0105c \u017ce po ewentualnym awansie musi mie\u0107 konkurencyjny zesp\u00f3\u0142, \u017ceby unikn\u0105\u0107 losu poprzednich beniamink\u00f3w, kt\u00f3rzy b\u0142yskawicznie spadli lig\u0119 ni\u017cej.<\/p>\n<p class=\"contentpart contentpart--default contentpart--text\" data-position=\"1\">Wed\u0142ug naszych informacji Jerzy Kanclerz ju\u017c w maju po finale mistrzostw Polski w Toruniu pr\u00f3bowa\u0142 nak\u0142oni\u0107 jednego z zawodnik\u00f3w, kt\u00f3rym nieoficjalnie mia\u0142 by\u0107 Piotr Pawlicki. Ten jednak odm\u00f3wi\u0142. Wcze\u015bniej fiaskiem sko\u0144czy\u0142y si\u0119 tak\u017ce negocjacje z <a href=\"https:\/\/sportowefakty.wp.pl\/zuzel\/artiom-laguta\" rel=\"nofollow noopener\" target=\"_blank\">Artiomem \u0141agut\u0105<\/a>. Mimo to prezes 7-krotnych mistrz\u00f3w Polski nie zamierza si\u0119 poddawa\u0107. &#8211;\u00a0W kr\u0119gu moich zainteresowa\u0144 jest przynajmniej sze\u015b\u0107 nazwisk &#8211; przyzna\u0142 publicznie na antenie Canal+ w programie &#8222;Kolegium \u017bu\u017clowe&#8221;.<\/p>\n<p>  <img decoding=\"async\" src=\"https:\/\/v.wpimg.pl\/X3dwLnN2d1IFFTpdYUl6R0ZNbgcnEHQREVV2TGEGbUtRT2MdOlZ2RBQUKABgQjQcDRotCStBd1IAAWMeIlM7VgwYIAorQAdEFFk_GCkQJQ\" alt=\"\" width=\"45\" height=\"58\" loading=\"lazy\"\/>  <\/p>\n<p class=\"contentpart contentpart--default contentpart--text\" data-position=\"2\">OBEJRZYJ WIDEO:\u00a0Motor zosta\u0142 brutalnie znokautowany. PRES dokona\u0142 czego\u015b wr\u0119cz niemo\u017cliwego<\/p>\n<p class=\"contentpart contentpart--default contentpart--text\" data-position=\"4\">Chodzi o <a href=\"https:\/\/sportowefakty.wp.pl\/zuzel\/max-fricke\" rel=\"nofollow noopener\" target=\"_blank\">Maxa Fricke&#8217;a<\/a>, <a href=\"https:\/\/sportowefakty.wp.pl\/zuzel\/ryan-douglas\" rel=\"nofollow noopener\" target=\"_blank\">Ryana Douglasa<\/a>, <a href=\"https:\/\/sportowefakty.wp.pl\/zuzel\/anders-thomsen\" rel=\"nofollow noopener\" target=\"_blank\">Andersa Thomsena,<\/a>\u00a0<a href=\"https:\/\/sportowefakty.wp.pl\/zuzel\/maksym-drabik\" rel=\"nofollow noopener\" target=\"_blank\">Maksyma Drabika,\u00a0<\/a><a href=\"https:\/\/sportowefakty.wp.pl\/zuzel\/jan-kvech\" rel=\"nofollow noopener\" target=\"_blank\">Jana Kvecha\u00a0<\/a>i <a href=\"https:\/\/sportowefakty.wp.pl\/zuzel\/jason-doyle\" rel=\"nofollow noopener\" target=\"_blank\">Jason Doyle&#8217;a<\/a>. Szczeg\u00f3lnie du\u017co m\u00f3wi si\u0119 o tym pierwszym Australijczyku. &#8211;\u00a0Maxowi przede wszystkim pasuje bydgoski tor, ale to jest zawodnik z takim potencja\u0142em, \u017ce dwucyfr\u00f3wki mo\u017ce zdobywa\u0107 w ka\u017cdym meczu. W ko\u0144cu wygra\u0142 rund\u0119 SGP w Manchesterze &#8211; podkre\u015bla\u0142 Kanclerz.<\/p>\n<p class=\"contentpart contentpart--default contentpart--text\" data-position=\"5\">&#8211; Natomiast dyspozycja, je\u017celi chodzi o Grudzi\u0105dz, jest taka, a nie inna. Podobnie jest z Maksymem Drabikiem, kt\u00f3remu tamtejszy tor nie le\u017cy, a na wyjazdach spisuje si\u0119 du\u017co, du\u017co lepiej. Czytam w mediach, \u017ce Fricke jest jedn\u0105 nog\u0105 w Bydgoszczy i zaprzeczam temu. Oczywi\u015bcie by\u0142y rozmowy przyk\u0142adowo w Manchesterze, ale \u017cadnych podpis\u00f3w ani deklaracji s\u0142ownych nie by\u0142o &#8211; zaznaczy\u0142 sternik.<\/p>\n<p class=\"contentpart contentpart--default contentpart--text\" data-position=\"6\">&#8211;\u00a0Perspektywicznie z dw\u00f3jki Fricke i Douglas lepszy jest Ryan, natomiast pozostaje kwestia gwarancji punktowej. Douglasa chcia\u0142oby jednak kilka klub\u00f3w i mam te\u017c orientacj\u0119, jakie dru\u017cyny dzwoni\u0105 w\u0142a\u015bnie do Ryana. Je\u017celi mia\u0142bym dzisiaj wybiera\u0107 jako Jerzy Kanclerz, sternik bydgoskiego klubu, to wybra\u0142bym Ryana Douglasa &#8211; przekaza\u0142.<\/p>\n<p>  <img decoding=\"async\" src=\"https:\/\/v.wpimg.pl\/X3dwLnN2d1IFFTpdYUl6R0ZNbgcnEHQREVV2TGEGbUtRT2MdOlZ2RBQUKABgQjQcDRotCStBd1IAAWMeIlM7VgwYIAorQAdEFFk_GCkQJQ\" alt=\"\" width=\"45\" height=\"58\" loading=\"lazy\"\/>  <\/p>\n<p class=\"contentpart contentpart--default contentpart--text\" data-position=\"7\">Prezes Polonii odni\u00f3s\u0142 si\u0119 tak\u017ce do wsp\u00f3\u0142pracy z nowym szkoleniowcem, <a href=\"https:\/\/sportowefakty.wp.pl\/zuzel\/dariusz-sledz\" rel=\"nofollow noopener\" target=\"_blank\">Dariuszem \u015aledziem<\/a>. Charakterologicznie wzgl\u0119dem swojego poprzednika, czyli <a href=\"https:\/\/sportowefakty.wp.pl\/zuzel\/tomasz-bajerski\" rel=\"nofollow noopener\" target=\"_blank\">Tomasza Bajerskiego,<\/a>\u00a0s\u0105 to dwa r\u00f3\u017cne bieguny.<\/p>\n<p class=\"contentpart contentpart--default contentpart--text\" data-position=\"8\">&#8211; Mi\u0119dzy nimi jest r\u00f3\u017cnica w charakterze. Szczeg\u00f3lnie chodzi o podej\u015bcie do junior\u00f3w. Darek jest stonowany, a Tomkowi zawsze podkre\u015bla\u0142em, \u017ce dzi\u015b nie mo\u017cna juniorom m\u00f3wi\u0107 prosto w twarz to, co on sam s\u0142ysza\u0142, kiedy by\u0142 zawodnikiem. To s\u0105 inne pokolenia i trzeba mie\u0107 r\u00f3\u017cne podej\u015bcie. Ka\u017cdy m\u0142ody cz\u0142owiek odbiera tak\u0105 wiadomo\u015b\u0107 inaczej. Stara\u0142em si\u0119 to wyt\u0142umaczy\u0107 Tomkowi natomiast Darek podchodzi do tego nieco w inny spos\u00f3b &#8211; skwitowa\u0142 swoj\u0105 wypowied\u017a.<\/p>\n","protected":false},"excerpt":{"rendered":"Klub z Bydgoszczy jest niepokonany i mknie jak burza przez rozgrywki Metalkas 2. Ekstraligi. Tak naprawd\u0119 tylko kataklizm&hellip;\n","protected":false},"author":2,"featured_media":515619,"comment_status":"","ping_status":"","sticky":false,"template":"","format":"standard","meta":{"footnotes":"","_share_on_mastodon":"0"},"categories":[51613],"tags":[883,1326,7132,3418,10063,11179,11738,3497,979,1334,42,38,40,39,41,34248,174],"class_list":["post-515618","post","type-post","status-publish","format-standard","has-post-thumbnail","category-bydgoszcz","tag-abramczyk-polonia-bydgoszcz","tag-anders-thomsen","tag-bydgoszcz","tag-jan-kvech","tag-jason-doyle","tag-jerzy-kanclerz","tag-maksym-drabik","tag-max-fricke","tag-metalkas-2-ekstraliga","tag-pge-ekstraliga","tag-pl","tag-poland","tag-polish","tag-polska","tag-polski","tag-ryan-douglas","tag-zuzel"],"share_on_mastodon":{"url":"https:\/\/pubeurope.com\/@pl\/116809615132947777","error":""},"_links":{"self":[{"href":"https:\/\/www.europesays.com\/pl\/wp-json\/wp\/v2\/posts\/515618","targetHints":{"allow":["GET"]}}],"collection":[{"href":"https:\/\/www.europesays.com\/pl\/wp-json\/wp\/v2\/posts"}],"about":[{"href":"https:\/\/www.europesays.com\/pl\/wp-json\/wp\/v2\/types\/post"}],"author":[{"embeddable":true,"href":"https:\/\/www.europesays.com\/pl\/wp-json\/wp\/v2\/users\/2"}],"replies":[{"embeddable":true,"href":"https:\/\/www.europesays.com\/pl\/wp-json\/wp\/v2\/comments?post=515618"}],"version-history":[{"count":0,"href":"https:\/\/www.europesays.com\/pl\/wp-json\/wp\/v2\/posts\/515618\/revisions"}],"wp:featuredmedia":[{"embeddable":true,"href":"https:\/\/www.europesays.com\/pl\/wp-json\/wp\/v2\/media\/515619"}],"wp:attachment":[{"href":"https:\/\/www.europesays.com\/pl\/wp-json\/wp\/v2\/media?parent=515618"}],"wp:term":[{"taxonomy":"category","embeddable":true,"href":"https:\/\/www.europesays.com\/pl\/wp-json\/wp\/v2\/categories?post=515618"},{"taxonomy":"post_tag","embeddable":true,"href":"https:\/\/www.europesays.com\/pl\/wp-json\/wp\/v2\/tags?post=515618"}],"curies":[{"name":"wp","href":"https:\/\/api.w.org\/{rel}","templated":true}]}}