{"id":516354,"date":"2026-06-25T15:24:14","date_gmt":"2026-06-25T15:24:14","guid":{"rendered":"https:\/\/www.europesays.com\/pl\/516354\/"},"modified":"2026-06-25T15:24:14","modified_gmt":"2026-06-25T15:24:14","slug":"polska-i-brazylia-zaciesniaja-wiezi-w-sektorze-lotniczym-embraer-i-wzl-2-podpisaly-porozumienie","status":"publish","type":"post","link":"https:\/\/www.europesays.com\/pl\/516354\/","title":{"rendered":"Polska i Brazylia zacie\u015bniaj\u0105 wi\u0119zi w sektorze lotniczym. Embraer i WZL-2 podpisa\u0142y porozumienie"},"content":{"rendered":"<p>   <a href=\"https:\/\/defence24.pl\/strona-autora\/michal-gorski\" target=\"_self\" class=\"article-author-block__avatar-wrap\" rel=\"nofollow noopener\"><img loading=\"lazy\" decoding=\"async\" src=\"https:\/\/www.europesays.com\/pl\/wp-content\/uploads\/2026\/06\/1782390315_31_ge4jmM8CNtrRQjsu4VAxBgw20CW2ZrOZExXw5EIH.2ban.jpg\" alt=\"\"  width=\"100\" height=\"100\" author=\"Robert Suchy\/Defence24\" caption=\"\" fullscreen=\"https:\/\/cdn.defence24.pl\/2025\/12\/03\/1920xpx\/ge4jmM8CNtrRQjsu4VAxBgw20CW2ZrOZExXw5EIH.gsgw.jpg\" class=\"img article-author-block__avatar img-avatar\"\/><\/a>  <img decoding=\"async\" src=\"https:\/\/www.europesays.com\/pl\/wp-content\/uploads\/2026\/06\/IN6l17uhdSHUL3nI2XCcg34l5fAyNef0md2hSfzm.ptpf.jpg\" alt=\"Podpisanie porozumienia Embraer oraz WZL-2\"  width=\"800\" height=\"450\" author=\"Embraer\" fetchpriority=\"high\" class=\"img image-with-caption__image\"\/><br \/>\n        Podpisanie porozumienia Embraer oraz WZL-2<br \/>\n       <br \/>Autor. Embraer<\/p>\n<p>Embraer i WZL-2 podpisuj\u0105 protok\u00f3\u0142 ustale\u0144 w celu zacie\u015bnienia wsp\u00f3\u0142pracy przemys\u0142owej w Polsce.<\/p>\n<p class=\"paragraph-module\">W Brazylii dosz\u0142o dzi\u015b do podpisania porozumienia (Memorandum of Agreement) pomi\u0119dzy Embraerem a Wojskowym Zak\u0142adami Lotniczymi nr 2. W ramach umowy obydwa podmioty zobowi\u0105za\u0142y si\u0119 do przygotowania szczeg\u00f3\u0142owych ram przysz\u0142ej wsp\u00f3\u0142pracy, kt\u00f3ra mia\u0142aby dotyczy\u0107 przebudowy samolot\u00f3w KC-390 Millennium, ich malowania zewn\u0119trznego oraz integracji system\u00f3w.<\/p>\n<p class=\"paragraph-module\">\u201eNaszym celem jest rozw\u00f3j potencja\u0142u przemys\u0142owego i serwisowego w Polsce, aby wspiera\u0107 eksploatacj\u0119 samolot\u00f3w KC-390 Millennium, przy jednoczesnym wzmacnianiu potencja\u0142u lotniczego i obronnego kraju. Wierzymy, \u017ce po\u0142\u0105czenie do\u015bwiadczenia firmy Embraer z mo\u017cliwo\u015bciami WZL-2 przyniesie wymierne korzy\u015bci dla Si\u0142 Zbrojnych RP oraz ca\u0142ego polskiego przemys\u0142u obronnego\u201d \u2013 powiedzia\u0142 Jakub Gazda, prezes zarz\u0105du Wojskowych Zak\u0142ad\u00f3w Lotniczych nr 2 S.A.<\/p>\n<p>    Wyb\u00f3r trwa  <\/p>\n<p class=\"paragraph-module\"><a href=\"https:\/\/www.embraer.com\/media-center\/en\/?mediatype=NEWS&amp;detail=26946-Embraer-and-WZL-2-Sign-Memorandum-of-Agreement-to-Advance-Industrial-Cooperation-in-Poland\" rel=\"nofollow noopener\" target=\"_blank\">Podpisanie umowy z WZL-2<\/a> to kolejny wyra\u017any sygna\u0142 ch\u0119ci wi\u0119kszego zaanga\u017cowania Embraera we wsp\u00f3\u0142prac\u0119 z polskim przemys\u0142em. Warto zauwa\u017cy\u0107, \u017ce <a href=\"https:\/\/defence24.pl\/przemysl\/kc-390-dla-polski-porozumienia-embraera-z-polskim-przemyslem-relacja\" rel=\"nofollow noopener\" target=\"_blank\">2 grudnia 2025 roku<\/a> na warszawskim lotnisku na Ok\u0119ciu dosz\u0142o do podpisania kilku wst\u0119pnych porozumie\u0144 pomi\u0119dzy naszym przemys\u0142em obronnym a wspomnianym brazylijskim producentem lotniczym. To wtedy te\u017c zaprezentowany zosta\u0142 samolot transportowy KC-390 Millennium.<\/p>\n<p class=\"paragraph-module\">Przypomnijmy, wci\u0105\u017c jest to jedna z opcji rozpatrywana przez polskie w\u0142adze w kontek\u015bcie nabycia nowych samolot\u00f3w transportowych dla Wojska Polskiego. W gronie konkurencji dla maszyny wyprodukowanej przez Embraera znajduje si\u0119 Airbus i jego <a href=\"https:\/\/defence24.pl\/strona-tagow\/a400m-atlas\" rel=\"nofollow noopener\" target=\"_blank\">A400M Atlas<\/a>, a tak\u017ce Lockheed Martin z C-130J Super Hercules.<\/p>\n","protected":false},"excerpt":{"rendered":"Podpisanie porozumienia Embraer oraz WZL-2 Autor. Embraer Embraer i WZL-2 podpisuj\u0105 protok\u00f3\u0142 ustale\u0144 w celu zacie\u015bnienia wsp\u00f3\u0142pracy przemys\u0142owej&hellip;\n","protected":false},"author":2,"featured_media":516355,"comment_status":"","ping_status":"","sticky":false,"template":"","format":"standard","meta":{"footnotes":"","_share_on_mastodon":"0"},"categories":[12],"tags":[27360,33586,100685,100684,42,38,40,39,41,17101,27361,100683],"class_list":["post-516354","post","type-post","status-publish","format-standard","has-post-thumbnail","category-polska","tag-embraer","tag-hercules","tag-kc-390-millenium","tag-memorandum-of-agreement","tag-pl","tag-poland","tag-polish","tag-polska","tag-polski","tag-porozumienie","tag-samolot-transportowy","tag-wzl-2"],"share_on_mastodon":{"url":"https:\/\/pubeurope.com\/@pl\/116811443381320036","error":""},"_links":{"self":[{"href":"https:\/\/www.europesays.com\/pl\/wp-json\/wp\/v2\/posts\/516354","targetHints":{"allow":["GET"]}}],"collection":[{"href":"https:\/\/www.europesays.com\/pl\/wp-json\/wp\/v2\/posts"}],"about":[{"href":"https:\/\/www.europesays.com\/pl\/wp-json\/wp\/v2\/types\/post"}],"author":[{"embeddable":true,"href":"https:\/\/www.europesays.com\/pl\/wp-json\/wp\/v2\/users\/2"}],"replies":[{"embeddable":true,"href":"https:\/\/www.europesays.com\/pl\/wp-json\/wp\/v2\/comments?post=516354"}],"version-history":[{"count":0,"href":"https:\/\/www.europesays.com\/pl\/wp-json\/wp\/v2\/posts\/516354\/revisions"}],"wp:featuredmedia":[{"embeddable":true,"href":"https:\/\/www.europesays.com\/pl\/wp-json\/wp\/v2\/media\/516355"}],"wp:attachment":[{"href":"https:\/\/www.europesays.com\/pl\/wp-json\/wp\/v2\/media?parent=516354"}],"wp:term":[{"taxonomy":"category","embeddable":true,"href":"https:\/\/www.europesays.com\/pl\/wp-json\/wp\/v2\/categories?post=516354"},{"taxonomy":"post_tag","embeddable":true,"href":"https:\/\/www.europesays.com\/pl\/wp-json\/wp\/v2\/tags?post=516354"}],"curies":[{"name":"wp","href":"https:\/\/api.w.org\/{rel}","templated":true}]}}