{"id":516622,"date":"2026-06-25T18:10:10","date_gmt":"2026-06-25T18:10:10","guid":{"rendered":"https:\/\/www.europesays.com\/pl\/516622\/"},"modified":"2026-06-25T18:10:10","modified_gmt":"2026-06-25T18:10:10","slug":"awaria-rozjazdow-na-kolei-ogromne-opoznienia-pociagow-we-wroclawiu","status":"publish","type":"post","link":"https:\/\/www.europesays.com\/pl\/516622\/","title":{"rendered":"Awaria rozjazd\u00f3w na kolei. Ogromne op\u00f3\u017anienia poci\u0105g\u00f3w we Wroc\u0142awiu"},"content":{"rendered":"\n<p>                <a target=\"_blank\" href=\"http:\/\/www.wykop.pl\/dodaj\/link\/?url=https%3A%2F%2Fwww.radiowroclaw.pl%2Farticles%2Fview%2F161805%2FAwaria-rozjazdow-na-kolei-Ogromne-opoznienia-pociagow-we-Wroclawiu&amp;title=Awaria+rozjazd%C3%B3w+na+kolei.+Ogromne+op%C3%B3%C5%BAnienia+poci%C4%85g%C3%B3w+we+Wroc%C5%82awiu&amp;desc=Na+stacji+Wroc%C5%82aw+G%C5%82%C3%B3wny+dosz%C5%82o+do+awari+rozjazd%C3%B3w.+Wi%C4%99kszo%C5%9B%C4%87+poci%C4%85g%C3%B3w+jad%C4%85cych+do+Wroc%C5%82awia%2C+jak+i+tych+wyje%C5%BCd%C5%BCaj%C4%85cych+z+miasta+doznaje+sporych+op%C3%B3%C5%BAnie%C5%84.+\" rel=\"nofollow noopener\"><img decoding=\"async\" alt=\"Dodaj do Wykop.pl\" src=\"https:\/\/www.radiowroclaw.pl\/nlayout\/layout\/wykop-social.svg\"\/><\/a><\/p>\n<p>    <img decoding=\"async\" src=\"https:\/\/www.europesays.com\/pl\/wp-content\/uploads\/2026\/06\/QEm5ttl7h3.jpg\" class=\"w-100\" alt=\"Awaria rozjazd\u00f3w na kolei. Ogromne op\u00f3\u017anienia poci\u0105g\u00f3w we Wroc\u0142awiu - Awaria na kolei i ogormne utrudnienia na wielu liniach\"\/>Awaria na kolei i ogormne utrudnienia na wielu liniach<\/p>\n<p>\/fot. RW<\/p>\n<p>Na stacji Wroc\u0142aw G\u0142\u00f3wny dosz\u0142o do awari rozjazd\u00f3w. Wi\u0119kszo\u015b\u0107 poci\u0105g\u00f3w jad\u0105cych do Wroc\u0142awia, jak i tych wyje\u017cd\u017caj\u0105cych z miasta doznaje sporych op\u00f3\u017anie\u0144. <\/p>\n<p style=\"text-align: justify;\">Przewo\u017anicy informuj\u0105, \u017ce w\u00a0zwi\u0105zku z prognozowanym przez IMGW wyst\u0105pieniem wysokich temperatur oraz burz mog\u0105 wyst\u0105pi\u0107 utrudnienia i op\u00f3\u017anienia w kursowaniu poci\u0105g\u00f3w.<\/p>\n<p style=\"text-align: justify;\">Wiele po\u0142\u0105cze\u0144 Kolei Dolno\u015bl\u0105skich zalicza du\u017ce op\u00f3\u017anienia.\u00a0<a href=\"https:\/\/kolejedolnoslaskie.pl\/stan-linii\/#stan-linii\" rel=\"nofollow noopener\" target=\"_blank\">Komunikaty mo\u017cna \u015bledzi\u0107 tutaj.<\/a> Poni\u017cej przedstawiamy list\u0119 po\u0142\u0105cze\u0144, na kt\u00f3re wp\u0142yn\u0119\u0142a awaria:<\/p>\n<p>&#13;<br \/>\nWroc\u0142aw &#8211; Legnica &#8211; Boles\u0142awiec &#8211; Luba\u0144&#13;<br \/>\nWroc\u0142aw &#8211; Legnica &#8211; Zgorzelec &#8211; G\u00f6rlitz&#13;<br \/>\nWroc\u0142aw &#8211; Legnica &#8211; Lubin &#8211; G\u0142og\u00f3w&#13;<br \/>\nWroc\u0142aw &#8211; \u015acinawa &#8211; G\u0142og\u00f3w &#8211; Nowa S\u00f3l &#8211; Zielona G\u00f3ra&#13;<br \/>\nWroc\u0142aw &#8211; Sob\u00f3tka &#8211; \u015awidnica&#13;<br \/>\nWroc\u0142aw &#8211; Wa\u0142brzych &#8211; Jelenia G\u00f3ra &#8211; Szklarska Por\u0119ba G\u00f3rna&#13;<br \/>\nSzklarska Por\u0119ba &#8211; Harrachov &#8211; Liberec&#13;<br \/>\nWroc\u0142aw &#8211; Trzebnica&#13;<\/p>\n<p style=\"text-align: justify;\"><a href=\"https:\/\/portalpasazera.pl\/WynikiWyszukiwania\/ZnajdzPociag?sid=R0FQU0tJzxPQxbRtIaxhdcQyV7AVqSAwJbGvjp9oJQWcTrOs22scc2B1PbrfVmboecXMhu6mdYiYStJnc67N1o4UJaYH3kDxbaz6GfmuB2MvszB75gogYukscc2S\" rel=\"nofollow noopener\" target=\"_blank\">Po\u0142\u0105czenia obs\u0142ugiwane przez PKP Intercity r\u00f3wnie\u017c zosta\u0142y op\u00f3\u017anione.<\/a><\/p>\n<p>        <a name=\"Comments\"\/><br \/>\n    \ufeff<\/p>\n<p>\t\t\t\t<a name=\"Comments\"\/><\/p>\n<p>\t\t\t\t\tDodaj\u0105c komentarz do artyku\u0142u akceptujesz<br \/>\n\t\t\t\t\t<a class=\"fw-bold\" href=\"https:\/\/www.radiowroclaw.pl\/articles\/view\/97405\" title=\"regulamin strony\" rel=\"nofollow noopener\" target=\"_blank\">regulamin strony<\/a>.<br \/>\n\t\t\t\t\tRadio Wroc\u0142aw nie odpowiada za tre\u015b\u0107 komentarzy.<\/p>\n","protected":false},"excerpt":{"rendered":"Awaria na kolei i ogormne utrudnienia na wielu liniach \/fot. RW Na stacji Wroc\u0142aw G\u0142\u00f3wny dosz\u0142o do awari&hellip;\n","protected":false},"author":2,"featured_media":516623,"comment_status":"","ping_status":"","sticky":false,"template":"","format":"standard","meta":{"footnotes":"","_share_on_mastodon":"0"},"categories":[51607],"tags":[4657,80733,34720,58659,9138,42,79830,38,40,39,41,100728,55110,1853,55111],"class_list":["post-516622","post","type-post","status-publish","format-standard","has-post-thumbnail","category-wroclaw","tag-awaria","tag-kolei","tag-na","tag-ogromne","tag-opoznienia","tag-pl","tag-pociagow","tag-poland","tag-polish","tag-polska","tag-polski","tag-rozjazdow","tag-we","tag-wroclaw","tag-wroclawiu"],"share_on_mastodon":{"url":"https:\/\/pubeurope.com\/@pl\/116812095602981284","error":""},"_links":{"self":[{"href":"https:\/\/www.europesays.com\/pl\/wp-json\/wp\/v2\/posts\/516622","targetHints":{"allow":["GET"]}}],"collection":[{"href":"https:\/\/www.europesays.com\/pl\/wp-json\/wp\/v2\/posts"}],"about":[{"href":"https:\/\/www.europesays.com\/pl\/wp-json\/wp\/v2\/types\/post"}],"author":[{"embeddable":true,"href":"https:\/\/www.europesays.com\/pl\/wp-json\/wp\/v2\/users\/2"}],"replies":[{"embeddable":true,"href":"https:\/\/www.europesays.com\/pl\/wp-json\/wp\/v2\/comments?post=516622"}],"version-history":[{"count":0,"href":"https:\/\/www.europesays.com\/pl\/wp-json\/wp\/v2\/posts\/516622\/revisions"}],"wp:featuredmedia":[{"embeddable":true,"href":"https:\/\/www.europesays.com\/pl\/wp-json\/wp\/v2\/media\/516623"}],"wp:attachment":[{"href":"https:\/\/www.europesays.com\/pl\/wp-json\/wp\/v2\/media?parent=516622"}],"wp:term":[{"taxonomy":"category","embeddable":true,"href":"https:\/\/www.europesays.com\/pl\/wp-json\/wp\/v2\/categories?post=516622"},{"taxonomy":"post_tag","embeddable":true,"href":"https:\/\/www.europesays.com\/pl\/wp-json\/wp\/v2\/tags?post=516622"}],"curies":[{"name":"wp","href":"https:\/\/api.w.org\/{rel}","templated":true}]}}