{"id":516802,"date":"2026-06-25T20:09:17","date_gmt":"2026-06-25T20:09:17","guid":{"rendered":"https:\/\/www.europesays.com\/pl\/516802\/"},"modified":"2026-06-25T20:09:17","modified_gmt":"2026-06-25T20:09:17","slug":"lwow-oszukal-polska-firme-mer-sadowy-chce-pozwac-kaczynskiego","status":"publish","type":"post","link":"https:\/\/www.europesays.com\/pl\/516802\/","title":{"rendered":"Lw\u00f3w oszuka\u0142 polsk\u0105 firm\u0119? Mer Sadowy chce pozwa\u0107 Kaczy\u0144skiego"},"content":{"rendered":"\n<p>&#13;<br \/>\nW czwartek (25 czerwca) w\u00a0Gda\u0144sku rozpocz\u0119\u0142a si\u0119 dwudniowa Konferencja na\u00a0rzecz Odbudowy Ukrainy (URC 2026) z\u00a0udzia\u0142em m.in. premiera Donalda Tuska i\u00a0premier Ukrainy Julii Swyrydenko. &#13;\n<\/p>\n<p>&#13;<br \/>\nJaros\u0142aw Kaczy\u0144ski by\u0142 pytany podczas spotkania z\u00a0dziennikarzami w\u00a0siedzibie partii, czy\u00a0PiS trzyma kciuki za\u00a0konferencj\u0119 w\u00a0Gda\u0144sku i\u00a0za polskie firmy, kt\u00f3re maj\u0105 podpisywa\u0107 kontrakty na\u00a0odbudow\u0119 Ukrainy. \u2013\u00a0Na\u00a0tej konferencji jest mer Lwowa (Andrij Sadowy \u2013\u00a0red.) \u2013\u00a0ju\u017c niezale\u017cnie od\u00a0tego, \u017ce\u00a0banderowiec oczywisty, to\u00a0jeszcze do\u00a0tego cz\u0142owiek, kt\u00f3ry <a href=\"https:\/\/dorzeczy.pl\/opinie\/906022\/usiadek-ostro-o-merze-lwowa-oszukal-firme-przyjechal-do-gdanska.html\" rel=\"nofollow noopener\" target=\"_blank\">nie p\u0142aci polskiej firmie za\u00a0wykonan\u0105 ju\u017c prac\u0119<\/a>. Sama jego obecno\u015b\u0107 jest wi\u0119c demonstracj\u0105 ze\u00a0strony Ukrainy, jak to\u00a0ma z\u00a0Polsk\u0105 wygl\u0105da\u0107, i\u00a0tutaj nie\u00a0warto mie\u0107 z\u0142udze\u0144 \u2013\u00a0stwierdzi\u0142 prezes PiS. &#13;\n<\/p>\n<p>&#8222;Nie ma\u00a0mnie w\u00a0Gda\u0144sku&#8221;<\/p>\n<p>&#13;<br \/>\nSadowy odpowiedzia\u0142 Kaczy\u0144skiemu. &#8222;Dzisiaj lider polskiej partii opozycyjnej Prawo i\u00a0Sprawiedliwo\u015b\u0107 Jaros\u0142aw Kaczy\u0144ski wspomnia\u0142 mnie w\u00a0swoim o\u015bwiadczeniu dotycz\u0105cym Konferencji ds. Odbudowy Ukrainy w\u00a0Gda\u0144sku. Polityka oburzy\u0142o moje rzekome uczestnictwo w\u00a0URC2026. Jest tylko jeden problem \u2014\u00a0dzisiaj mnie w\u00a0Gda\u0144sku nie\u00a0ma. Pracuj\u0119 ju\u017c w\u00a0D\u00fcsseldorfie, gdzie jutro wraz z\u00a0merem miasta podpiszemy umow\u0119 o\u00a0przyst\u0105pieniu D\u00fcsseldorfu do\u00a0sieci UNBROKEN Cities. Kolejne europejskie miasto stanie si\u0119 partnerem Lwowa w\u00a0wspieraniu Ukrainy i\u00a0rozwijaniu projekt\u00f3w rehabilitacyjnych&#8221; \u2013 przekaza\u0142.  &#13;\n<\/p>\n<p>&#13;<br \/>\n&#8222;Jednocze\u015bnie chc\u0119 szczerze podzi\u0119kowa\u0107 Polsce i\u00a0Gda\u0144sku za\u00a0organizacj\u0119 konferencji. Jednocze\u015bnie chcia\u0142bym szczerze podzi\u0119kowa\u0107 Polsce i\u00a0Gda\u0144skowi za\u00a0organizacj\u0119 konferencji. Dzie\u0144 wcze\u015bniej Lw\u00f3w zorganizowa\u0142 osobne wydarzenie Lviv Resilience Day, podczas kt\u00f3rego wsp\u00f3lnie z\u00a0partnerami z\u00a0ca\u0142ej Europy podpisali\u015bmy sze\u015b\u0107 nowych porozumie\u0144 i\u00a0pozyskali\u015bmy ponad 2,5 mln euro wsparcia dla\u00a0naszego miasta. Podkre\u015blam: na\u00a0oficjalnych wydarzeniach konferencji rzeczywi\u015bcie mnie nie\u00a0ma&#8221; \u2013\u00a0pisze mer Lwowa. &#13;\n<\/p>\n<p>Sadowy zapowiada pozew <\/p>\n<p>&#13;<br \/>\n&#8222;I\u00a0jeszcze jedno. Pan Kaczy\u0144ski twierdzi, \u017ce\u00a0Lw\u00f3w, a\u00a0nawet ja osobi\u015bcie, nie\u00a0rozliczyli\u015bmy si\u0119 z\u00a0polsk\u0105 firm\u0105. Chodzi o\u00a0wykonawc\u0119, kt\u00f3ry ostatecznie nie\u00a0zdo\u0142a\u0142 wybudowa\u0107 zak\u0142adu przetwarzania odpad\u00f3w. W\u0142a\u015bnie z\u00a0powodu niewywi\u0105zania si\u0119 z\u00a0zobowi\u0105za\u0144 miasto zosta\u0142o zmuszone do\u00a0rozwi\u0105zania umowy. Za\u00a0wszystkie faktycznie wykonane prace firma otrzyma\u0142a ponad 30 mln euro. Za\u00a0prace, kt\u00f3re nie\u00a0zosta\u0142y wykonane, Lw\u00f3w nie\u00a0zap\u0142aci\u0142. Nie\u00a0ma\u00a0w\u00a0tym nic niezwyk\u0142ego \u2013\u00a0w\u0142a\u015bnie tak dzia\u0142aj\u0105 umowy. Dlatego za\u00a0tego rodzaju bezpodstawne oskar\u017cenia najwy\u017cszy czas skierowa\u0107 spraw\u0119 do\u00a0s\u0105du. Mimo to\u00a0dzi\u0119kuj\u0119 wszystkim polskim przyjacio\u0142om, kt\u00f3rzy pomimo politycznego szumu nadal wspieraj\u0105 Ukrain\u0119 i\u00a0Lw\u00f3w&#8221; \u2013\u00a0zako\u0144czy\u0142 Andrij Sadowy. &#13;\n<\/p>\n<p>&#13;<br \/>\nCzytaj te\u017c:<br \/><a href=\"https:\/\/dorzeczy.pl\/kraj\/906226\/bosak-ostrzega-przed-merem-lwowa-uwaga-oszust.html\" rel=\"follow nofollow noopener\" data-schema=\"DORZECZY\" data-image=\"https:\/\/img.dorzeczy.pl\/_thumb\/17\/20\/6e77effcf4718ca695a0a0921b0b.jpeg\" target=\"_blank\">&#8222;Uwaga, oszust!&#8221;. Bosak ostrzega przed merem Lwowa<\/a>Czytaj te\u017c:<br \/><a href=\"https:\/\/dorzeczy.pl\/ekonomia\/906295\/jest-list-intencyjny-pge-orlen-enea-i-tauron-maja-brac-udzial-w-odbudowie-ukrainy.html\" rel=\"follow nofollow noopener\" data-schema=\"DORZECZY\" data-image=\"https:\/\/img.dorzeczy.pl\/_thumb\/2e\/ec\/3bc7d1ba1a0c0ce7ea59fa962cea.jpeg\" target=\"_blank\">PGE, Orlen, Enea i\u00a0Tauron maj\u0105 bra\u0107 udzia\u0142 w\u00a0odbudowie Ukrainy<\/a>&#13;<\/p>\n","protected":false},"excerpt":{"rendered":"&#13; W czwartek (25 czerwca) w\u00a0Gda\u0144sku rozpocz\u0119\u0142a si\u0119 dwudniowa Konferencja na\u00a0rzecz Odbudowy Ukrainy (URC 2026) z\u00a0udzia\u0142em m.in. premiera&hellip;\n","protected":false},"author":2,"featured_media":516803,"comment_status":"","ping_status":"","sticky":false,"template":"","format":"standard","meta":{"footnotes":"","_share_on_mastodon":"0"},"categories":[12],"tags":[98,1048,4110,49,9665,103,42,38,40,39,41,89232,80],"class_list":["post-516802","post","type-post","status-publish","format-standard","has-post-thumbnail","category-polska","tag-dorzeczy","tag-gdansk","tag-kaczynski","tag-kraj","tag-lwow","tag-obserwator-mediow","tag-pl","tag-poland","tag-polish","tag-polska","tag-polski","tag-sadowy","tag-swiat"],"share_on_mastodon":{"url":"https:\/\/pubeurope.com\/@pl\/116812563487066847","error":""},"_links":{"self":[{"href":"https:\/\/www.europesays.com\/pl\/wp-json\/wp\/v2\/posts\/516802","targetHints":{"allow":["GET"]}}],"collection":[{"href":"https:\/\/www.europesays.com\/pl\/wp-json\/wp\/v2\/posts"}],"about":[{"href":"https:\/\/www.europesays.com\/pl\/wp-json\/wp\/v2\/types\/post"}],"author":[{"embeddable":true,"href":"https:\/\/www.europesays.com\/pl\/wp-json\/wp\/v2\/users\/2"}],"replies":[{"embeddable":true,"href":"https:\/\/www.europesays.com\/pl\/wp-json\/wp\/v2\/comments?post=516802"}],"version-history":[{"count":0,"href":"https:\/\/www.europesays.com\/pl\/wp-json\/wp\/v2\/posts\/516802\/revisions"}],"wp:featuredmedia":[{"embeddable":true,"href":"https:\/\/www.europesays.com\/pl\/wp-json\/wp\/v2\/media\/516803"}],"wp:attachment":[{"href":"https:\/\/www.europesays.com\/pl\/wp-json\/wp\/v2\/media?parent=516802"}],"wp:term":[{"taxonomy":"category","embeddable":true,"href":"https:\/\/www.europesays.com\/pl\/wp-json\/wp\/v2\/categories?post=516802"},{"taxonomy":"post_tag","embeddable":true,"href":"https:\/\/www.europesays.com\/pl\/wp-json\/wp\/v2\/tags?post=516802"}],"curies":[{"name":"wp","href":"https:\/\/api.w.org\/{rel}","templated":true}]}}