{"id":516875,"date":"2026-06-25T21:04:12","date_gmt":"2026-06-25T21:04:12","guid":{"rendered":"https:\/\/www.europesays.com\/pl\/516875\/"},"modified":"2026-06-25T21:04:12","modified_gmt":"2026-06-25T21:04:12","slug":"stefan-dolaczyl-do-szlaku-lubelskich-koziolkow-nowa-rzezba-stanela-przy-al-pilsudskiego","status":"publish","type":"post","link":"https:\/\/www.europesays.com\/pl\/516875\/","title":{"rendered":"Stefan do\u0142\u0105czy\u0142 do Szlaku Lubelskich Kozio\u0142k\u00f3w. Nowa rze\u017aba stan\u0119\u0142a przy al. Pi\u0142sudskiego"},"content":{"rendered":"<p>Lublin wzbogaci\u0142 si\u0119 o kolejn\u0105 wyj\u0105tkow\u0105 figurk\u0119. Przy al. Pi\u0142sudskiego 1A uroczy\u015bcie ods\u0142oni\u0119to Kozio\u0142ka Stefana, kt\u00f3ry do\u0142\u0105czy\u0142 do stale rozwijaj\u0105cego si\u0119 Szlaku Lubelskiego Kozio\u0142ka. Nowa rze\u017aba jest symbolem uznania dla \u015brodowiska ksi\u0119gowych, finansist\u00f3w i wszystkich os\u00f3b, kt\u00f3re ka\u017cdego dnia dbaj\u0105 o porz\u0105dek w \u015bwiecie liczb i finans\u00f3w.<\/p>\n<p>Kozio\u0142ek Stefan powsta\u0142 z okazji jubileuszu 120-lecia Stowarzyszenia Ksi\u0119gowych w Polsce. Figurka stanowi wyraz wdzi\u0119czno\u015bci dla pokole\u0144 ksi\u0119gowych, kt\u00f3rzy swoj\u0105 wiedz\u0105, odpowiedzialno\u015bci\u0105 i rzetelno\u015bci\u0105 od lat wspieraj\u0105 rozw\u00f3j przedsi\u0119biorstw, instytucji oraz ca\u0142ej gospodarki.<\/p>\n<p>Imi\u0119 nowego bohatera szlaku nie jest przypadkowe. Upami\u0119tnia ono Stefana Czerwi\u0144skiego \u2013 wieloletniego prezesa lubelskiego oddzia\u0142u Stowarzyszenia Ksi\u0119gowych w Polsce, osob\u0119 szczeg\u00f3lnie zas\u0142u\u017con\u0105 dla \u015brodowiska ksi\u0119gowych w regionie.<\/p>\n<p>\u2013 Jeste\u015bmy dumni, \u017ce kolejny Kozio\u0142ek wzbogaci\u0142 przestrze\u0144 naszego miasta i do\u0142\u0105czy\u0142 do wyj\u0105tkowego szlaku opowiadaj\u0105cego historie ludzi, zawod\u00f3w oraz miejsc zwi\u0105zanych z Lublinem \u2013 podkre\u015blaj\u0105 organizatorzy.<\/p>\n<p>Szlak Lubelskich Kozio\u0142k\u00f3w, rozwijany przez Fundacj\u0119 Lubelskie Kozio\u0142ki, z roku na rok staje si\u0119 jedn\u0105 z najbardziej charakterystycznych inicjatyw miejskich. Ka\u017cda z rze\u017ab posiada w\u0142asn\u0105 histori\u0119 i nawi\u0105zuje do wa\u017cnych os\u00f3b, instytucji, zawod\u00f3w czy wydarze\u0144 zwi\u0105zanych z Lublinem. Dzi\u0119ki temu spacer po mie\u015bcie staje si\u0119 nie tylko form\u0105 rekreacji, ale tak\u017ce niezwyk\u0142\u0105 lekcj\u0105 lokalnej historii i to\u017csamo\u015bci.<\/p>\n<p>Kolejne figurki pojawiaj\u0105ce si\u0119 w r\u00f3\u017cnych cz\u0119\u015bciach miasta zach\u0119caj\u0105 mieszka\u0144c\u00f3w i turyst\u00f3w do odkrywania mniej znanych miejsc oraz poznawania ludzi, kt\u00f3rzy na przestrzeni lat wsp\u00f3\u0142tworzyli charakter Lublina. Szlak staje si\u0119 coraz popularniejsz\u0105 atrakcj\u0105 turystyczn\u0105 i doskona\u0142ym pomys\u0142em na rodzinny spacer.<\/p>\n<p>Warto wyruszy\u0107 \u015bladem lubelskich kozio\u0142k\u00f3w i samodzielnie odkrywa\u0107 ich historie. Ka\u017cda figurka jest inna, a ka\u017cda opowiada w\u0142asn\u0105 opowie\u015b\u0107 o mie\u015bcie i jego mieszka\u0144cach. Do\u0142\u0105czenie Kozio\u0142ka Stefana do tego grona to kolejny krok w rozwoju inicjatywy, kt\u00f3ra \u0142\u0105czy edukacj\u0119, kultur\u0119 i promocj\u0119 lokalnego dziedzictwa.<\/p>\n<p>Kozio\u0142ek Stefan od dzi\u015b czeka na odwiedzaj\u0105cych przy al. Pi\u0142sudskiego 1A, zapraszaj\u0105c do dalszego poznawania niezwyk\u0142ego Szlaku Lubelskich Kozio\u0142k\u00f3w.<\/p>\n<p><img aria-describedby=\"caption-attachment-515977\" loading=\"lazy\" decoding=\"async\" src=\"https:\/\/www.europesays.com\/pl\/wp-content\/uploads\/2026\/06\/142u29-640x853.jpg\" alt=\"Stefan do\u0142\u0105czy\u0142 do Szlaku Lubelskich Kozio\u0142k\u00f3w. Nowa rze\u017aba stan\u0119\u0142a przy al. Pi\u0142sudskiego\" width=\"375\" height=\"500\" class=\"size-medium wp-image-515977\"  \/><\/p>\n<p id=\"caption-attachment-515977\" class=\"wp-caption-text\">fot. Lubelskie Kozio\u0142ki<\/p>\n<p><img aria-describedby=\"caption-attachment-515975\" loading=\"lazy\" decoding=\"async\" src=\"https:\/\/www.europesays.com\/pl\/wp-content\/uploads\/2026\/06\/142u31-640x853.jpg\" alt=\"Stefan do\u0142\u0105czy\u0142 do Szlaku Lubelskich Kozio\u0142k\u00f3w. Nowa rze\u017aba stan\u0119\u0142a przy al. Pi\u0142sudskiego\" width=\"375\" height=\"500\" class=\"size-medium wp-image-515975\"  \/><\/p>\n<p id=\"caption-attachment-515975\" class=\"wp-caption-text\">fot. Lubelskie Kozio\u0142ki<\/p>\n<p><img aria-describedby=\"caption-attachment-515978\" loading=\"lazy\" decoding=\"async\" src=\"https:\/\/www.europesays.com\/pl\/wp-content\/uploads\/2026\/06\/142u28-640x853.jpg\" alt=\"Stefan do\u0142\u0105czy\u0142 do Szlaku Lubelskich Kozio\u0142k\u00f3w. Nowa rze\u017aba stan\u0119\u0142a przy al. Pi\u0142sudskiego\" width=\"375\" height=\"500\" class=\"size-medium wp-image-515978\"  \/><\/p>\n<p id=\"caption-attachment-515978\" class=\"wp-caption-text\">fot. Lubelskie Kozio\u0142ki<\/p>\n","protected":false},"excerpt":{"rendered":"Lublin wzbogaci\u0142 si\u0119 o kolejn\u0105 wyj\u0105tkow\u0105 figurk\u0119. Przy al. Pi\u0142sudskiego 1A uroczy\u015bcie ods\u0142oni\u0119to Kozio\u0142ka Stefana, kt\u00f3ry do\u0142\u0105czy\u0142 do&hellip;\n","protected":false},"author":2,"featured_media":516876,"comment_status":"","ping_status":"","sticky":false,"template":"","format":"standard","meta":{"footnotes":"","_share_on_mastodon":"0"},"categories":[51612],"tags":[89199,1081,42,38,40,39,41,1552,100754],"class_list":["post-516875","post","type-post","status-publish","format-standard","has-post-thumbnail","category-lublin","tag-lubelskie-koziolki","tag-lublin","tag-pl","tag-poland","tag-polish","tag-polska","tag-polski","tag-stefan","tag-szlak-lubelskiego-koziolka"],"share_on_mastodon":{"url":"https:\/\/pubeurope.com\/@pl\/116812780609231109","error":""},"_links":{"self":[{"href":"https:\/\/www.europesays.com\/pl\/wp-json\/wp\/v2\/posts\/516875","targetHints":{"allow":["GET"]}}],"collection":[{"href":"https:\/\/www.europesays.com\/pl\/wp-json\/wp\/v2\/posts"}],"about":[{"href":"https:\/\/www.europesays.com\/pl\/wp-json\/wp\/v2\/types\/post"}],"author":[{"embeddable":true,"href":"https:\/\/www.europesays.com\/pl\/wp-json\/wp\/v2\/users\/2"}],"replies":[{"embeddable":true,"href":"https:\/\/www.europesays.com\/pl\/wp-json\/wp\/v2\/comments?post=516875"}],"version-history":[{"count":0,"href":"https:\/\/www.europesays.com\/pl\/wp-json\/wp\/v2\/posts\/516875\/revisions"}],"wp:featuredmedia":[{"embeddable":true,"href":"https:\/\/www.europesays.com\/pl\/wp-json\/wp\/v2\/media\/516876"}],"wp:attachment":[{"href":"https:\/\/www.europesays.com\/pl\/wp-json\/wp\/v2\/media?parent=516875"}],"wp:term":[{"taxonomy":"category","embeddable":true,"href":"https:\/\/www.europesays.com\/pl\/wp-json\/wp\/v2\/categories?post=516875"},{"taxonomy":"post_tag","embeddable":true,"href":"https:\/\/www.europesays.com\/pl\/wp-json\/wp\/v2\/tags?post=516875"}],"curies":[{"name":"wp","href":"https:\/\/api.w.org\/{rel}","templated":true}]}}