{"id":516879,"date":"2026-06-25T21:06:10","date_gmt":"2026-06-25T21:06:10","guid":{"rendered":"https:\/\/www.europesays.com\/pl\/516879\/"},"modified":"2026-06-25T21:06:10","modified_gmt":"2026-06-25T21:06:10","slug":"potracenie-rowerzysty-na-plk-dabka-w-gdyni","status":"publish","type":"post","link":"https:\/\/www.europesays.com\/pl\/516879\/","title":{"rendered":"Potr\u0105cenie rowerzysty na P\u0142k D\u0105bka w Gdyni"},"content":{"rendered":"<p>            <a href=\"https:\/\/s-trojmiasto.pl\/zdj\/c\/n\/9\/4356\/1533x0\/4356647-Do-potracenia-doszlo-na-Plk-Dabka-w-Gdyni-przed-wiaduktem-w-kierunku-Szperka__c_3_799_1533_950.webp\" target=\"_blank\" data-slide-name=\"847193\" data-lightbox-target=\"photo full\" data-sub-html=\"&lt;h4&gt;Do potr\u0105cenia dosz\u0142o na P\u0142k D\u0105bka w Gdyni przed wiaduktem w kierunku Szperka.&lt;\/h4&gt;&lt;p&gt;galeria Trojmiasto.pl&lt;\/p&gt;&#010;\" class=\"photoMarker__link\" data-filter-brightness=\"brightness--100\" rel=\"nofollow noopener\"><\/p>\n<p>    <img decoding=\"async\" style=\"height:464px; aspect-ratio: 1.61368\/1; filter:brightness(1);\" alt=\"Do potr\u0105cenia dosz\u0142o na P\u0142k D\u0105bka w Gdyni przed wiaduktem w kierunku Szperka.\" src=\"https:\/\/www.europesays.com\/pl\/wp-content\/uploads\/2026\/06\/4356647-Do-potracenia-doszlo-na-Plk-Dabka-w-Gdyni-przed-wiaduktem-w-kierunku-Szperka__c_3_799_1533_9.webp\" class=\"photoMarker__img \" data-slider=\"img\" fetchpriority=\"high\"\/><\/p>\n<p>            <\/a><\/p>\n<p class=\"lead\">88-letni kieruj\u0105cy Citroenem mia\u0142 nie ust\u0105pi\u0107 pierwsze\u0144stwa 50-letniemu rowerzy\u015bcie, kt\u00f3ry znajdowa\u0142 si\u0119 na przeje\u017adzie dla rower\u00f3w na ul. <a data-tklik=\"425462\" href=\"https:\/\/mapa.trojmiasto.pl\/#\/location\/-251.4,-364.5\/map\/-253.3,-363.02,5,o\" onclick=\"openMap(this.href); return false;\" target=\"_blank\" title=\"zobacz na mapie Gdyni\" rel=\"nofollow noopener\">P\u0142k D\u0105bka<img decoding=\"async\" class=\"icon-map\" src=\"https:\/\/www.trojmiasto.pl\/_img\/svg\/ico-map-flat.svg\" alt=\"Mapka\"\/><\/a> w\u00a0Gdyni, potr\u0105caj\u0105c go i\u00a0powoduj\u0105c upadek oraz obra\u017cenia. Rowerzysta trafi\u0142 do szpitala.<\/p>\n<p>O wypadku poinformowali nas czytelnicy w\u00a0Raporcie z\u00a0Tr\u00f3jmiasta.<\/p>\n<p>                <a href=\"https:\/\/www.trojmiasto.pl\/raport\/Potracenie-rowerzysty-na-Plk-Dabka-rt479064.html\" rel=\"nofollow noopener\" target=\"_blank\">Raport: Potr\u0105cenie rowerzysty na P\u0142k D\u0105bka<\/a><\/p>\n<p>\n                                            Potr\u0105cenie rowerzysty przed mostkiem do szperka.\n                                    <\/p>\n<p>\n                                            Potr\u0105cenie rowerzysty przed mostkiem do szperka.\n                                    <\/p>\n<\/p>\n<p>                                tak, zawsze uwa\u017cam na siebie<br \/>\n                                16%<\/p>\n<p>                                nie, czuj\u0119 si\u0119 zagro\u017cony\/a<br \/>\n                                42%<\/p>\n<p>                                czasami, zale\u017cy od trasy<br \/>\n                                42%<\/p>\n<p>Policjanci otrzymali zg\u0142oszenie w\u00a0czwartek, ok. godz. 19:20.<\/p>\n<p>&#8211; Ze wst\u0119pnych ustale\u0144 policjant\u00f3w wynika, \u017ce 88-letni kieruj\u0105cy Citroenem nie ust\u0105pi\u0142 pierwsze\u0144stwa 50-letniemu rowerzy\u015bcie, kt\u00f3ry znajdowa\u0142 si\u0119 na przeje\u017adzie dla rower\u00f3w. M\u0119\u017cczy\u017ani byli trze\u017awi &#8211; m\u00f3wi post. Aleksandra Olszewska z\u00a0Komendy Miejskiej Policji w\u00a0Gdyni.<\/p>\n<p>                                    <a data-tklik=\"82433\" href=\"https:\/\/katalog.trojmiasto.pl\/sport_i_rekreacja\/sklepy_i_serwisy_rowerowe\/\" rel=\"nofollow noopener\" target=\"_blank\"><br \/>\n                                                    Katalog.trojmiasto.pl \u2013<br \/>\n                                                                    Sklep rowerowe<br \/>\n                                                                    <\/a><\/p>\n<p>                <a data-tklik=\"82433\" href=\"https:\/\/katalog.trojmiasto.pl\/sport_i_rekreacja\/sklepy_i_serwisy_rowerowe\/\" rel=\"nofollow noopener\" target=\"_blank\"><br \/>\n                    wi\u0119cej<\/p>\n<p>                <\/a><\/p>\n<p>Rowerzysta zosta\u0142 przewieziony do szpitala.<\/p>\n<p>Policjanci wyja\u015bniaj\u0105 szczeg\u00f3\u0142owe okoliczno\u015bci i\u00a0przyczyny zdarzenia.\n                <\/p>\n","protected":false},"excerpt":{"rendered":"88-letni kieruj\u0105cy Citroenem mia\u0142 nie ust\u0105pi\u0107 pierwsze\u0144stwa 50-letniemu rowerzy\u015bcie, kt\u00f3ry znajdowa\u0142 si\u0119 na przeje\u017adzie dla rower\u00f3w na ul.&hellip;\n","protected":false},"author":2,"featured_media":516880,"comment_status":"","ping_status":"","sticky":false,"template":"","format":"standard","meta":{"footnotes":"","_share_on_mastodon":"0"},"categories":[51610],"tags":[6311,1048,1064,75774,53666,70515,42,100755,38,40,39,41,8021,10317,23859,19167,1063,5602,6889],"class_list":["post-516879","post","type-post","status-publish","format-standard","has-post-thumbnail","category-gdansk","tag-citroen","tag-gdansk","tag-gdynia","tag-kierujacy","tag-obrazenie","tag-pierwszenstwo","tag-pl","tag-plk-dabek","tag-poland","tag-polish","tag-polska","tag-polski","tag-potracenie","tag-przejazd","tag-rower","tag-rowerzysta","tag-sopot","tag-szpital","tag-upadek"],"share_on_mastodon":{"url":"https:\/\/pubeurope.com\/@pl\/116812788428877581","error":""},"_links":{"self":[{"href":"https:\/\/www.europesays.com\/pl\/wp-json\/wp\/v2\/posts\/516879","targetHints":{"allow":["GET"]}}],"collection":[{"href":"https:\/\/www.europesays.com\/pl\/wp-json\/wp\/v2\/posts"}],"about":[{"href":"https:\/\/www.europesays.com\/pl\/wp-json\/wp\/v2\/types\/post"}],"author":[{"embeddable":true,"href":"https:\/\/www.europesays.com\/pl\/wp-json\/wp\/v2\/users\/2"}],"replies":[{"embeddable":true,"href":"https:\/\/www.europesays.com\/pl\/wp-json\/wp\/v2\/comments?post=516879"}],"version-history":[{"count":0,"href":"https:\/\/www.europesays.com\/pl\/wp-json\/wp\/v2\/posts\/516879\/revisions"}],"wp:featuredmedia":[{"embeddable":true,"href":"https:\/\/www.europesays.com\/pl\/wp-json\/wp\/v2\/media\/516880"}],"wp:attachment":[{"href":"https:\/\/www.europesays.com\/pl\/wp-json\/wp\/v2\/media?parent=516879"}],"wp:term":[{"taxonomy":"category","embeddable":true,"href":"https:\/\/www.europesays.com\/pl\/wp-json\/wp\/v2\/categories?post=516879"},{"taxonomy":"post_tag","embeddable":true,"href":"https:\/\/www.europesays.com\/pl\/wp-json\/wp\/v2\/tags?post=516879"}],"curies":[{"name":"wp","href":"https:\/\/api.w.org\/{rel}","templated":true}]}}